{"id":60621,"date":"2025-10-22T12:43:48","date_gmt":"2025-10-22T15:43:48","guid":{"rendered":"https:\/\/radiorevelacionfm.cl\/?p=60621"},"modified":"2025-10-22T12:43:48","modified_gmt":"2025-10-22T15:43:48","slug":"enfermedades-respiratorias-en-ninos-atenciones-en-urgencia-pediatrica-marcan-peak-historico","status":"publish","type":"post","link":"https:\/\/radiorevelacionfm.cl\/?p=60621","title":{"rendered":"Enfermedades respiratorias en ni\u00f1os: Atenciones en Urgencia Pedi\u00e1trica marcan peak hist\u00f3rico"},"content":{"rendered":"<div class=\"flex_column av_one_full  flex_column_div av-zero-column-padding first  avia-builder-el-0  el_before_av_one_full  avia-builder-el-first  \" style='border-radius:0px; '><div  class='avia-image-container  av-styling-    avia-builder-el-1  avia-builder-el-no-sibling  avia-align-center '  itemprop=\"image\" itemscope=\"itemscope\" itemtype=\"https:\/\/schema.org\/ImageObject\"  ><div class='avia-image-container-inner'><div class='avia-image-overlay-wrap'><img decoding=\"async\" class='wp-image-60622 avia-img-lazy-loading-not-60622 avia_image' src=\"https:\/\/radiorevelacionfm.cl\/wp-content\/uploads\/2025\/10\/Urgencia-Pediatrica-1-2-1.jpg\" alt='' title='Urgencia Pediatrica (1) (2) (1)' height=\"600\" width=\"881\"  itemprop=\"thumbnailUrl\" srcset=\"https:\/\/radiorevelacionfm.cl\/wp-content\/uploads\/2025\/10\/Urgencia-Pediatrica-1-2-1.jpg 881w, https:\/\/radiorevelacionfm.cl\/wp-content\/uploads\/2025\/10\/Urgencia-Pediatrica-1-2-1-300x204.jpg 300w, https:\/\/radiorevelacionfm.cl\/wp-content\/uploads\/2025\/10\/Urgencia-Pediatrica-1-2-1-768x523.jpg 768w, https:\/\/radiorevelacionfm.cl\/wp-content\/uploads\/2025\/10\/Urgencia-Pediatrica-1-2-1-705x480.jpg 705w, https:\/\/radiorevelacionfm.cl\/wp-content\/uploads\/2025\/10\/Urgencia-Pediatrica-1-2-1-450x306.jpg 450w, https:\/\/radiorevelacionfm.cl\/wp-content\/uploads\/2025\/10\/Urgencia-Pediatrica-1-2-1-600x409.jpg 600w\" sizes=\"(max-width: 881px) 100vw, 881px\" \/><\/div><\/div><\/div><\/div><div class=\"flex_column av_one_full  flex_column_div av-zero-column-padding first  avia-builder-el-2  el_after_av_one_full  el_before_av_one_full  column-top-margin\" style='border-radius:0px; '><section class=\"av_textblock_section \"  itemscope=\"itemscope\" itemtype=\"https:\/\/schema.org\/BlogPosting\" itemprop=\"blogPost\" ><div class='avia_textblock  '   itemprop=\"text\" ><p style=\"text-align: center;\"><span style=\"font-size: 18pt;\"><strong>Enfermedades respiratorias en ni\u00f1os: Atenciones en Urgencia Pedi\u00e1trica marcan peak hist\u00f3rico<\/strong><\/span><\/p>\n<div id=\"gtx-trans\" style=\"position: absolute; left: -50px; top: 4.31534px;\">\n<div class=\"gtx-trans-icon\"><\/div>\n<\/div>\n<\/div><\/section><\/div><div class=\"flex_column av_one_full  flex_column_div av-zero-column-padding first  avia-builder-el-4  el_after_av_one_full  el_before_av_hr  column-top-margin\" style='border-radius:0px; '><section class=\"av_textblock_section \"  itemscope=\"itemscope\" itemtype=\"https:\/\/schema.org\/BlogPosting\" itemprop=\"blogPost\" ><div class='avia_textblock  '   itemprop=\"text\" ><p style=\"text-align: justify;\"><em>En las \u00faltimas semanas, las atenciones por causa respiratoria superan el 60% del total de consultas en la \u00fanica urgencia pedi\u00e1trica de la regi\u00f3n, que durante el mes de octubre ha promediado alrededor de 120 atenciones diarias. <\/em><\/p>\n<p style=\"text-align: justify;\">Un fen\u00f3meno poco usual es el que se est\u00e1 viviendo durante el mes de octubre en la regi\u00f3n, donde las atenciones por virus respiratorios han tenido un aumento significativo, sobre todo en lo que respecta a las atenciones de ni\u00f1os y ni\u00f1as, principalmente entre 1 y 4 a\u00f1os.<\/p>\n<p style=\"text-align: justify;\">Seg\u00fan los datos del Subdepartamento de Epidemiolog\u00eda del Hospital Regional Coyhaique, durante el mes de octubre se han alcanzado peak hist\u00f3ricos en la Urgencia Pedi\u00e1trica del establecimiento, superando las 120 consultas diarias. En efecto, durante la semana reci\u00e9n pasada, se contabiliz\u00f3 un total de 846 atenciones, de las cuales 512 (61%) corresponden a consultas respiratorias.<\/p>\n<p style=\"text-align: justify;\">\u201cEstamos pasando por una situaci\u00f3n bastante compleja en la Urgencia Pedi\u00e1trica y la Urgencia Adulto, en el contexto de la circulaci\u00f3n viral comunitaria de influenza A, parainfluenza y rinovirus principalmente, detectando un aumento en la consulta respiratoria, lo que nos tensiona como hospital\u201d, se\u00f1al\u00f3 el epidemi\u00f3logo del HRC, Dr. Gustavo Catrilef.<\/p>\n<p style=\"text-align: justify;\">Seg\u00fan explica el profesional, si bien una parte importante de estas consultas no son de gravedad, s\u00ed es necesario tomar las medidas de resguardo y autocuidado, haciendo un buen uso del \u00fanico dispositivo de emergencia hospitalaria infantil existente en la regi\u00f3n de Ays\u00e9n.<\/p>\n<p style=\"text-align: justify;\">\u201cEs normal que despu\u00e9s de Fiestas Patrias aumente el n\u00famero de consultas respiratorias, es lo que ha pasado despu\u00e9s de la pandemia. Sin embargo, este incremento ha sido considerable, no lo ve\u00edamos desde el invierno del a\u00f1o 2023, y las circunstancias epidemiol\u00f3gicas han ido cambiando\u201d, sostuvo el Dr. Catrilef.<\/p>\n<p style=\"text-align: justify;\">Por su parte, el Dr. Claudio Salas, jefe de la Urgencia Pedi\u00e1trica del HRC, enfatiz\u00f3 que para evitar la exposici\u00f3n prolongada en la sala de espera de ni\u00f1os y ni\u00f1as con cuadros respiratorios iniciales o de menor gravedad, sin dificultad respiratoria o sin fiebre por m\u00e1s de 3 d\u00edas, se debe hacer uso de otros dispositivos de atenci\u00f3n de la Red Asistencial, tales como el SAPU y el portal <a href=\"https:\/\/telesalud.gob.cl\/\">telesalud.gob.cl\/<\/a>, a trav\u00e9s del cual se puede solicitar atenci\u00f3n remota o presencial, adem\u00e1s de la emisi\u00f3n de certificados m\u00e9dicos, entre otras prestaciones de gran utilidad para las familias.<\/p>\n<p style=\"text-align: justify;\">\u201cPara aquellos que requieran alg\u00fan tipo de documento para presentar en el colegio, los invitamos a no exponerse a una espera prolongada o al riesgo de contagio por un tr\u00e1mite administrativo. Existe la opci\u00f3n de Telesalud, solo basta estar inscrito en alguno de nuestros consultorios. Tenemos herramientas y alternativas para no necesariamente acudir a la urgencia cuando no es necesario, evitando el riesgo y las aglomeraciones que est\u00e1n ocurriendo en este per\u00edodo de alta consulta\u201d, destac\u00f3 el jefe de la Urgencia Pedi\u00e1trica del HRC.<\/p>\n<p style=\"text-align: justify;\">El especialista hizo hincapi\u00e9 en que las unidades de emergencia hospitalaria est\u00e1n enfocadas en la atenci\u00f3n de pacientes graves, lo que en el marco de las infecciones respiratorias, se traduce en \u201cpacientes con m\u00e1s de 3 d\u00edas de fiebre, dificultad respiratoria evidente, hundimiento de costillas, aleteo nasal, coloraci\u00f3n azulada de labios o decaimiento importante de qui\u00e9n consulta. Esos son motivos para venir a la Urgencia Pedi\u00e1trica. Para todo lo dem\u00e1s, muchas veces es m\u00e1s expedito pedir una hora por Telesalud o acudir a los centros de atenci\u00f3n primaria\u201d.<\/p>\n<\/div><\/section><\/div><div  style='height:50px' class='hr hr-invisible   avia-builder-el-6  el_after_av_one_full  el_before_av_social_share '><span class='hr-inner ' ><span class='hr-inner-style'><\/span><\/span><\/div><\/p>\n<div  class='av-social-sharing-box  avia-builder-el-7  el_after_av_hr  el_before_av_hr  '><div class='av-share-box'><h5 class='av-share-link-description av-no-toc '>Compartir esta noticia<\/h5><ul class='av-share-box-list noLightbox'><li class='av-share-link av-social-link-facebook' ><a target=\"_blank\" aria-label=\"Compartir en Facebook\" href='https:\/\/www.facebook.com\/sharer.php?u=https:\/\/radiorevelacionfm.cl\/?p=60621&#038;t=Enfermedades%20respiratorias%20en%20ni%C3%B1os%3A%20Atenciones%20en%20Urgencia%20Pedi%C3%A1trica%20marcan%20peak%20hist%C3%B3rico' aria-hidden='false' data-av_icon='\ue8f3' data-av_iconfont='entypo-fontello' title='' data-avia-related-tooltip='Compartir en Facebook' rel=\"noopener\"><span class='avia_hidden_link_text'>Compartir en Facebook<\/span><\/a><\/li><li class='av-share-link av-social-link-twitter' ><a target=\"_blank\" aria-label=\"Compartir en Twitter\" href='https:\/\/twitter.com\/share?text=Enfermedades%20respiratorias%20en%20ni%C3%B1os%3A%20Atenciones%20en%20Urgencia%20Pedi%C3%A1trica%20marcan%20peak%20hist%C3%B3rico&#038;url=https:\/\/radiorevelacionfm.cl\/?p=60621' aria-hidden='false' data-av_icon='\ue8f1' data-av_iconfont='entypo-fontello' title='' data-avia-related-tooltip='Compartir en Twitter' rel=\"noopener\"><span class='avia_hidden_link_text'>Compartir en Twitter<\/span><\/a><\/li><li class='av-share-link av-social-link-whatsapp' ><a target=\"_blank\" aria-label=\"Compartir en Whatsapp\" href='https:\/\/api.whatsapp.com\/send?text=https:\/\/radiorevelacionfm.cl\/?p=60621' aria-hidden='false' data-av_icon='\uf232' data-av_iconfont='entypo-fontello' title='' data-avia-related-tooltip='Compartir en Whatsapp' rel=\"noopener\"><span class='avia_hidden_link_text'>Compartir en Whatsapp<\/span><\/a><\/li><li class='av-share-link av-social-link-linkedin' ><a target=\"_blank\" aria-label=\"Compartir en LinkedIn\" href='https:\/\/linkedin.com\/shareArticle?mini=true&#038;title=Enfermedades%20respiratorias%20en%20ni%C3%B1os%3A%20Atenciones%20en%20Urgencia%20Pedi%C3%A1trica%20marcan%20peak%20hist%C3%B3rico&#038;url=https:\/\/radiorevelacionfm.cl\/?p=60621' aria-hidden='false' data-av_icon='\ue8fc' data-av_iconfont='entypo-fontello' title='' data-avia-related-tooltip='Compartir en LinkedIn' rel=\"noopener\"><span class='avia_hidden_link_text'>Compartir en LinkedIn<\/span><\/a><\/li><li class='av-share-link av-social-link-mail' ><a  aria-label=\"Compartir por correo\" href='mailto:?subject=Enfermedades%20respiratorias%20en%20ni%C3%B1os%3A%20Atenciones%20en%20Urgencia%20Pedi%C3%A1trica%20marcan%20peak%20hist%C3%B3rico&#038;body=https:\/\/radiorevelacionfm.cl\/?p=60621' aria-hidden='false' data-av_icon='\ue805' data-av_iconfont='entypo-fontello' title='' data-avia-related-tooltip='Compartir por correo'><span class='avia_hidden_link_text'>Compartir por correo<\/span><\/a><\/li><\/ul><\/div><\/div>\n<div  style='height:50px' class='hr hr-invisible   avia-builder-el-8  el_after_av_social_share  el_before_av_comments_list '><span class='hr-inner ' ><span class='hr-inner-style'><\/span><\/span><\/div>\n<div  class='av-buildercomment  av-blog-meta-html-info-disabled av-blog-meta-tag-disabled  '><\/div>\n","protected":false},"excerpt":{"rendered":"","protected":false},"author":1,"featured_media":60622,"comment_status":"closed","ping_status":"closed","sticky":false,"template":"","format":"standard","meta":{"footnotes":""},"categories":[46],"tags":[],"class_list":["post-60621","post","type-post","status-publish","format-standard","has-post-thumbnail","hentry","category-salud"],"jetpack_featured_media_url":"https:\/\/radiorevelacionfm.cl\/wp-content\/uploads\/2025\/10\/Urgencia-Pediatrica-1-2-1.jpg","_links":{"self":[{"href":"https:\/\/radiorevelacionfm.cl\/index.php?rest_route=\/wp\/v2\/posts\/60621","targetHints":{"allow":["GET"]}}],"collection":[{"href":"https:\/\/radiorevelacionfm.cl\/index.php?rest_route=\/wp\/v2\/posts"}],"about":[{"href":"https:\/\/radiorevelacionfm.cl\/index.php?rest_route=\/wp\/v2\/types\/post"}],"author":[{"embeddable":true,"href":"https:\/\/radiorevelacionfm.cl\/index.php?rest_route=\/wp\/v2\/users\/1"}],"replies":[{"embeddable":true,"href":"https:\/\/radiorevelacionfm.cl\/index.php?rest_route=%2Fwp%2Fv2%2Fcomments&post=60621"}],"version-history":[{"count":2,"href":"https:\/\/radiorevelacionfm.cl\/index.php?rest_route=\/wp\/v2\/posts\/60621\/revisions"}],"predecessor-version":[{"id":60624,"href":"https:\/\/radiorevelacionfm.cl\/index.php?rest_route=\/wp\/v2\/posts\/60621\/revisions\/60624"}],"wp:featuredmedia":[{"embeddable":true,"href":"https:\/\/radiorevelacionfm.cl\/index.php?rest_route=\/wp\/v2\/media\/60622"}],"wp:attachment":[{"href":"https:\/\/radiorevelacionfm.cl\/index.php?rest_route=%2Fwp%2Fv2%2Fmedia&parent=60621"}],"wp:term":[{"taxonomy":"category","embeddable":true,"href":"https:\/\/radiorevelacionfm.cl\/index.php?rest_route=%2Fwp%2Fv2%2Fcategories&post=60621"},{"taxonomy":"post_tag","embeddable":true,"href":"https:\/\/radiorevelacionfm.cl\/index.php?rest_route=%2Fwp%2Fv2%2Ftags&post=60621"}],"curies":[{"name":"wp","href":"https:\/\/api.w.org\/{rel}","templated":true}]}}