{"id":60615,"date":"2025-10-22T10:18:41","date_gmt":"2025-10-22T13:18:41","guid":{"rendered":"https:\/\/radiorevelacionfm.cl\/?p=60615"},"modified":"2025-10-22T10:18:41","modified_gmt":"2025-10-22T13:18:41","slug":"con-gran-convocatoria-se-realizo-seminario-genero-y-ciudad-organizado-por-la-u-catolica-y-la-seremi-de-vivienda","status":"publish","type":"post","link":"https:\/\/radiorevelacionfm.cl\/?p=60615","title":{"rendered":"Con gran convocatoria se realiz\u00f3 seminario \u201cG\u00e9nero y Ciudad\u201d organizado por la U. Cat\u00f3lica y la Seremi de Vivienda"},"content":{"rendered":"<div class=\"flex_column av_one_full  flex_column_div av-zero-column-padding first  avia-builder-el-0  el_before_av_one_full  avia-builder-el-first  \" style='border-radius:0px; '><div  class='avia-image-container  av-styling-    avia-builder-el-1  avia-builder-el-no-sibling  avia-align-center '  itemprop=\"image\" itemscope=\"itemscope\" itemtype=\"https:\/\/schema.org\/ImageObject\"  ><div class='avia-image-container-inner'><div class='avia-image-overlay-wrap'><img decoding=\"async\" class='wp-image-60617 avia-img-lazy-loading-not-60617 avia_image' src=\"https:\/\/radiorevelacionfm.cl\/wp-content\/uploads\/2025\/10\/participantes-seminario-genero-y-ciudad-minvu-uc-1_optimized.jpeg\" alt='' title='participantes-seminario-g\u00e9nero-y-ciudad-minvu---uc-(1)_optimized' height=\"600\" width=\"933\"  itemprop=\"thumbnailUrl\" srcset=\"https:\/\/radiorevelacionfm.cl\/wp-content\/uploads\/2025\/10\/participantes-seminario-genero-y-ciudad-minvu-uc-1_optimized.jpeg 933w, https:\/\/radiorevelacionfm.cl\/wp-content\/uploads\/2025\/10\/participantes-seminario-genero-y-ciudad-minvu-uc-1_optimized-300x193.jpeg 300w, https:\/\/radiorevelacionfm.cl\/wp-content\/uploads\/2025\/10\/participantes-seminario-genero-y-ciudad-minvu-uc-1_optimized-768x494.jpeg 768w, https:\/\/radiorevelacionfm.cl\/wp-content\/uploads\/2025\/10\/participantes-seminario-genero-y-ciudad-minvu-uc-1_optimized-705x453.jpeg 705w, https:\/\/radiorevelacionfm.cl\/wp-content\/uploads\/2025\/10\/participantes-seminario-genero-y-ciudad-minvu-uc-1_optimized-450x289.jpeg 450w, https:\/\/radiorevelacionfm.cl\/wp-content\/uploads\/2025\/10\/participantes-seminario-genero-y-ciudad-minvu-uc-1_optimized-600x386.jpeg 600w\" sizes=\"(max-width: 933px) 100vw, 933px\" \/><\/div><\/div><\/div><\/div><div class=\"flex_column av_one_full  flex_column_div av-zero-column-padding first  avia-builder-el-2  el_after_av_one_full  el_before_av_one_full  column-top-margin\" style='border-radius:0px; '><section class=\"av_textblock_section \"  itemscope=\"itemscope\" itemtype=\"https:\/\/schema.org\/BlogPosting\" itemprop=\"blogPost\" ><div class='avia_textblock  '   itemprop=\"text\" ><p style=\"text-align: center;\"><strong><span style=\"font-size: 18pt;\">Con gran convocatoria se realiz\u00f3 seminario \u201cG\u00e9nero y Ciudad\u201d organizado por la U. Cat\u00f3lica y la Seremi de Vivienda<\/span><\/strong><\/p>\n<div id=\"gtx-trans\" style=\"position: absolute; left: -50px; top: 4.31534px;\">\n<div class=\"gtx-trans-icon\"><\/div>\n<\/div>\n<\/div><\/section><\/div><div class=\"flex_column av_one_full  flex_column_div av-zero-column-padding first  avia-builder-el-4  el_after_av_one_full  el_before_av_hr  column-top-margin\" style='border-radius:0px; '><section class=\"av_textblock_section \"  itemscope=\"itemscope\" itemtype=\"https:\/\/schema.org\/BlogPosting\" itemprop=\"blogPost\" ><div class='avia_textblock  '   itemprop=\"text\" ><p style=\"text-align: justify;\">Con la entusiasta participaci\u00f3n de representantes del mundo p\u00fablico y privado se desarroll\u00f3 la semana pasada en Coyhaique el Seminario \u201cGenero y Ciudad\u201d, actividad que tuvo como objetivo abrir espacios de di\u00e1logo y de informaci\u00f3n respecto de la necesidad de implementar las pol\u00edticas de g\u00e9nero en el dise\u00f1o y ejecuci\u00f3n de los programas y proyectos urbanos y habitacionales que impulsa el Ministerio de Vivienda en la regi\u00f3n y en todo el pa\u00eds.<\/p>\n<p style=\"text-align: justify;\">La actividad fue organizada por la Secretar\u00eda Regional Ministerial de Vivienda y Urbanismo de la Regi\u00f3n de Ays\u00e9n con apoyo de la Pontifica Universidad Cat\u00f3lica de Chile. En ese contexto se cont\u00f3 con la participaci\u00f3n del Director de la escuela de arquitectura de dicha casa de estudios superiores, Osvaldo Moreno; la destacada docente, acad\u00e9mica e investigadora Elke Schlak y la asesora de genero de la Subsecretar\u00eda de Vivienda, Maritza Villalobos, quienes expusieron sobre el trabajo, los avances y los desaf\u00edos que presenta la incorporaci\u00f3n del tema g\u00e9nero en el desarrollo de nuestros centros urbanos y rurales.<\/p>\n<p style=\"text-align: justify;\">La Seremi de Vivienda, Paulina Ruz, valor\u00f3 la alta convocatoria lograda, sobre todo ante la necesidad de visibilizar el tema de la equidad de g\u00e9nero y seguir avanzando en su aplicaci\u00f3n tanto en el \u00e1mbito habitacional como urbano. \u201cEsto es parte de la pol\u00edtica de g\u00e9nero que impulsa nuestro Ministerio y c\u00f3mo desde las regiones llevamos a cabo estos lineamientos a trav\u00e9s de la actividad y vinculaci\u00f3n con otros servicios, como la Seremi de la Mujer y Equidad de G\u00e9nero y Sernameg. En este seminario no solo participaron funcionarios p\u00fablicos, sino que tambi\u00e9n duplas barriales, funcionarios municipales, representantes de juntas de vecinos, de la sociedad civil y de la comunidad en general. Adem\u00e1s de esta actividad y en conjunto con empresas hemos implementado la perspectiva de g\u00e9nero en proyectos habitacionales, destacando, por ejemplo, la instalaci\u00f3n de mirillas en algunos conjuntos de la regi\u00f3n, como por ejemplo en Balmaceda y Puerto Ays\u00e9n. Nuestro objetivo es seguir realizando este tipo de iniciativas, no solamente enfocadas a la comunidad en general, sino que tambi\u00e9n a los propios funcionarios, ya que es una instancia donde ellos pueden nutrir sus conocimientos y tambi\u00e9n realizar ciertas reflexiones en torno a lo importante de esta materia\u201d, indic\u00f3.<\/p>\n<p style=\"text-align: justify;\">En ese contexto, la asesora ministerial de g\u00e9nero, Maritza Villalobos, calific\u00f3 como muy gratificante el ver que se est\u00e1n organizando iniciativas de este tipo, no solo en Santiago sino sobre todo en otras regiones del pa\u00eds. \u201cVer que hay liderazgos pol\u00edticos como el de la Seremi, que decide relevar este tema, y quiere que permee tambi\u00e9n dentro de la propia instituci\u00f3n, es algo muy positivo.\u00a0 Y al final con este tipo de instancia logramos sensibilizar en la tem\u00e1tica, mostrar los avances, asentar iniciativas que se est\u00e1n consolidando dentro de esta administraci\u00f3n, siempre pensando en conjunto c\u00f3mo le damos sostenibilidad a estas acciones para que se transformen en pol\u00edtica p\u00fablica y no se desvanezcan. \u00a0Los desaf\u00edos son tremendos, pero a medida que esto nos vaya haciendo sentido y que veamos que mejora la calidad de vida de todas las personas, entre todas y todos vamos a trabajar y avanzar para que estos programas se sostengan en el tiempo\u201d, manifest\u00f3.<\/p>\n<p style=\"text-align: justify;\">De igual forma, el director de la Escuela de Arquitectura de la Universidad Cat\u00f3lica, Osvaldo Moreno, consider\u00f3 el espacio como fundamental para promover las pol\u00edticas vinculadas a ciudades que incorporen el enfoque de g\u00e9nero y para poder promover ciudades m\u00e1s sustentables, m\u00e1s justas y m\u00e1s inclusivas. \u201cEn ese sentido, el poder pensar desde la propia regi\u00f3n, en este caso desde Coyhaique, en este seminario impulsado por Minvu en conjunto con la Universidad Cat\u00f3lica, constituye un espacio en el cual podemos compartir visiones y plantear desaf\u00edos en com\u00fan para poder trabajar de manera colaborativa y participativa en la resoluci\u00f3n de las tem\u00e1ticas que hoy d\u00eda nos convocan. Yo dir\u00eda que tambi\u00e9n desde el punto de vista de nuestro rol como academia, el poder incorporar estos \u00e1mbitos que se trabajan desde los territorios, desde las realidades propias regionales, es fundamental para sensibilizar programas propios que formen a profesionales que tengan esas capacidades, pero tambi\u00e9n para colaborar en el desarrollo de programas de formaci\u00f3n que tengan una base local y que hoy d\u00eda puedan fortalecer las capacidades de los profesionales y de los funcionarios que trabajan en estos temas\u201d, precis\u00f3.<\/p>\n<p style=\"text-align: justify;\">Finalmente, tanto los expositores como asistentes al seminario coincidieron en que es necesario ratificar un compromiso fuerte que ya se ha conversado con la Seremi y con distintos actores de la regi\u00f3n, para poder implementar iniciativas que en el corto plazo puedan apoyar esta tarea que es tan fundamental para nuestras comunidades del presente y el futuro.<\/p>\n<\/div><\/section><\/div><div  style='height:50px' class='hr hr-invisible   avia-builder-el-6  el_after_av_one_full  el_before_av_social_share '><span class='hr-inner ' ><span class='hr-inner-style'><\/span><\/span><\/div><\/p>\n<div  class='av-social-sharing-box  avia-builder-el-7  el_after_av_hr  el_before_av_hr  '><div class='av-share-box'><h5 class='av-share-link-description av-no-toc '>Compartir esta noticia<\/h5><ul class='av-share-box-list noLightbox'><li class='av-share-link av-social-link-facebook' ><a target=\"_blank\" aria-label=\"Compartir en Facebook\" href='https:\/\/www.facebook.com\/sharer.php?u=https:\/\/radiorevelacionfm.cl\/?p=60615&#038;t=Con%20gran%20convocatoria%20se%20realiz%C3%B3%20seminario%20%E2%80%9CG%C3%A9nero%20y%20Ciudad%E2%80%9D%20organizado%20por%20la%20U.%20Cat%C3%B3lica%20y%20la%20Seremi%20de%20Vivienda' aria-hidden='false' data-av_icon='\ue8f3' data-av_iconfont='entypo-fontello' title='' data-avia-related-tooltip='Compartir en Facebook' rel=\"noopener\"><span class='avia_hidden_link_text'>Compartir en Facebook<\/span><\/a><\/li><li class='av-share-link av-social-link-twitter' ><a target=\"_blank\" aria-label=\"Compartir en Twitter\" href='https:\/\/twitter.com\/share?text=Con%20gran%20convocatoria%20se%20realiz%C3%B3%20seminario%20%E2%80%9CG%C3%A9nero%20y%20Ciudad%E2%80%9D%20organizado%20por%20la%20U.%20Cat%C3%B3lica%20y%20la%20Seremi%20de%20Vivienda&#038;url=https:\/\/radiorevelacionfm.cl\/?p=60615' aria-hidden='false' data-av_icon='\ue8f1' data-av_iconfont='entypo-fontello' title='' data-avia-related-tooltip='Compartir en Twitter' rel=\"noopener\"><span class='avia_hidden_link_text'>Compartir en Twitter<\/span><\/a><\/li><li class='av-share-link av-social-link-whatsapp' ><a target=\"_blank\" aria-label=\"Compartir en Whatsapp\" href='https:\/\/api.whatsapp.com\/send?text=https:\/\/radiorevelacionfm.cl\/?p=60615' aria-hidden='false' data-av_icon='\uf232' data-av_iconfont='entypo-fontello' title='' data-avia-related-tooltip='Compartir en Whatsapp' rel=\"noopener\"><span class='avia_hidden_link_text'>Compartir en Whatsapp<\/span><\/a><\/li><li class='av-share-link av-social-link-linkedin' ><a target=\"_blank\" aria-label=\"Compartir en LinkedIn\" href='https:\/\/linkedin.com\/shareArticle?mini=true&#038;title=Con%20gran%20convocatoria%20se%20realiz%C3%B3%20seminario%20%E2%80%9CG%C3%A9nero%20y%20Ciudad%E2%80%9D%20organizado%20por%20la%20U.%20Cat%C3%B3lica%20y%20la%20Seremi%20de%20Vivienda&#038;url=https:\/\/radiorevelacionfm.cl\/?p=60615' aria-hidden='false' data-av_icon='\ue8fc' data-av_iconfont='entypo-fontello' title='' data-avia-related-tooltip='Compartir en LinkedIn' rel=\"noopener\"><span class='avia_hidden_link_text'>Compartir en LinkedIn<\/span><\/a><\/li><li class='av-share-link av-social-link-mail' ><a  aria-label=\"Compartir por correo\" href='mailto:?subject=Con%20gran%20convocatoria%20se%20realiz%C3%B3%20seminario%20%E2%80%9CG%C3%A9nero%20y%20Ciudad%E2%80%9D%20organizado%20por%20la%20U.%20Cat%C3%B3lica%20y%20la%20Seremi%20de%20Vivienda&#038;body=https:\/\/radiorevelacionfm.cl\/?p=60615' aria-hidden='false' data-av_icon='\ue805' data-av_iconfont='entypo-fontello' title='' data-avia-related-tooltip='Compartir por correo'><span class='avia_hidden_link_text'>Compartir por correo<\/span><\/a><\/li><\/ul><\/div><\/div>\n<div  style='height:50px' class='hr hr-invisible   avia-builder-el-8  el_after_av_social_share  el_before_av_comments_list '><span class='hr-inner ' ><span class='hr-inner-style'><\/span><\/span><\/div>\n<div  class='av-buildercomment  av-blog-meta-html-info-disabled av-blog-meta-tag-disabled  '><\/div>\n","protected":false},"excerpt":{"rendered":"","protected":false},"author":1,"featured_media":60617,"comment_status":"closed","ping_status":"closed","sticky":false,"template":"","format":"standard","meta":{"footnotes":""},"categories":[57],"tags":[],"class_list":["post-60615","post","type-post","status-publish","format-standard","has-post-thumbnail","hentry","category-vivienda"],"jetpack_featured_media_url":"https:\/\/radiorevelacionfm.cl\/wp-content\/uploads\/2025\/10\/participantes-seminario-genero-y-ciudad-minvu-uc-1_optimized.jpeg","_links":{"self":[{"href":"https:\/\/radiorevelacionfm.cl\/index.php?rest_route=\/wp\/v2\/posts\/60615","targetHints":{"allow":["GET"]}}],"collection":[{"href":"https:\/\/radiorevelacionfm.cl\/index.php?rest_route=\/wp\/v2\/posts"}],"about":[{"href":"https:\/\/radiorevelacionfm.cl\/index.php?rest_route=\/wp\/v2\/types\/post"}],"author":[{"embeddable":true,"href":"https:\/\/radiorevelacionfm.cl\/index.php?rest_route=\/wp\/v2\/users\/1"}],"replies":[{"embeddable":true,"href":"https:\/\/radiorevelacionfm.cl\/index.php?rest_route=%2Fwp%2Fv2%2Fcomments&post=60615"}],"version-history":[{"count":2,"href":"https:\/\/radiorevelacionfm.cl\/index.php?rest_route=\/wp\/v2\/posts\/60615\/revisions"}],"predecessor-version":[{"id":60619,"href":"https:\/\/radiorevelacionfm.cl\/index.php?rest_route=\/wp\/v2\/posts\/60615\/revisions\/60619"}],"wp:featuredmedia":[{"embeddable":true,"href":"https:\/\/radiorevelacionfm.cl\/index.php?rest_route=\/wp\/v2\/media\/60617"}],"wp:attachment":[{"href":"https:\/\/radiorevelacionfm.cl\/index.php?rest_route=%2Fwp%2Fv2%2Fmedia&parent=60615"}],"wp:term":[{"taxonomy":"category","embeddable":true,"href":"https:\/\/radiorevelacionfm.cl\/index.php?rest_route=%2Fwp%2Fv2%2Fcategories&post=60615"},{"taxonomy":"post_tag","embeddable":true,"href":"https:\/\/radiorevelacionfm.cl\/index.php?rest_route=%2Fwp%2Fv2%2Ftags&post=60615"}],"curies":[{"name":"wp","href":"https:\/\/api.w.org\/{rel}","templated":true}]}}