{"id":60610,"date":"2025-10-21T20:55:18","date_gmt":"2025-10-21T23:55:18","guid":{"rendered":"https:\/\/radiorevelacionfm.cl\/?p=60610"},"modified":"2025-10-21T20:55:18","modified_gmt":"2025-10-21T23:55:18","slug":"ninas-y-ninos-de-islas-huichas-disfrutan-del-nuevo-taller-de-escalada-financiado-por-fondeporte-del-ind","status":"publish","type":"post","link":"https:\/\/radiorevelacionfm.cl\/?p=60610","title":{"rendered":"Ni\u00f1as y ni\u00f1os de Islas Huichas disfrutan del nuevo Taller de Escalada financiado por Fondeporte del IND"},"content":{"rendered":"<div class=\"flex_column av_one_full  flex_column_div av-zero-column-padding first  avia-builder-el-0  el_before_av_one_full  avia-builder-el-first  \" style='border-radius:0px; '><div  class='avia-image-container  av-styling-    avia-builder-el-1  avia-builder-el-no-sibling  avia-align-center '  itemprop=\"image\" itemscope=\"itemscope\" itemtype=\"https:\/\/schema.org\/ImageObject\"  ><div class='avia-image-container-inner'><div class='avia-image-overlay-wrap'><img decoding=\"async\" class='wp-image-60611 avia-img-lazy-loading-not-60611 avia_image' src=\"https:\/\/radiorevelacionfm.cl\/wp-content\/uploads\/2025\/10\/whatsapp-image-2025-10-20-at-11_optimized.06.47-am-1.jpeg\" alt='' title='whatsapp-image-2025-10-20-at-11_optimized.06.47-am-(1)' height=\"610\" width=\"804\"  itemprop=\"thumbnailUrl\" srcset=\"https:\/\/radiorevelacionfm.cl\/wp-content\/uploads\/2025\/10\/whatsapp-image-2025-10-20-at-11_optimized.06.47-am-1.jpeg 804w, https:\/\/radiorevelacionfm.cl\/wp-content\/uploads\/2025\/10\/whatsapp-image-2025-10-20-at-11_optimized.06.47-am-1-300x228.jpeg 300w, https:\/\/radiorevelacionfm.cl\/wp-content\/uploads\/2025\/10\/whatsapp-image-2025-10-20-at-11_optimized.06.47-am-1-768x583.jpeg 768w, https:\/\/radiorevelacionfm.cl\/wp-content\/uploads\/2025\/10\/whatsapp-image-2025-10-20-at-11_optimized.06.47-am-1-705x535.jpeg 705w, https:\/\/radiorevelacionfm.cl\/wp-content\/uploads\/2025\/10\/whatsapp-image-2025-10-20-at-11_optimized.06.47-am-1-450x341.jpeg 450w, https:\/\/radiorevelacionfm.cl\/wp-content\/uploads\/2025\/10\/whatsapp-image-2025-10-20-at-11_optimized.06.47-am-1-600x455.jpeg 600w\" sizes=\"(max-width: 804px) 100vw, 804px\" \/><\/div><\/div><\/div><\/div><div class=\"flex_column av_one_full  flex_column_div av-zero-column-padding first  avia-builder-el-2  el_after_av_one_full  el_before_av_one_full  column-top-margin\" style='border-radius:0px; '><section class=\"av_textblock_section \"  itemscope=\"itemscope\" itemtype=\"https:\/\/schema.org\/BlogPosting\" itemprop=\"blogPost\" ><div class='avia_textblock  '   itemprop=\"text\" ><p style=\"text-align: center;\"><span style=\"font-size: 18pt;\"><b>Ni\u00f1as y ni\u00f1os de Islas Huichas disfrutan del nuevo Taller de Escalada financiado por Fondeporte del IND<\/b><\/span><\/p>\n<div id=\"gtx-trans\" style=\"position: absolute; left: -50px; top: 4.31534px;\">\n<div class=\"gtx-trans-icon\"><\/div>\n<\/div>\n<\/div><\/section><\/div><div class=\"flex_column av_one_full  flex_column_div av-zero-column-padding first  avia-builder-el-4  el_after_av_one_full  el_before_av_hr  column-top-margin\" style='border-radius:0px; '><section class=\"av_textblock_section \"  itemscope=\"itemscope\" itemtype=\"https:\/\/schema.org\/BlogPosting\" itemprop=\"blogPost\" ><div class='avia_textblock  '   itemprop=\"text\" ><p style=\"font-weight: 400; text-align: justify;\"><em>La inversi\u00f3n de 6 millones y medio de pesos permiti\u00f3 la implementaci\u00f3n de este taller en la Escuela Carlos Condell.<\/em><\/p>\n<p style=\"font-weight: 400; text-align: justify;\">El proyecto \u201cTalleres de Escalada: Fomentando el Deporte Recreativo\u201d, consisti\u00f3 en la construcci\u00f3n de un muro de escalada completamente equipado con colchonetas, presas y clavijas, para el desarrollo del primer Taller de Escalada Infantil en la localidad de Islas Huichas.<\/p>\n<p style=\"font-weight: 400; text-align: justify;\">El taller est\u00e1 a cargo del docente Paulo Venegas Godoy, quien trabaja junto a ni\u00f1os y ni\u00f1as de 5 a 13 a\u00f1os y seg\u00fan explica el profesor;\u00a0<em>\u201cLa escalada en muro fortalece la concentraci\u00f3n, mejora la coordinaci\u00f3n motriz y desarrolla la confianza y el trabajo en equipo, estoy muy feliz de poder compartir mis conocimientos con los ni\u00f1os y ni\u00f1as de Islas Huichas, ver su entusiasmo y progreso es realmente gratificante\u201d<\/em>.<\/p>\n<p style=\"font-weight: 400; text-align: justify;\">Asimismo, Eduardo Vera Quin\u00e1n, de 13 a\u00f1os, expres\u00f3 su alegr\u00eda por formar parte del taller:\u00a0<em>\u201cEstoy feliz con este taller, invito a todos los ni\u00f1os de la isla a participar porque es muy entretenido, gracias al muro he mejorado la fuerza de mis brazos y creo que tener un muro de escalada es algo muy bueno para nuestra comunidad\u201d<\/em>.<\/p>\n<p style=\"font-weight: 400; text-align: justify;\">Desde el Mindep e IND,\u00a0 tanto la Seremi del Deporte, Mar\u00eda Eugenia Dur\u00e1n como su Director Regional, Javier Medina valoraron la iniciativa pionera en islas Huichas y al respecto la Seremi precis\u00f3: \u201c<em>Primero felicitar a la comunidad educativa de la Escuela Carlos Condell por presentar esta iniciativa que beneficia a ni\u00f1as, ni\u00f1os, j\u00f3venes y comunidad en general, logrando financiar sus sue\u00f1os deportivos a trav\u00e9s de esta herramienta llamada FONDEPORTE, esperamos que sigan trabajando y creciendo en pos del desarrollo deportivo, nosotros desde la cartera de deportes e IND los seguiremos apoyando para seguir fortaleciendo la vida sana del territorio insular de nuestra regi\u00f3n\u201d.<\/em><\/p>\n<p style=\"font-weight: 400; text-align: justify;\">El proyecto fue adjudicado por el Centro de Padres de la Escuela Carlos Condell, bajo la coordinaci\u00f3n de Carol Mansilla Henr\u00edquez, quien valor\u00f3 la oportunidad de fomentar el deporte en contextos insulares:\u00a0<em>\u201cEstamos muy contentos por este gran avance en el deporte de la escalada, especialmente en espacios aislados como Islas Huichas. Este proyecto abre nuevas oportunidades de desarrollo y recreaci\u00f3n para la comunidad educativa\u201d.<\/em><\/p>\n<p style=\"font-weight: 400; text-align: justify;\"><strong><u>Inscripciones e informaci\u00f3n del taller<\/u><\/strong><\/p>\n<p style=\"font-weight: 400; text-align: justify;\">Asimismo, quienes deseen inscribirse en el taller a\u00fan est\u00e1n a tiempo. S\u00f3lo deben acercarse a la Escuela Carlos Condell y solicitar hablar con la Sra. Bernardita Tarum\u00e1n Guichapani, tesorera del Centro de Padres, quien est\u00e1 a cargo de las inscripciones y entrega de informaci\u00f3n.<\/p>\n<p style=\"font-weight: 400; text-align: justify;\">De esta forma, la comunidad de Islas Huichas suma un nuevo espacio deportivo que promueve h\u00e1bitos saludables, el trabajo colaborativo y el desarrollo integral de sus estudiantes, fortaleciendo la pr\u00e1ctica del deporte y la vida activa en el territorio.<\/p>\n<\/div><\/section><\/div><div  style='height:50px' class='hr hr-invisible   avia-builder-el-6  el_after_av_one_full  el_before_av_social_share '><span class='hr-inner ' ><span class='hr-inner-style'><\/span><\/span><\/div><\/p>\n<div  class='av-social-sharing-box  avia-builder-el-7  el_after_av_hr  el_before_av_hr  '><div class='av-share-box'><h5 class='av-share-link-description av-no-toc '>Compartir esta noticia<\/h5><ul class='av-share-box-list noLightbox'><li class='av-share-link av-social-link-facebook' ><a target=\"_blank\" aria-label=\"Compartir en Facebook\" href='https:\/\/www.facebook.com\/sharer.php?u=https:\/\/radiorevelacionfm.cl\/?p=60610&#038;t=Ni%C3%B1as%20y%20ni%C3%B1os%20de%20Islas%20Huichas%20disfrutan%20del%20nuevo%20Taller%20de%20Escalada%20financiado%20por%20Fondeporte%20del%20IND' aria-hidden='false' data-av_icon='\ue8f3' data-av_iconfont='entypo-fontello' title='' data-avia-related-tooltip='Compartir en Facebook' rel=\"noopener\"><span class='avia_hidden_link_text'>Compartir en Facebook<\/span><\/a><\/li><li class='av-share-link av-social-link-twitter' ><a target=\"_blank\" aria-label=\"Compartir en Twitter\" href='https:\/\/twitter.com\/share?text=Ni%C3%B1as%20y%20ni%C3%B1os%20de%20Islas%20Huichas%20disfrutan%20del%20nuevo%20Taller%20de%20Escalada%20financiado%20por%20Fondeporte%20del%20IND&#038;url=https:\/\/radiorevelacionfm.cl\/?p=60610' aria-hidden='false' data-av_icon='\ue8f1' data-av_iconfont='entypo-fontello' title='' data-avia-related-tooltip='Compartir en Twitter' rel=\"noopener\"><span class='avia_hidden_link_text'>Compartir en Twitter<\/span><\/a><\/li><li class='av-share-link av-social-link-whatsapp' ><a target=\"_blank\" aria-label=\"Compartir en Whatsapp\" href='https:\/\/api.whatsapp.com\/send?text=https:\/\/radiorevelacionfm.cl\/?p=60610' aria-hidden='false' data-av_icon='\uf232' data-av_iconfont='entypo-fontello' title='' data-avia-related-tooltip='Compartir en Whatsapp' rel=\"noopener\"><span class='avia_hidden_link_text'>Compartir en Whatsapp<\/span><\/a><\/li><li class='av-share-link av-social-link-linkedin' ><a target=\"_blank\" aria-label=\"Compartir en LinkedIn\" href='https:\/\/linkedin.com\/shareArticle?mini=true&#038;title=Ni%C3%B1as%20y%20ni%C3%B1os%20de%20Islas%20Huichas%20disfrutan%20del%20nuevo%20Taller%20de%20Escalada%20financiado%20por%20Fondeporte%20del%20IND&#038;url=https:\/\/radiorevelacionfm.cl\/?p=60610' aria-hidden='false' data-av_icon='\ue8fc' data-av_iconfont='entypo-fontello' title='' data-avia-related-tooltip='Compartir en LinkedIn' rel=\"noopener\"><span class='avia_hidden_link_text'>Compartir en LinkedIn<\/span><\/a><\/li><li class='av-share-link av-social-link-mail' ><a  aria-label=\"Compartir por correo\" href='mailto:?subject=Ni%C3%B1as%20y%20ni%C3%B1os%20de%20Islas%20Huichas%20disfrutan%20del%20nuevo%20Taller%20de%20Escalada%20financiado%20por%20Fondeporte%20del%20IND&#038;body=https:\/\/radiorevelacionfm.cl\/?p=60610' aria-hidden='false' data-av_icon='\ue805' data-av_iconfont='entypo-fontello' title='' data-avia-related-tooltip='Compartir por correo'><span class='avia_hidden_link_text'>Compartir por correo<\/span><\/a><\/li><\/ul><\/div><\/div>\n<div  style='height:50px' class='hr hr-invisible   avia-builder-el-8  el_after_av_social_share  el_before_av_comments_list '><span class='hr-inner ' ><span class='hr-inner-style'><\/span><\/span><\/div>\n<div  class='av-buildercomment  av-blog-meta-html-info-disabled av-blog-meta-tag-disabled  '><\/div>\n","protected":false},"excerpt":{"rendered":"","protected":false},"author":1,"featured_media":60611,"comment_status":"closed","ping_status":"closed","sticky":false,"template":"","format":"standard","meta":{"footnotes":""},"categories":[40],"tags":[],"class_list":["post-60610","post","type-post","status-publish","format-standard","has-post-thumbnail","hentry","category-deportes"],"jetpack_featured_media_url":"https:\/\/radiorevelacionfm.cl\/wp-content\/uploads\/2025\/10\/whatsapp-image-2025-10-20-at-11_optimized.06.47-am-1.jpeg","_links":{"self":[{"href":"https:\/\/radiorevelacionfm.cl\/index.php?rest_route=\/wp\/v2\/posts\/60610","targetHints":{"allow":["GET"]}}],"collection":[{"href":"https:\/\/radiorevelacionfm.cl\/index.php?rest_route=\/wp\/v2\/posts"}],"about":[{"href":"https:\/\/radiorevelacionfm.cl\/index.php?rest_route=\/wp\/v2\/types\/post"}],"author":[{"embeddable":true,"href":"https:\/\/radiorevelacionfm.cl\/index.php?rest_route=\/wp\/v2\/users\/1"}],"replies":[{"embeddable":true,"href":"https:\/\/radiorevelacionfm.cl\/index.php?rest_route=%2Fwp%2Fv2%2Fcomments&post=60610"}],"version-history":[{"count":2,"href":"https:\/\/radiorevelacionfm.cl\/index.php?rest_route=\/wp\/v2\/posts\/60610\/revisions"}],"predecessor-version":[{"id":60613,"href":"https:\/\/radiorevelacionfm.cl\/index.php?rest_route=\/wp\/v2\/posts\/60610\/revisions\/60613"}],"wp:featuredmedia":[{"embeddable":true,"href":"https:\/\/radiorevelacionfm.cl\/index.php?rest_route=\/wp\/v2\/media\/60611"}],"wp:attachment":[{"href":"https:\/\/radiorevelacionfm.cl\/index.php?rest_route=%2Fwp%2Fv2%2Fmedia&parent=60610"}],"wp:term":[{"taxonomy":"category","embeddable":true,"href":"https:\/\/radiorevelacionfm.cl\/index.php?rest_route=%2Fwp%2Fv2%2Fcategories&post=60610"},{"taxonomy":"post_tag","embeddable":true,"href":"https:\/\/radiorevelacionfm.cl\/index.php?rest_route=%2Fwp%2Fv2%2Ftags&post=60610"}],"curies":[{"name":"wp","href":"https:\/\/api.w.org\/{rel}","templated":true}]}}