{"id":60607,"date":"2025-10-22T10:02:30","date_gmt":"2025-10-22T13:02:30","guid":{"rendered":"https:\/\/radiorevelacionfm.cl\/?p=60607"},"modified":"2025-10-22T10:02:30","modified_gmt":"2025-10-22T13:02:30","slug":"entre-cercos-y-saberes-comunidad-identidad-y-oficios-en-seis-lagunas","status":"publish","type":"post","link":"https:\/\/radiorevelacionfm.cl\/?p=60607","title":{"rendered":"Entre Cercos y Saberes: Comunidad, Identidad y Oficios en Seis Lagunas"},"content":{"rendered":"<div class=\"flex_column av_one_full  flex_column_div av-zero-column-padding first  avia-builder-el-0  el_before_av_one_full  avia-builder-el-first  \" style='border-radius:0px; '><div  class='avia-image-container  av-styling-    avia-builder-el-1  avia-builder-el-no-sibling  avia-align-center '  itemprop=\"image\" itemscope=\"itemscope\" itemtype=\"https:\/\/schema.org\/ImageObject\"  ><div class='avia-image-container-inner'><div class='avia-image-overlay-wrap'><img decoding=\"async\" class='wp-image-60608 avia-img-lazy-loading-not-60608 avia_image' src=\"https:\/\/radiorevelacionfm.cl\/wp-content\/uploads\/2025\/10\/whatsapp-image-2025-10-21-at-08_optimized.42.14-1-1.jpeg\" alt='' title='whatsapp-image-2025-10-21-at-08_optimized.42.14-(1)-(1)' height=\"600\" width=\"1000\"  itemprop=\"thumbnailUrl\" srcset=\"https:\/\/radiorevelacionfm.cl\/wp-content\/uploads\/2025\/10\/whatsapp-image-2025-10-21-at-08_optimized.42.14-1-1.jpeg 1000w, https:\/\/radiorevelacionfm.cl\/wp-content\/uploads\/2025\/10\/whatsapp-image-2025-10-21-at-08_optimized.42.14-1-1-300x180.jpeg 300w, https:\/\/radiorevelacionfm.cl\/wp-content\/uploads\/2025\/10\/whatsapp-image-2025-10-21-at-08_optimized.42.14-1-1-768x461.jpeg 768w, https:\/\/radiorevelacionfm.cl\/wp-content\/uploads\/2025\/10\/whatsapp-image-2025-10-21-at-08_optimized.42.14-1-1-705x423.jpeg 705w, https:\/\/radiorevelacionfm.cl\/wp-content\/uploads\/2025\/10\/whatsapp-image-2025-10-21-at-08_optimized.42.14-1-1-450x270.jpeg 450w, https:\/\/radiorevelacionfm.cl\/wp-content\/uploads\/2025\/10\/whatsapp-image-2025-10-21-at-08_optimized.42.14-1-1-600x360.jpeg 600w\" sizes=\"(max-width: 1000px) 100vw, 1000px\" \/><\/div><\/div><\/div><\/div><div class=\"flex_column av_one_full  flex_column_div av-zero-column-padding first  avia-builder-el-2  el_after_av_one_full  el_before_av_one_full  column-top-margin\" style='border-radius:0px; '><section class=\"av_textblock_section \"  itemscope=\"itemscope\" itemtype=\"https:\/\/schema.org\/BlogPosting\" itemprop=\"blogPost\" ><div class='avia_textblock  '   itemprop=\"text\" ><p style=\"text-align: center;\"><strong><span style=\"font-size: 18pt;\">Entre Cercos y Saberes: Comunidad, Identidad y Oficios en Seis Lagunas<\/span><\/strong><\/p>\n<div id=\"gtx-trans\" style=\"position: absolute; left: -50px; top: 4.31534px;\">\n<div class=\"gtx-trans-icon\"><\/div>\n<\/div>\n<\/div><\/section><\/div><div class=\"flex_column av_one_full  flex_column_div av-zero-column-padding first  avia-builder-el-4  el_after_av_one_full  el_before_av_hr  column-top-margin\" style='border-radius:0px; '><section class=\"av_textblock_section \"  itemscope=\"itemscope\" itemtype=\"https:\/\/schema.org\/BlogPosting\" itemprop=\"blogPost\" ><div class='avia_textblock  '   itemprop=\"text\" ><p style=\"font-weight: 400; text-align: justify;\">La Junta de Vecinos de Seis Lagunas contin\u00faa desarrollando el proyecto \u201cEntre Cercos y Saberes\u201d, financiado por el Fondo de Fortalecimiento de Organizaciones de Inter\u00e9s P\u00fablico (FFOIP) del Ministerio Secretar\u00eda General de Gobierno, con el prop\u00f3sito de rescatar oficios, tradiciones y saberes locales que dan vida a la identidad rural de Coyhaique.<\/p>\n<p style=\"font-weight: 400; text-align: justify;\">El primer encuentro \u2014realizado en la sede vecinal\u2014 reuni\u00f3 a vecinos de Lago Barroso, Villa Frei y Callej\u00f3n Fournier, junto a la Seremi de Gobierno, \u00darsula Mix, quien valor\u00f3 la iniciativa se\u00f1alando:<\/p>\n<p style=\"font-weight: 400; text-align: justify;\">\u201cEstos proyectos nos conectan con lo esencial: las personas, sus historias y la capacidad de construir comunidad desde lo cotidiano. A trav\u00e9s del FFOIP, impulsamos la participaci\u00f3n y fortalecemos a las organizaciones sociales que son el coraz\u00f3n del desarrollo local\u201d, destac\u00f3 \u00darsula Mix, Seremi de Gobierno de Ays\u00e9n.<\/p>\n<p style=\"font-weight: 400; text-align: justify;\">El segundo encuentro, denominado \u201cEmprendimientos, Oficios y Saberes Comunitarios\u201d, se realizar\u00e1 este s\u00e1bado 25 de octubre a las 15:30 horas en la Sede de Seis Lagunas, convocando a los vecinos y vecinas a compartir sus oficios, emprendimientos y experiencias de vida, promoviendo el desarrollo econ\u00f3mico rural y la asociatividad local.<\/p>\n<p style=\"font-weight: 400; text-align: justify;\">\u201cEste proyecto es una oportunidad para volver a encontrarnos, mirarnos a los ojos y reconocernos en lo que sabemos y hacemos. Cada oficio y cada historia cuentan, porque juntos somos m\u00e1s fuertes y nuestra comunidad tiene mucho por aportar\u201d, se\u00f1al\u00f3 Leonardo Morales Acevedo, presidente de la Junta de Vecinos de Seis Lagunas.<\/p>\n<p style=\"font-weight: 400; text-align: justify;\">La relator\u00eda y acompa\u00f1amiento estar\u00e1n a cargo de la periodista y coach comunitaria Claudia Molina Olivares, quien ha facilitado los espacios de di\u00e1logo y confianza entre los participantes.<\/p>\n<p style=\"font-weight: 400; text-align: justify;\">\u201cA veces los saberes m\u00e1s profundos de una comunidad est\u00e1n guardados en silencio. Entre Cercos y Saberes busca darles voz y valor, para que florezcan en comunidad. Este proceso es una invitaci\u00f3n a reconocernos, a crear v\u00ednculos reales y a fortalecer el bienestar colectivo desde nuestra identidad rural\u201d, expres\u00f3 Claudia Molina Olivares, facilitadora del proceso.<\/p>\n<p style=\"font-weight: 400; text-align: justify;\">El encuentro es abierto a toda la comunidad, sin necesidad de inscripci\u00f3n previa. Habr\u00e1 mate, tortas fritas y, sobre todo, el esp\u00edritu de comunidad que define a Seis Lagunas.<\/p>\n<\/div><\/section><\/div><div  style='height:50px' class='hr hr-invisible   avia-builder-el-6  el_after_av_one_full  el_before_av_social_share '><span class='hr-inner ' ><span class='hr-inner-style'><\/span><\/span><\/div><\/p>\n<div  class='av-social-sharing-box  avia-builder-el-7  el_after_av_hr  el_before_av_hr  '><div class='av-share-box'><h5 class='av-share-link-description av-no-toc '>Compartir esta noticia<\/h5><ul class='av-share-box-list noLightbox'><li class='av-share-link av-social-link-facebook' ><a target=\"_blank\" aria-label=\"Compartir en Facebook\" href='https:\/\/www.facebook.com\/sharer.php?u=https:\/\/radiorevelacionfm.cl\/?p=60607&#038;t=Entre%20Cercos%20y%20Saberes%3A%20Comunidad%2C%20Identidad%20y%20Oficios%20en%20Seis%20Lagunas' aria-hidden='false' data-av_icon='\ue8f3' data-av_iconfont='entypo-fontello' title='' data-avia-related-tooltip='Compartir en Facebook' rel=\"noopener\"><span class='avia_hidden_link_text'>Compartir en Facebook<\/span><\/a><\/li><li class='av-share-link av-social-link-twitter' ><a target=\"_blank\" aria-label=\"Compartir en Twitter\" href='https:\/\/twitter.com\/share?text=Entre%20Cercos%20y%20Saberes%3A%20Comunidad%2C%20Identidad%20y%20Oficios%20en%20Seis%20Lagunas&#038;url=https:\/\/radiorevelacionfm.cl\/?p=60607' aria-hidden='false' data-av_icon='\ue8f1' data-av_iconfont='entypo-fontello' title='' data-avia-related-tooltip='Compartir en Twitter' rel=\"noopener\"><span class='avia_hidden_link_text'>Compartir en Twitter<\/span><\/a><\/li><li class='av-share-link av-social-link-whatsapp' ><a target=\"_blank\" aria-label=\"Compartir en Whatsapp\" href='https:\/\/api.whatsapp.com\/send?text=https:\/\/radiorevelacionfm.cl\/?p=60607' aria-hidden='false' data-av_icon='\uf232' data-av_iconfont='entypo-fontello' title='' data-avia-related-tooltip='Compartir en Whatsapp' rel=\"noopener\"><span class='avia_hidden_link_text'>Compartir en Whatsapp<\/span><\/a><\/li><li class='av-share-link av-social-link-linkedin' ><a target=\"_blank\" aria-label=\"Compartir en LinkedIn\" href='https:\/\/linkedin.com\/shareArticle?mini=true&#038;title=Entre%20Cercos%20y%20Saberes%3A%20Comunidad%2C%20Identidad%20y%20Oficios%20en%20Seis%20Lagunas&#038;url=https:\/\/radiorevelacionfm.cl\/?p=60607' aria-hidden='false' data-av_icon='\ue8fc' data-av_iconfont='entypo-fontello' title='' data-avia-related-tooltip='Compartir en LinkedIn' rel=\"noopener\"><span class='avia_hidden_link_text'>Compartir en LinkedIn<\/span><\/a><\/li><li class='av-share-link av-social-link-mail' ><a  aria-label=\"Compartir por correo\" href='mailto:?subject=Entre%20Cercos%20y%20Saberes%3A%20Comunidad%2C%20Identidad%20y%20Oficios%20en%20Seis%20Lagunas&#038;body=https:\/\/radiorevelacionfm.cl\/?p=60607' aria-hidden='false' data-av_icon='\ue805' data-av_iconfont='entypo-fontello' title='' data-avia-related-tooltip='Compartir por correo'><span class='avia_hidden_link_text'>Compartir por correo<\/span><\/a><\/li><\/ul><\/div><\/div>\n<div  style='height:50px' class='hr hr-invisible   avia-builder-el-8  el_after_av_social_share  el_before_av_comments_list '><span class='hr-inner ' ><span class='hr-inner-style'><\/span><\/span><\/div>\n<div  class='av-buildercomment  av-blog-meta-html-info-disabled av-blog-meta-tag-disabled  '><\/div>\n","protected":false},"excerpt":{"rendered":"","protected":false},"author":1,"featured_media":60608,"comment_status":"closed","ping_status":"closed","sticky":false,"template":"","format":"standard","meta":{"footnotes":""},"categories":[38],"tags":[],"class_list":["post-60607","post","type-post","status-publish","format-standard","has-post-thumbnail","hentry","category-regional"],"jetpack_featured_media_url":"https:\/\/radiorevelacionfm.cl\/wp-content\/uploads\/2025\/10\/whatsapp-image-2025-10-21-at-08_optimized.42.14-1-1.jpeg","_links":{"self":[{"href":"https:\/\/radiorevelacionfm.cl\/index.php?rest_route=\/wp\/v2\/posts\/60607","targetHints":{"allow":["GET"]}}],"collection":[{"href":"https:\/\/radiorevelacionfm.cl\/index.php?rest_route=\/wp\/v2\/posts"}],"about":[{"href":"https:\/\/radiorevelacionfm.cl\/index.php?rest_route=\/wp\/v2\/types\/post"}],"author":[{"embeddable":true,"href":"https:\/\/radiorevelacionfm.cl\/index.php?rest_route=\/wp\/v2\/users\/1"}],"replies":[{"embeddable":true,"href":"https:\/\/radiorevelacionfm.cl\/index.php?rest_route=%2Fwp%2Fv2%2Fcomments&post=60607"}],"version-history":[{"count":2,"href":"https:\/\/radiorevelacionfm.cl\/index.php?rest_route=\/wp\/v2\/posts\/60607\/revisions"}],"predecessor-version":[{"id":60614,"href":"https:\/\/radiorevelacionfm.cl\/index.php?rest_route=\/wp\/v2\/posts\/60607\/revisions\/60614"}],"wp:featuredmedia":[{"embeddable":true,"href":"https:\/\/radiorevelacionfm.cl\/index.php?rest_route=\/wp\/v2\/media\/60608"}],"wp:attachment":[{"href":"https:\/\/radiorevelacionfm.cl\/index.php?rest_route=%2Fwp%2Fv2%2Fmedia&parent=60607"}],"wp:term":[{"taxonomy":"category","embeddable":true,"href":"https:\/\/radiorevelacionfm.cl\/index.php?rest_route=%2Fwp%2Fv2%2Fcategories&post=60607"},{"taxonomy":"post_tag","embeddable":true,"href":"https:\/\/radiorevelacionfm.cl\/index.php?rest_route=%2Fwp%2Fv2%2Ftags&post=60607"}],"curies":[{"name":"wp","href":"https:\/\/api.w.org\/{rel}","templated":true}]}}