{"id":60603,"date":"2025-10-21T20:37:57","date_gmt":"2025-10-21T23:37:57","guid":{"rendered":"https:\/\/radiorevelacionfm.cl\/?p=60603"},"modified":"2025-10-21T20:37:57","modified_gmt":"2025-10-21T23:37:57","slug":"cuatro-artistas-de-aysen-representaron-a-chile-en-la-expo-osaka-2025-realizada-en-japon","status":"publish","type":"post","link":"https:\/\/radiorevelacionfm.cl\/?p=60603","title":{"rendered":"Cuatro artistas de Ays\u00e9n representaron a Chile en la Expo Osaka 2025 realizada en Jap\u00f3n"},"content":{"rendered":"<div class=\"flex_column av_one_full  flex_column_div av-zero-column-padding first  avia-builder-el-0  el_before_av_one_full  avia-builder-el-first  \" style='border-radius:0px; '><div  class='avia-image-container  av-styling-    avia-builder-el-1  avia-builder-el-no-sibling  avia-align-center '  itemprop=\"image\" itemscope=\"itemscope\" itemtype=\"https:\/\/schema.org\/ImageObject\"  ><div class='avia-image-container-inner'><div class='avia-image-overlay-wrap'><img decoding=\"async\" class='wp-image-60604 avia-img-lazy-loading-not-60604 avia_image' src=\"https:\/\/radiorevelacionfm.cl\/wp-content\/uploads\/2025\/10\/bob07472-1_optimized.jpg\" alt='' title='bob07472-(1)_optimized' height=\"600\" width=\"1066\"  itemprop=\"thumbnailUrl\" srcset=\"https:\/\/radiorevelacionfm.cl\/wp-content\/uploads\/2025\/10\/bob07472-1_optimized.jpg 1066w, https:\/\/radiorevelacionfm.cl\/wp-content\/uploads\/2025\/10\/bob07472-1_optimized-300x169.jpg 300w, https:\/\/radiorevelacionfm.cl\/wp-content\/uploads\/2025\/10\/bob07472-1_optimized-1030x580.jpg 1030w, https:\/\/radiorevelacionfm.cl\/wp-content\/uploads\/2025\/10\/bob07472-1_optimized-768x432.jpg 768w, https:\/\/radiorevelacionfm.cl\/wp-content\/uploads\/2025\/10\/bob07472-1_optimized-705x397.jpg 705w, https:\/\/radiorevelacionfm.cl\/wp-content\/uploads\/2025\/10\/bob07472-1_optimized-450x253.jpg 450w, https:\/\/radiorevelacionfm.cl\/wp-content\/uploads\/2025\/10\/bob07472-1_optimized-600x338.jpg 600w\" sizes=\"(max-width: 1066px) 100vw, 1066px\" \/><\/div><\/div><\/div><\/div><div class=\"flex_column av_one_full  flex_column_div av-zero-column-padding first  avia-builder-el-2  el_after_av_one_full  el_before_av_one_full  column-top-margin\" style='border-radius:0px; '><section class=\"av_textblock_section \"  itemscope=\"itemscope\" itemtype=\"https:\/\/schema.org\/BlogPosting\" itemprop=\"blogPost\" ><div class='avia_textblock  '   itemprop=\"text\" ><p style=\"text-align: center;\"><strong><span style=\"font-size: 18pt;\">Cuatro artistas de Ays\u00e9n representaron a Chile en la Expo Osaka 2025 realizada en Jap\u00f3n<\/span><\/strong><\/p>\n<div id=\"gtx-trans\" style=\"position: absolute; left: -50px; top: 4.31534px;\">\n<div class=\"gtx-trans-icon\"><\/div>\n<\/div>\n<\/div><\/section><\/div><div class=\"flex_column av_one_full  flex_column_div av-zero-column-padding first  avia-builder-el-4  el_after_av_one_full  el_before_av_hr  column-top-margin\" style='border-radius:0px; '><section class=\"av_textblock_section \"  itemscope=\"itemscope\" itemtype=\"https:\/\/schema.org\/BlogPosting\" itemprop=\"blogPost\" ><div class='avia_textblock  '   itemprop=\"text\" ><p style=\"text-align: justify;\">El arte y la identidad de la Patagonia de Ays\u00e9n, cruzaron el oc\u00e9ano. Cuatro destacados creadores de la regi\u00f3n representaron a Chile en la Expo Osaka 2025 realizada recientemente en Jap\u00f3n, \u00a1s\u00ed!, viajaron cerca de 17.280 km de distancia a\u00e9rea desde Coyhaique al pa\u00eds asi\u00e1tico, para llevar una propuesta esc\u00e9nica y musical que mezcl\u00f3 teatro, m\u00fasica, cuerpo y patrimonio aysenino. Se trata de Amelia Osorio Novoa, Christian Lira Opazo, Mar\u00eda Jos\u00e9 Vivero Dur\u00e1n y Juan Pablo Aguilera Astorga, artistas que han forjado una importante trayectoria arraigada en el territorio austral.<\/p>\n<p style=\"text-align: justify;\">Pero \u00bfQui\u00e9nes son? Se trata de: <strong>Amelia Osorio Novoa<\/strong>, actriz y gestora cultural, \u00a0co &#8211; fundadora de <em>Teatro Austral<\/em>. Su trabajo combina arte, educaci\u00f3n y comunidad, con una mirada enfocada en la democratizaci\u00f3n del arte y la cultura, que ha intentado relevar la creaci\u00f3n art\u00edstica desde la regi\u00f3n de Ays\u00e9n; <strong>Mar\u00eda Jos\u00e9 Vivero Dur\u00e1n<\/strong>, actriz, educadora y gestora, cofundadora de <em>Teatro Austral<\/em>, con amplia trayectoria en pedagog\u00eda teatral, lengua de se\u00f1as y la educaci\u00f3n emocional. Su trayectoria ha estado principalmente vinculada a la formaci\u00f3n, gesti\u00f3n cultural y proyectos inclusivos, donde ha sido int\u00e9rprete y docente, en iniciativas que han marcado pauta en el sur de Chile;\u00a0 <strong>Christian Lira Opazo,<\/strong> actor coyhaiquino, con formaci\u00f3n profesional tanto en el territorio nacional como en el extranjero. Ha desarrollado su carrera en \u00e1reas como el dise\u00f1o, dramaturgia y direcci\u00f3n. Integrante de la compa\u00f1\u00eda de Teatro Huevo, donde ha participado en montajes como: \u00abEl pa\u00eds de las Maravillas\u00bb, Estado de Sitio\u00bb y \u00abJuan y Margarita\u00bb entre otros. Desde el 2025, se suma al equipo docente de la formaci\u00f3n comunitaria Casa del Arte, fundada por la escuela de teatro Austral. , y finalmente, <strong>Juan Pablo Aguilera Astorga<\/strong>, m\u00fasico y compositor, creador del proyecto <em>La Cangalla y Arborescencia<\/em>, adem\u00e1s de miembro de <em>Teatro Huevo<\/em>. Ha cultivado un sonido que entrelaza ra\u00edces latinoamericanas, jazz y sonoridades patag\u00f3nicas. Su disco \u201cMinga de regreso\u201d es una traves\u00eda musical que dialoga con la naturaleza y la identidad del sur. En 2023 fue nominado a los Premios Pulsar junto a Teatro Huevo por el disco infantil <em>Huevo Revuelto.<\/em><\/p>\n<p style=\"text-align: justify;\">\u201cHaber representado a la industria creativa en Jap\u00f3n ha sido muy importante. Este proyecto re\u00fane las voces del mall\u00edn y los sonidos del \u00f1ire, plasmados en las obras de los artistas que participaron del proceso. A trav\u00e9s de este trabajo, se pone en valor la industria creativa que florece en un territorio aislado, pero profundamente comprometido con la creaci\u00f3n y la difusi\u00f3n de talentos con potencial exportable.\u201d <em>Amelia Osorio Novoa, actriz y co- fundadora de Teatro Austral. <\/em><\/p>\n<p style=\"text-align: justify;\">La participaci\u00f3n de estos artistas en la Expo Osaka 2025, financiada por el Gobierno Regional de Ays\u00e9n y Prochile, sin duda marca un precedente hist\u00f3rico para la escena art\u00edstica local. Es la primera vez que creadores locales representan a Chile en una vitrina mundial de tal magnitud, mostrando al mundo la fuerza creativa que surge desde los territorios m\u00e1s australes del planeta.<\/p>\n<p style=\"text-align: justify;\">En cuanto a la propuesta esc\u00e9nica, se destaca la muestra de estatuas a escala humanas\u00a0 que representaron oficios de la Patagonia, principalmente poniendo el acento en la \u00a0labor de las mujeres en Ays\u00e9n, que se caracteriza por la sapiencia y oficios como la \u00a0artesan\u00eda y los saberes populares; sin duda parte importante del patrimonio inmaterial de la regi\u00f3n, ponencia que estuvo a cargo de las co- fundadoras de Teatro Austral.<\/p>\n<p style=\"text-align: justify;\">As\u00ed tambi\u00e9n esta muestra cont\u00f3 con la m\u00fasica de Juan Pablo Aguilera, quien llev\u00f3 la m\u00fasica regional, a trav\u00e9s de los sonidos del acorde\u00f3n, poniendo en valor la cultura y el patrimonio local, y finalmente la activaci\u00f3n permanente del personaje \u201cDon Eustaquio\u201d a cargo de Christian Lira, quien dio a conocer a trav\u00e9s de la manipulaci\u00f3n de marote (t\u00edtere de manipulaci\u00f3n directa), \u00a0la frescura, picard\u00eda y relato del t\u00edpico gaucho patag\u00f3n de Ays\u00e9n, sin duda, elementos teatrales, musicales y perform\u00e1ticos que relatan la conexi\u00f3n entre naturaleza, cultura y humanidad, desde la mirada sensible del sur del mundo.<\/p>\n<p style=\"text-align: justify;\"><em>\u201cDesde ProChile queremos destacar el profesionalismo y la proyecci\u00f3n internacional de los artistas de nuestra regi\u00f3n. Su presencia en Osaka es fruto de un trabajo que hemos realizado los \u00faltimos a\u00f1os para poner en valor el desarrollo de las artes y la cultural regional. Debemos comprender el sector como una potencial industria que llegue al resto de Chile y al mundo. La IC es un veh\u00edculo para posicionar la regi\u00f3n en el mundo, es un potenciador de otras industrias. Es virtuosa y funcional a todos los sectores productivos de nuestra regi\u00f3n\u201d, indic\u00f3: <\/em>Jaime Poblete Lombardero. <em>Director Regional de ProChile Ays\u00e9n.<\/em><\/p>\n<p style=\"text-align: justify;\"><em>Finalmente, cabe destacar que adem\u00e1s de quienes representaron a la regi\u00f3n en Jap\u00f3n, se suma el trabajo de: Cecilia Barril y Manuela Millar en vestuario, Dami\u00e1n Antiguez en direcci\u00f3n y Claudia Molina y Sabrina Porcel en Comunicaciones, sin duda un equipo integral que simboliza <\/em>la madurez art\u00edstica de una generaci\u00f3n que ha hecho del sur, un espacio de creaci\u00f3n y resistencia cultural. Con ellos, la Regi\u00f3n de Ays\u00e9n se inscribe en la memoria de un evento global que celebra el di\u00e1logo entre los pueblos y la esperanza de un futuro com\u00fan.<\/p>\n<\/div><\/section><\/div><div  style='height:50px' class='hr hr-invisible   avia-builder-el-6  el_after_av_one_full  el_before_av_social_share '><span class='hr-inner ' ><span class='hr-inner-style'><\/span><\/span><\/div><\/p>\n<div  class='av-social-sharing-box  avia-builder-el-7  el_after_av_hr  el_before_av_hr  '><div class='av-share-box'><h5 class='av-share-link-description av-no-toc '>Compartir esta noticia<\/h5><ul class='av-share-box-list noLightbox'><li class='av-share-link av-social-link-facebook' ><a target=\"_blank\" aria-label=\"Compartir en Facebook\" href='https:\/\/www.facebook.com\/sharer.php?u=https:\/\/radiorevelacionfm.cl\/?p=60603&#038;t=Cuatro%20artistas%20de%20Ays%C3%A9n%20representaron%20a%20Chile%20en%20la%20Expo%20Osaka%202025%20realizada%20en%20Jap%C3%B3n' aria-hidden='false' data-av_icon='\ue8f3' data-av_iconfont='entypo-fontello' title='' data-avia-related-tooltip='Compartir en Facebook' rel=\"noopener\"><span class='avia_hidden_link_text'>Compartir en Facebook<\/span><\/a><\/li><li class='av-share-link av-social-link-twitter' ><a target=\"_blank\" aria-label=\"Compartir en Twitter\" href='https:\/\/twitter.com\/share?text=Cuatro%20artistas%20de%20Ays%C3%A9n%20representaron%20a%20Chile%20en%20la%20Expo%20Osaka%202025%20realizada%20en%20Jap%C3%B3n&#038;url=https:\/\/radiorevelacionfm.cl\/?p=60603' aria-hidden='false' data-av_icon='\ue8f1' data-av_iconfont='entypo-fontello' title='' data-avia-related-tooltip='Compartir en Twitter' rel=\"noopener\"><span class='avia_hidden_link_text'>Compartir en Twitter<\/span><\/a><\/li><li class='av-share-link av-social-link-whatsapp' ><a target=\"_blank\" aria-label=\"Compartir en Whatsapp\" href='https:\/\/api.whatsapp.com\/send?text=https:\/\/radiorevelacionfm.cl\/?p=60603' aria-hidden='false' data-av_icon='\uf232' data-av_iconfont='entypo-fontello' title='' data-avia-related-tooltip='Compartir en Whatsapp' rel=\"noopener\"><span class='avia_hidden_link_text'>Compartir en Whatsapp<\/span><\/a><\/li><li class='av-share-link av-social-link-linkedin' ><a target=\"_blank\" aria-label=\"Compartir en LinkedIn\" href='https:\/\/linkedin.com\/shareArticle?mini=true&#038;title=Cuatro%20artistas%20de%20Ays%C3%A9n%20representaron%20a%20Chile%20en%20la%20Expo%20Osaka%202025%20realizada%20en%20Jap%C3%B3n&#038;url=https:\/\/radiorevelacionfm.cl\/?p=60603' aria-hidden='false' data-av_icon='\ue8fc' data-av_iconfont='entypo-fontello' title='' data-avia-related-tooltip='Compartir en LinkedIn' rel=\"noopener\"><span class='avia_hidden_link_text'>Compartir en LinkedIn<\/span><\/a><\/li><li class='av-share-link av-social-link-mail' ><a  aria-label=\"Compartir por correo\" href='mailto:?subject=Cuatro%20artistas%20de%20Ays%C3%A9n%20representaron%20a%20Chile%20en%20la%20Expo%20Osaka%202025%20realizada%20en%20Jap%C3%B3n&#038;body=https:\/\/radiorevelacionfm.cl\/?p=60603' aria-hidden='false' data-av_icon='\ue805' data-av_iconfont='entypo-fontello' title='' data-avia-related-tooltip='Compartir por correo'><span class='avia_hidden_link_text'>Compartir por correo<\/span><\/a><\/li><\/ul><\/div><\/div>\n<div  style='height:50px' class='hr hr-invisible   avia-builder-el-8  el_after_av_social_share  el_before_av_comments_list '><span class='hr-inner ' ><span class='hr-inner-style'><\/span><\/span><\/div>\n<div  class='av-buildercomment  av-blog-meta-html-info-disabled av-blog-meta-tag-disabled  '><\/div>\n","protected":false},"excerpt":{"rendered":"","protected":false},"author":1,"featured_media":60604,"comment_status":"closed","ping_status":"closed","sticky":false,"template":"","format":"standard","meta":{"footnotes":""},"categories":[38],"tags":[],"class_list":["post-60603","post","type-post","status-publish","format-standard","has-post-thumbnail","hentry","category-regional"],"jetpack_featured_media_url":"https:\/\/radiorevelacionfm.cl\/wp-content\/uploads\/2025\/10\/bob07472-1_optimized.jpg","_links":{"self":[{"href":"https:\/\/radiorevelacionfm.cl\/index.php?rest_route=\/wp\/v2\/posts\/60603","targetHints":{"allow":["GET"]}}],"collection":[{"href":"https:\/\/radiorevelacionfm.cl\/index.php?rest_route=\/wp\/v2\/posts"}],"about":[{"href":"https:\/\/radiorevelacionfm.cl\/index.php?rest_route=\/wp\/v2\/types\/post"}],"author":[{"embeddable":true,"href":"https:\/\/radiorevelacionfm.cl\/index.php?rest_route=\/wp\/v2\/users\/1"}],"replies":[{"embeddable":true,"href":"https:\/\/radiorevelacionfm.cl\/index.php?rest_route=%2Fwp%2Fv2%2Fcomments&post=60603"}],"version-history":[{"count":2,"href":"https:\/\/radiorevelacionfm.cl\/index.php?rest_route=\/wp\/v2\/posts\/60603\/revisions"}],"predecessor-version":[{"id":60606,"href":"https:\/\/radiorevelacionfm.cl\/index.php?rest_route=\/wp\/v2\/posts\/60603\/revisions\/60606"}],"wp:featuredmedia":[{"embeddable":true,"href":"https:\/\/radiorevelacionfm.cl\/index.php?rest_route=\/wp\/v2\/media\/60604"}],"wp:attachment":[{"href":"https:\/\/radiorevelacionfm.cl\/index.php?rest_route=%2Fwp%2Fv2%2Fmedia&parent=60603"}],"wp:term":[{"taxonomy":"category","embeddable":true,"href":"https:\/\/radiorevelacionfm.cl\/index.php?rest_route=%2Fwp%2Fv2%2Fcategories&post=60603"},{"taxonomy":"post_tag","embeddable":true,"href":"https:\/\/radiorevelacionfm.cl\/index.php?rest_route=%2Fwp%2Fv2%2Ftags&post=60603"}],"curies":[{"name":"wp","href":"https:\/\/api.w.org\/{rel}","templated":true}]}}