{"id":60596,"date":"2025-10-22T12:25:14","date_gmt":"2025-10-22T15:25:14","guid":{"rendered":"https:\/\/radiorevelacionfm.cl\/?p=60596"},"modified":"2025-10-22T12:25:14","modified_gmt":"2025-10-22T15:25:14","slug":"diputada-raphael-por-aprobacion-de-la-defensoria-de-las-victimas-el-estado-dara-voz-y-defensa-a-quienes-mas-lo-necesitan","status":"publish","type":"post","link":"https:\/\/radiorevelacionfm.cl\/?p=60596","title":{"rendered":"Diputada Raphael por aprobaci\u00f3n de la Defensor\u00eda de las V\u00edctimas: \u201cel Estado dar\u00e1 voz y defensa a quienes m\u00e1s lo necesitan\u201d"},"content":{"rendered":"<div class=\"flex_column av_one_full  flex_column_div av-zero-column-padding first  avia-builder-el-0  el_before_av_one_full  avia-builder-el-first  \" style='border-radius:0px; '><div  class='avia-image-container  av-styling-    avia-builder-el-1  avia-builder-el-no-sibling  avia-align-center '  itemprop=\"image\" itemscope=\"itemscope\" itemtype=\"https:\/\/schema.org\/ImageObject\"  ><div class='avia-image-container-inner'><div class='avia-image-overlay-wrap'><img decoding=\"async\" class='wp-image-53386 avia-img-lazy-loading-not-53386 avia_image' src=\"https:\/\/radiorevelacionfm.cl\/wp-content\/uploads\/2025\/04\/diputada-m-raphael-1_optimized.jpeg\" alt='' title='diputada-m-raphael-(1)_optimized' height=\"600\" width=\"901\"  itemprop=\"thumbnailUrl\" srcset=\"https:\/\/radiorevelacionfm.cl\/wp-content\/uploads\/2025\/04\/diputada-m-raphael-1_optimized.jpeg 901w, https:\/\/radiorevelacionfm.cl\/wp-content\/uploads\/2025\/04\/diputada-m-raphael-1_optimized-300x200.jpeg 300w, https:\/\/radiorevelacionfm.cl\/wp-content\/uploads\/2025\/04\/diputada-m-raphael-1_optimized-768x511.jpeg 768w, https:\/\/radiorevelacionfm.cl\/wp-content\/uploads\/2025\/04\/diputada-m-raphael-1_optimized-705x469.jpeg 705w, https:\/\/radiorevelacionfm.cl\/wp-content\/uploads\/2025\/04\/diputada-m-raphael-1_optimized-450x300.jpeg 450w, https:\/\/radiorevelacionfm.cl\/wp-content\/uploads\/2025\/04\/diputada-m-raphael-1_optimized-600x400.jpeg 600w\" sizes=\"(max-width: 901px) 100vw, 901px\" \/><\/div><\/div><\/div><\/div><div class=\"flex_column av_one_full  flex_column_div av-zero-column-padding first  avia-builder-el-2  el_after_av_one_full  el_before_av_one_full  column-top-margin\" style='border-radius:0px; '><section class=\"av_textblock_section \"  itemscope=\"itemscope\" itemtype=\"https:\/\/schema.org\/BlogPosting\" itemprop=\"blogPost\" ><div class='avia_textblock  '   itemprop=\"text\" ><p style=\"text-align: center;\"><span style=\"font-size: 18pt;\"><b>Diputada Raphael\u00a0<\/b><b>por aprobaci\u00f3n de<\/b><b>\u00a0la Defensor\u00eda de las V\u00edctimas: \u201cel Estado da<\/b><b>r\u00e1<\/b><b>\u00a0voz y defensa a quienes m\u00e1s lo necesitan\u201d<\/b><\/span><\/p>\n<div id=\"gtx-trans\" style=\"position: absolute; left: -50px; top: 4.31534px;\">\n<div class=\"gtx-trans-icon\"><\/div>\n<\/div>\n<\/div><\/section><\/div><div class=\"flex_column av_one_full  flex_column_div av-zero-column-padding first  avia-builder-el-4  el_after_av_one_full  el_before_av_hr  column-top-margin\" style='border-radius:0px; '><section class=\"av_textblock_section \"  itemscope=\"itemscope\" itemtype=\"https:\/\/schema.org\/BlogPosting\" itemprop=\"blogPost\" ><div class='avia_textblock  '   itemprop=\"text\" ><p style=\"font-weight: 400; text-align: justify;\"><em>La representante de la Regi\u00f3n de Ays\u00e9n en la C\u00e1mara baja enfatiz\u00f3 en que es fundamental que la creaci\u00f3n de esta institucionalidad responda a las expectativas de la ciudadan\u00eda.<\/em><strong><br \/>\n<\/strong><\/p>\n<p style=\"font-weight: 400; text-align: justify;\">La diputada por la Regi\u00f3n de Ays\u00e9n, Marcia Raphael (RN), valor\u00f3 la aprobaci\u00f3n definitiva del proyecto de ley que crea la Defensor\u00eda de las V\u00edctimas, se trata de una nueva instituci\u00f3n p\u00fablica destinada a entregar defensa jur\u00eddica y acompa\u00f1amiento gratuito a personas afectadas por delitos graves en todo el pa\u00eds.<\/p>\n<p style=\"font-weight: 400; text-align: justify;\">\u201cHoy se corrige una injusticia hist\u00f3rica, por fin el Estado defender\u00e1 a las v\u00edctimas de delitos en nuestro pa\u00eds. Con esta ley, equilibramos la balanza y damos dignidad a quienes han sido vulnerados\u201d, expres\u00f3 la parlamentaria.<\/p>\n<p style=\"font-weight: 400; text-align: justify;\">La iniciativa fue impulsada originalmente durante el gobierno del ex Presidente, Sebasti\u00e1n Pi\u00f1era, y apoyada transversalmente por los diputados de Renovaci\u00f3n Nacional, siendo la diputada, Marcia Raphael co-autora de la iniciativa. La normativa busca garantizar la representaci\u00f3n legal, orientaci\u00f3n psicol\u00f3gica y la entrega de apoyo social a quienes han sufrido delitos como homicidios, robos con violencia, secuestros, delitos sexuales, usurpaciones o actos terroristas.<\/p>\n<p style=\"font-weight: 400; text-align: justify;\">Marcia Raphael destac\u00f3 que esta medida \u201ces especialmente relevante para regiones extremas y aisladas como Ays\u00e9n, donde muchas familias no cuentan con recursos para contratar abogados, apoyo psicol\u00f3gico, social o donde las distancias dificultan acceder a orientaci\u00f3n. Es fundamental que la Defensor\u00eda llegue con fuerza tambi\u00e9n a las zonas rurales y apartadas.\u201d.<\/p>\n<p style=\"font-weight: 400; text-align: justify;\">Cabe destacar, que la nueva institucionalidad depender\u00e1 del Ministerio de Justicia y Derechos Humanos, y deber\u00e1 coordinarse con el Ministerio P\u00fablico, Carabineros y la Polic\u00eda de Investigaciones para brindar atenci\u00f3n integral a las v\u00edctimas.<\/p>\n<p style=\"font-weight: 400; text-align: justify;\">La diputada de RN agreg\u00f3 que continuar\u00e1 \u201cvigilante para que la implementaci\u00f3n sea efectiva y con recursos suficientes\u201d, subrayando que el pa\u00eds \u201cnecesita una justicia m\u00e1s humana, que no abandone a quienes han sufrido la violencia o el delito\u201d.<\/p>\n<p style=\"font-weight: 400; text-align: justify;\">La creaci\u00f3n de la Defensor\u00eda de las V\u00edctimas fue celebrada por la bancada de Renovaci\u00f3n Nacional, que impuls\u00f3 la campa\u00f1a #NadieMeDefiende, visibilizando la necesidad de protecci\u00f3n legal estatal para las v\u00edctimas, al mismo nivel que los imputados.<\/p>\n<p style=\"font-weight: 400; text-align: justify;\">\u201cEste es un logro de sentido com\u00fan, justicia y humanidad. Las v\u00edctimas por fin tendr\u00e1n una voz y un abogado que las defienda y acompa\u00f1e en el debido proceso\u201d, concluy\u00f3 la diputada Marcia Raphael.<\/p>\n<\/div><\/section><\/div><div  style='height:50px' class='hr hr-invisible   avia-builder-el-6  el_after_av_one_full  el_before_av_social_share '><span class='hr-inner ' ><span class='hr-inner-style'><\/span><\/span><\/div><\/p>\n<div  class='av-social-sharing-box  avia-builder-el-7  el_after_av_hr  el_before_av_hr  '><div class='av-share-box'><h5 class='av-share-link-description av-no-toc '>Compartir esta noticia<\/h5><ul class='av-share-box-list noLightbox'><li class='av-share-link av-social-link-facebook' ><a target=\"_blank\" aria-label=\"Compartir en Facebook\" href='https:\/\/www.facebook.com\/sharer.php?u=https:\/\/radiorevelacionfm.cl\/?p=60596&#038;t=Diputada%20Raphael%20por%20aprobaci%C3%B3n%20de%20la%20Defensor%C3%ADa%20de%20las%20V%C3%ADctimas%3A%20%E2%80%9Cel%20Estado%20dar%C3%A1%20voz%20y%20defensa%20a%20quienes%20m%C3%A1s%20lo%20necesitan%E2%80%9D' aria-hidden='false' data-av_icon='\ue8f3' data-av_iconfont='entypo-fontello' title='' data-avia-related-tooltip='Compartir en Facebook' rel=\"noopener\"><span class='avia_hidden_link_text'>Compartir en Facebook<\/span><\/a><\/li><li class='av-share-link av-social-link-twitter' ><a target=\"_blank\" aria-label=\"Compartir en Twitter\" href='https:\/\/twitter.com\/share?text=Diputada%20Raphael%20por%20aprobaci%C3%B3n%20de%20la%20Defensor%C3%ADa%20de%20las%20V%C3%ADctimas%3A%20%E2%80%9Cel%20Estado%20dar%C3%A1%20voz%20y%20defensa%20a%20quienes%20m%C3%A1s%20lo%20necesitan%E2%80%9D&#038;url=https:\/\/radiorevelacionfm.cl\/?p=60596' aria-hidden='false' data-av_icon='\ue8f1' data-av_iconfont='entypo-fontello' title='' data-avia-related-tooltip='Compartir en Twitter' rel=\"noopener\"><span class='avia_hidden_link_text'>Compartir en Twitter<\/span><\/a><\/li><li class='av-share-link av-social-link-whatsapp' ><a target=\"_blank\" aria-label=\"Compartir en Whatsapp\" href='https:\/\/api.whatsapp.com\/send?text=https:\/\/radiorevelacionfm.cl\/?p=60596' aria-hidden='false' data-av_icon='\uf232' data-av_iconfont='entypo-fontello' title='' data-avia-related-tooltip='Compartir en Whatsapp' rel=\"noopener\"><span class='avia_hidden_link_text'>Compartir en Whatsapp<\/span><\/a><\/li><li class='av-share-link av-social-link-linkedin' ><a target=\"_blank\" aria-label=\"Compartir en LinkedIn\" href='https:\/\/linkedin.com\/shareArticle?mini=true&#038;title=Diputada%20Raphael%20por%20aprobaci%C3%B3n%20de%20la%20Defensor%C3%ADa%20de%20las%20V%C3%ADctimas%3A%20%E2%80%9Cel%20Estado%20dar%C3%A1%20voz%20y%20defensa%20a%20quienes%20m%C3%A1s%20lo%20necesitan%E2%80%9D&#038;url=https:\/\/radiorevelacionfm.cl\/?p=60596' aria-hidden='false' data-av_icon='\ue8fc' data-av_iconfont='entypo-fontello' title='' data-avia-related-tooltip='Compartir en LinkedIn' rel=\"noopener\"><span class='avia_hidden_link_text'>Compartir en LinkedIn<\/span><\/a><\/li><li class='av-share-link av-social-link-mail' ><a  aria-label=\"Compartir por correo\" href='mailto:?subject=Diputada%20Raphael%20por%20aprobaci%C3%B3n%20de%20la%20Defensor%C3%ADa%20de%20las%20V%C3%ADctimas%3A%20%E2%80%9Cel%20Estado%20dar%C3%A1%20voz%20y%20defensa%20a%20quienes%20m%C3%A1s%20lo%20necesitan%E2%80%9D&#038;body=https:\/\/radiorevelacionfm.cl\/?p=60596' aria-hidden='false' data-av_icon='\ue805' data-av_iconfont='entypo-fontello' title='' data-avia-related-tooltip='Compartir por correo'><span class='avia_hidden_link_text'>Compartir por correo<\/span><\/a><\/li><\/ul><\/div><\/div>\n<div  style='height:50px' class='hr hr-invisible   avia-builder-el-8  el_after_av_social_share  el_before_av_comments_list '><span class='hr-inner ' ><span class='hr-inner-style'><\/span><\/span><\/div>\n<div  class='av-buildercomment  av-blog-meta-html-info-disabled av-blog-meta-tag-disabled  '><\/div>\n","protected":false},"excerpt":{"rendered":"","protected":false},"author":1,"featured_media":53386,"comment_status":"closed","ping_status":"closed","sticky":false,"template":"","format":"standard","meta":{"footnotes":""},"categories":[35],"tags":[],"class_list":["post-60596","post","type-post","status-publish","format-standard","has-post-thumbnail","hentry","category-politica"],"jetpack_featured_media_url":"https:\/\/radiorevelacionfm.cl\/wp-content\/uploads\/2025\/04\/diputada-m-raphael-1_optimized.jpeg","_links":{"self":[{"href":"https:\/\/radiorevelacionfm.cl\/index.php?rest_route=\/wp\/v2\/posts\/60596","targetHints":{"allow":["GET"]}}],"collection":[{"href":"https:\/\/radiorevelacionfm.cl\/index.php?rest_route=\/wp\/v2\/posts"}],"about":[{"href":"https:\/\/radiorevelacionfm.cl\/index.php?rest_route=\/wp\/v2\/types\/post"}],"author":[{"embeddable":true,"href":"https:\/\/radiorevelacionfm.cl\/index.php?rest_route=\/wp\/v2\/users\/1"}],"replies":[{"embeddable":true,"href":"https:\/\/radiorevelacionfm.cl\/index.php?rest_route=%2Fwp%2Fv2%2Fcomments&post=60596"}],"version-history":[{"count":2,"href":"https:\/\/radiorevelacionfm.cl\/index.php?rest_route=\/wp\/v2\/posts\/60596\/revisions"}],"predecessor-version":[{"id":60620,"href":"https:\/\/radiorevelacionfm.cl\/index.php?rest_route=\/wp\/v2\/posts\/60596\/revisions\/60620"}],"wp:featuredmedia":[{"embeddable":true,"href":"https:\/\/radiorevelacionfm.cl\/index.php?rest_route=\/wp\/v2\/media\/53386"}],"wp:attachment":[{"href":"https:\/\/radiorevelacionfm.cl\/index.php?rest_route=%2Fwp%2Fv2%2Fmedia&parent=60596"}],"wp:term":[{"taxonomy":"category","embeddable":true,"href":"https:\/\/radiorevelacionfm.cl\/index.php?rest_route=%2Fwp%2Fv2%2Fcategories&post=60596"},{"taxonomy":"post_tag","embeddable":true,"href":"https:\/\/radiorevelacionfm.cl\/index.php?rest_route=%2Fwp%2Fv2%2Ftags&post=60596"}],"curies":[{"name":"wp","href":"https:\/\/api.w.org\/{rel}","templated":true}]}}