{"id":60592,"date":"2025-10-21T18:12:16","date_gmt":"2025-10-21T21:12:16","guid":{"rendered":"https:\/\/radiorevelacionfm.cl\/?p=60592"},"modified":"2025-10-21T18:12:16","modified_gmt":"2025-10-21T21:12:16","slug":"profesoras-y-profesores-de-aysen-comienzan-a-recibir-el-pago-de-solucion-a-la-deuda-historica","status":"publish","type":"post","link":"https:\/\/radiorevelacionfm.cl\/?p=60592","title":{"rendered":"Profesoras y profesores de Ays\u00e9n comienzan a recibir el pago de soluci\u00f3n a la Deuda Hist\u00f3rica"},"content":{"rendered":"<div class=\"flex_column av_one_full  flex_column_div av-zero-column-padding first  avia-builder-el-0  el_before_av_one_full  avia-builder-el-first  \" style='border-radius:0px; '><div  class='avia-image-container  av-styling-    avia-builder-el-1  avia-builder-el-no-sibling  avia-align-center '  itemprop=\"image\" itemscope=\"itemscope\" itemtype=\"https:\/\/schema.org\/ImageObject\"  ><div class='avia-image-container-inner'><div class='avia-image-overlay-wrap'><img decoding=\"async\" class='wp-image-60593 avia-img-lazy-loading-not-60593 avia_image' src=\"https:\/\/radiorevelacionfm.cl\/wp-content\/uploads\/2025\/10\/517a55a4-a3e8-4f99-8d86-c761cb27ad9f-1-1.jpeg\" alt='' title='517a55a4-a3e8-4f99-8d86-c761cb27ad9f (1) (1)' height=\"600\" width=\"900\"  itemprop=\"thumbnailUrl\" srcset=\"https:\/\/radiorevelacionfm.cl\/wp-content\/uploads\/2025\/10\/517a55a4-a3e8-4f99-8d86-c761cb27ad9f-1-1.jpeg 900w, https:\/\/radiorevelacionfm.cl\/wp-content\/uploads\/2025\/10\/517a55a4-a3e8-4f99-8d86-c761cb27ad9f-1-1-300x200.jpeg 300w, https:\/\/radiorevelacionfm.cl\/wp-content\/uploads\/2025\/10\/517a55a4-a3e8-4f99-8d86-c761cb27ad9f-1-1-768x512.jpeg 768w, https:\/\/radiorevelacionfm.cl\/wp-content\/uploads\/2025\/10\/517a55a4-a3e8-4f99-8d86-c761cb27ad9f-1-1-705x470.jpeg 705w, https:\/\/radiorevelacionfm.cl\/wp-content\/uploads\/2025\/10\/517a55a4-a3e8-4f99-8d86-c761cb27ad9f-1-1-450x300.jpeg 450w, https:\/\/radiorevelacionfm.cl\/wp-content\/uploads\/2025\/10\/517a55a4-a3e8-4f99-8d86-c761cb27ad9f-1-1-600x400.jpeg 600w\" sizes=\"(max-width: 900px) 100vw, 900px\" \/><\/div><\/div><\/div><\/div><div class=\"flex_column av_one_full  flex_column_div av-zero-column-padding first  avia-builder-el-2  el_after_av_one_full  el_before_av_one_full  column-top-margin\" style='border-radius:0px; '><section class=\"av_textblock_section \"  itemscope=\"itemscope\" itemtype=\"https:\/\/schema.org\/BlogPosting\" itemprop=\"blogPost\" ><div class='avia_textblock  '   itemprop=\"text\" ><p style=\"text-align: center;\"><span style=\"font-size: 18pt;\"><b>Profesoras y profesores de Ays\u00e9n comienzan a recibir el pago de soluci\u00f3n a la Deuda Hist\u00f3rica<\/b><\/span><\/p>\n<div id=\"gtx-trans\" style=\"position: absolute; left: -50px; top: 4.31534px;\">\n<div class=\"gtx-trans-icon\"><\/div>\n<\/div>\n<\/div><\/section><\/div><div class=\"flex_column av_one_full  flex_column_div av-zero-column-padding first  avia-builder-el-4  el_after_av_one_full  el_before_av_hr  column-top-margin\" style='border-radius:0px; '><section class=\"av_textblock_section \"  itemscope=\"itemscope\" itemtype=\"https:\/\/schema.org\/BlogPosting\" itemprop=\"blogPost\" ><div class='avia_textblock  '   itemprop=\"text\" ><p style=\"font-weight: 400; text-align: justify;\"><em>Autoridades de gobierno se reunieron con beneficiarios que expresaron su gratitud porque se haya concretado esta soluci\u00f3n a una emblem\u00e1tica demanda del magisterio.<\/em><\/p>\n<p style=\"font-weight: 400; text-align: justify;\">Un momento muy emocionante se vivi\u00f3 hoy con el encuentro del delegado presidencial Jorge D\u00edaz y las seremis de Educaci\u00f3n Katherine Miqueles y de Gobierno \u00darsula Mix con tres profesores que est\u00e1n recibiendo por estos d\u00edas el primer pago de su aporte de compensaci\u00f3n a la Deuda Hist\u00f3rica: Ra\u00fal Rodr\u00edguez, Marina Dolhabaratz y Ana Ocampo.<\/p>\n<p style=\"font-weight: 400; text-align: justify;\">Este hito marca el inicio en la regi\u00f3n de la implementaci\u00f3n de la Ley 21.728, aprobada en enero de este a\u00f1o, que establece un aporte econ\u00f3mico para m\u00e1s de 57 mil docentes afectados por el traspaso de la educaci\u00f3n p\u00fablica a los municipios en los a\u00f1os 80, sin que se respetaran sus derechos previsionales.\u00a0En Ays\u00e9n son 26 las y los docentes que est\u00e1n recibiendo la primera cuota.<\/p>\n<p style=\"font-weight: 400; text-align: justify;\">El proceso de pago de este primer periodo se extender\u00e1 entre el 17 y el 22 de octubre, beneficiando a\u00a015.560 docentes, priorizados por edad, y contempla una segunda cuota en enero de 2026. El monto total a ejecutar este a\u00f1o asciende a\u00a0$35.010 millones de pesos, seg\u00fan inform\u00f3 el Ministerio de Educaci\u00f3n.<\/p>\n<p style=\"font-weight: 400; text-align: justify;\">El Ministerio de Educaci\u00f3n mantiene habilitada la plataforma\u00a0<a href=\"http:\/\/soluciondeudahistorica.mineduc.cl\/\" data-saferedirecturl=\"https:\/\/www.google.com\/url?q=http:\/\/soluciondeudahistorica.mineduc.cl&amp;source=gmail&amp;ust=1761165533074000&amp;usg=AOvVaw3gpP3dw87iBeR41-Qi20RM\">soluciondeudahistorica.mineduc.cl<\/a>\u00a0para que los docentes puedan revisar el estado de su postulaci\u00f3n y optar a uno de los cinco periodos de pagos restantes.\u00a0El plazo para entregar antecedentes se extiende hasta el 31 de diciembre de 2026.<\/p>\n<p style=\"font-weight: 400; text-align: justify;\"><strong>Reacciones<\/strong><\/p>\n<p style=\"font-weight: 400; text-align: justify;\">En la oportunidad, el delegado presidencial Jorge D\u00edaz manifest\u00f3 que \u201cExpresamos nuestra gratitud a las y los profesores que han esperado tanto tiempo por un acto de justicia y reparaci\u00f3n que el Gobierno del Presidente Boric impuls\u00f3 con mucha fuerza porque cumplir con la palabra empe\u00f1ada le da valor a la pol\u00edtica y a la funci\u00f3n p\u00fablica. Esta reparaci\u00f3n tiene un alto valor simb\u00f3lico para la sociedad chilena m\u00e1s all\u00e1 de lo austero que se logr\u00f3 desde el punto de vista monetario, es un reconocimiento como Estado al perjuicio que en un momento de la historia se les hizo a las y los profesores del pa\u00eds y\u00a0 que en su conjunto como sociedad m\u00e1s all\u00e1 de cualquier diferencia se ten\u00eda que asumir en alg\u00fan momento. Y por ello como gobierno nos toc\u00f3 impulsarlo y nos hubiera gustado que la reparaci\u00f3n hubiera sido mejor que lo que se logr\u00f3, cumplimos como gobierno el desaf\u00edo que nos impusimos y que significa reparar en parte el atropello que se les hizo y reconocer el rol de los profesores que va m\u00e1s all\u00e1 de lo educacional y trasciende a lo social y para nosotros es muy importante\u201d.<\/p>\n<p style=\"font-weight: 400; text-align: justify;\">Los profesores presentes expresaron con elocuencia su satisfacci\u00f3n personal por recibir este beneficio de reparaci\u00f3n.<\/p>\n<p style=\"font-weight: 400; text-align: justify;\">Ra\u00fal Rodr\u00edguez, profesor jubilado que vive en Balmaceda se\u00f1al\u00f3: \u201cEstoy muy agradecido porque pensamos que esto iba a ser muy lento en el tiempo y estoy muy contento de ser considerado. Agradecer al Gobierno que se preocup\u00f3 de este tema, nosotros dimos una lucha social por este tema y nunca se logr\u00f3 hasta ahora. Yo considero que el Presidente Boric es un hombre bueno que ha hecho lo que ha podido y entendemos las dificultades pol\u00edticas que enfrentan este tipo de actividades o de soluciones pero le agradecemos yo por lo menos de coraz\u00f3n por haberse preocupado de este tema y habernos dado una alegr\u00eda en los talvez \u00faltimos a\u00f1os de nuestras vidas\u201d.<\/p>\n<p style=\"font-weight: 400; text-align: justify;\">Ana Ocampo, profesora que reside en Coyhaique expres\u00f3. \u201cMe siento agradecida de recibir este aporte aunque no era lo que esper\u00e1bamos, pero en parte se cumpli\u00f3. Agradezco a la seremi por esta invitaci\u00f3n y espero que muchos otros colegas que faltan reciban este aporte\u201d.<\/p>\n<p style=\"font-weight: 400; text-align: justify;\">En tanto Marina Dolhabaratz dijo: \u201cAgradezco al Gobierno (\u2026) Nuca esper\u00e9 recibir este aporte y pens\u00e9 que me iba a ir con los brazos cruzados. Gracias al Gobierno, a Educaci\u00f3n que siempre estuvo al lado de nosotros y nos apoy\u00f3 porque si hubi\u00e9ramos estado solos no hubi\u00e9ramos conseguido nada\u201d.<\/p>\n<p style=\"font-weight: 400; text-align: justify;\">La Seremi de Educaci\u00f3n Katherine Miqueles afirm\u00f3 que: \u201cA mi me llena de emoci\u00f3n compartir con los colegas que est\u00e1n recibiendo el aporte compensatorio a la deuda hist\u00f3rica. Esto es una reparaci\u00f3n y uno quisiera mucho m\u00e1s para compensar el trabajo y la trayectoria. Este encuentro que compartimos reuni\u00f3 a generaciones, de aprendizaje. El gobierno cumple as\u00ed\u00a0 con el compromiso de avanzar en la reparaci\u00f3n de profesoras y profesores y es tambi\u00e9n un reconocimiento a la lucha permanente del magisterio\u201d.<\/p>\n<p style=\"font-weight: 400; text-align: justify;\">Finalmente, la Seremi de Gobierno \u00darsula Mix sostuvo que \u201cEstoy emocionada de haber compartido este momento con nuestras profesoras y profesor en este acto de reparaci\u00f3n y reconocimiento tan lindo a tantos a\u00f1os de lucha en las aulas primero y en la calle tambi\u00e9n para visibilizar el da\u00f1o que se le hab\u00eda hecho a ustedes los profesores y profesoras. Nos orgullece ser el gobierno que cuida y sana estas heridas con estos simb\u00f3licos 4,5 millones de pesos. Cumplimos aqu\u00ed se empe\u00f1\u00f3 la palabra y se puso el trabajo y tambi\u00e9n el di\u00e1logo\u201d.<\/p>\n<p style=\"font-weight: 400; text-align: justify;\">La\u00a0Tesorer\u00eda General de la Rep\u00fablica (TGR), inform\u00f3 que ya se encuentra disponible en su sitio web (<a href=\"https:\/\/www.tgr.cl\/pago-deuda-historica-profesores\/\" data-saferedirecturl=\"https:\/\/www.google.com\/url?q=https:\/\/www.tgr.cl\/pago-deuda-historica-profesores\/&amp;source=gmail&amp;ust=1761165533074000&amp;usg=AOvVaw3vt8zwLig1u_YBqvhQwTNT\">https:\/\/www.tgr.cl\/pago-deuda-historica-profesores\/<\/a>) la opci\u00f3n para rectificar los datos de cuenta bancaria, para aquellas personas cuyos pagos hayan sido rechazados por el banco producto de haber ingresado una cuenta err\u00f3nea o debido a que no informaron cuenta bancaria al momento de presentar sus antecedentes.<\/p>\n<\/div><\/section><\/div><div  style='height:50px' class='hr hr-invisible   avia-builder-el-6  el_after_av_one_full  el_before_av_social_share '><span class='hr-inner ' ><span class='hr-inner-style'><\/span><\/span><\/div><\/p>\n<div  class='av-social-sharing-box  avia-builder-el-7  el_after_av_hr  el_before_av_hr  '><div class='av-share-box'><h5 class='av-share-link-description av-no-toc '>Compartir esta noticia<\/h5><ul class='av-share-box-list noLightbox'><li class='av-share-link av-social-link-facebook' ><a target=\"_blank\" aria-label=\"Compartir en Facebook\" href='https:\/\/www.facebook.com\/sharer.php?u=https:\/\/radiorevelacionfm.cl\/?p=60592&#038;t=Profesoras%20y%20profesores%20de%20Ays%C3%A9n%20comienzan%20a%20recibir%20el%20pago%20de%20soluci%C3%B3n%20a%20la%20Deuda%20Hist%C3%B3rica' aria-hidden='false' data-av_icon='\ue8f3' data-av_iconfont='entypo-fontello' title='' data-avia-related-tooltip='Compartir en Facebook' rel=\"noopener\"><span class='avia_hidden_link_text'>Compartir en Facebook<\/span><\/a><\/li><li class='av-share-link av-social-link-twitter' ><a target=\"_blank\" aria-label=\"Compartir en Twitter\" href='https:\/\/twitter.com\/share?text=Profesoras%20y%20profesores%20de%20Ays%C3%A9n%20comienzan%20a%20recibir%20el%20pago%20de%20soluci%C3%B3n%20a%20la%20Deuda%20Hist%C3%B3rica&#038;url=https:\/\/radiorevelacionfm.cl\/?p=60592' aria-hidden='false' data-av_icon='\ue8f1' data-av_iconfont='entypo-fontello' title='' data-avia-related-tooltip='Compartir en Twitter' rel=\"noopener\"><span class='avia_hidden_link_text'>Compartir en Twitter<\/span><\/a><\/li><li class='av-share-link av-social-link-whatsapp' ><a target=\"_blank\" aria-label=\"Compartir en Whatsapp\" href='https:\/\/api.whatsapp.com\/send?text=https:\/\/radiorevelacionfm.cl\/?p=60592' aria-hidden='false' data-av_icon='\uf232' data-av_iconfont='entypo-fontello' title='' data-avia-related-tooltip='Compartir en Whatsapp' rel=\"noopener\"><span class='avia_hidden_link_text'>Compartir en Whatsapp<\/span><\/a><\/li><li class='av-share-link av-social-link-linkedin' ><a target=\"_blank\" aria-label=\"Compartir en LinkedIn\" href='https:\/\/linkedin.com\/shareArticle?mini=true&#038;title=Profesoras%20y%20profesores%20de%20Ays%C3%A9n%20comienzan%20a%20recibir%20el%20pago%20de%20soluci%C3%B3n%20a%20la%20Deuda%20Hist%C3%B3rica&#038;url=https:\/\/radiorevelacionfm.cl\/?p=60592' aria-hidden='false' data-av_icon='\ue8fc' data-av_iconfont='entypo-fontello' title='' data-avia-related-tooltip='Compartir en LinkedIn' rel=\"noopener\"><span class='avia_hidden_link_text'>Compartir en LinkedIn<\/span><\/a><\/li><li class='av-share-link av-social-link-mail' ><a  aria-label=\"Compartir por correo\" href='mailto:?subject=Profesoras%20y%20profesores%20de%20Ays%C3%A9n%20comienzan%20a%20recibir%20el%20pago%20de%20soluci%C3%B3n%20a%20la%20Deuda%20Hist%C3%B3rica&#038;body=https:\/\/radiorevelacionfm.cl\/?p=60592' aria-hidden='false' data-av_icon='\ue805' data-av_iconfont='entypo-fontello' title='' data-avia-related-tooltip='Compartir por correo'><span class='avia_hidden_link_text'>Compartir por correo<\/span><\/a><\/li><\/ul><\/div><\/div>\n<div  style='height:50px' class='hr hr-invisible   avia-builder-el-8  el_after_av_social_share  el_before_av_comments_list '><span class='hr-inner ' ><span class='hr-inner-style'><\/span><\/span><\/div>\n<div  class='av-buildercomment  av-blog-meta-html-info-disabled av-blog-meta-tag-disabled  '><\/div>\n","protected":false},"excerpt":{"rendered":"","protected":false},"author":1,"featured_media":60593,"comment_status":"closed","ping_status":"closed","sticky":false,"template":"","format":"standard","meta":{"footnotes":""},"categories":[49],"tags":[],"class_list":["post-60592","post","type-post","status-publish","format-standard","has-post-thumbnail","hentry","category-educacion"],"jetpack_featured_media_url":"https:\/\/radiorevelacionfm.cl\/wp-content\/uploads\/2025\/10\/517a55a4-a3e8-4f99-8d86-c761cb27ad9f-1-1.jpeg","_links":{"self":[{"href":"https:\/\/radiorevelacionfm.cl\/index.php?rest_route=\/wp\/v2\/posts\/60592","targetHints":{"allow":["GET"]}}],"collection":[{"href":"https:\/\/radiorevelacionfm.cl\/index.php?rest_route=\/wp\/v2\/posts"}],"about":[{"href":"https:\/\/radiorevelacionfm.cl\/index.php?rest_route=\/wp\/v2\/types\/post"}],"author":[{"embeddable":true,"href":"https:\/\/radiorevelacionfm.cl\/index.php?rest_route=\/wp\/v2\/users\/1"}],"replies":[{"embeddable":true,"href":"https:\/\/radiorevelacionfm.cl\/index.php?rest_route=%2Fwp%2Fv2%2Fcomments&post=60592"}],"version-history":[{"count":2,"href":"https:\/\/radiorevelacionfm.cl\/index.php?rest_route=\/wp\/v2\/posts\/60592\/revisions"}],"predecessor-version":[{"id":60598,"href":"https:\/\/radiorevelacionfm.cl\/index.php?rest_route=\/wp\/v2\/posts\/60592\/revisions\/60598"}],"wp:featuredmedia":[{"embeddable":true,"href":"https:\/\/radiorevelacionfm.cl\/index.php?rest_route=\/wp\/v2\/media\/60593"}],"wp:attachment":[{"href":"https:\/\/radiorevelacionfm.cl\/index.php?rest_route=%2Fwp%2Fv2%2Fmedia&parent=60592"}],"wp:term":[{"taxonomy":"category","embeddable":true,"href":"https:\/\/radiorevelacionfm.cl\/index.php?rest_route=%2Fwp%2Fv2%2Fcategories&post=60592"},{"taxonomy":"post_tag","embeddable":true,"href":"https:\/\/radiorevelacionfm.cl\/index.php?rest_route=%2Fwp%2Fv2%2Ftags&post=60592"}],"curies":[{"name":"wp","href":"https:\/\/api.w.org\/{rel}","templated":true}]}}