{"id":60585,"date":"2025-10-21T17:47:29","date_gmt":"2025-10-21T20:47:29","guid":{"rendered":"https:\/\/radiorevelacionfm.cl\/?p=60585"},"modified":"2025-10-21T17:47:29","modified_gmt":"2025-10-21T20:47:29","slug":"seremi-de-salud-y-sag-firman-convenio-para-acciones-de-prevencion-y-control-de-hidatidosis","status":"publish","type":"post","link":"https:\/\/radiorevelacionfm.cl\/?p=60585","title":{"rendered":"Seremi de Salud y SAG firman convenio para acciones de prevenci\u00f3n y control de Hidatidosis"},"content":{"rendered":"<div class=\"flex_column av_one_full  flex_column_div av-zero-column-padding first  avia-builder-el-0  el_before_av_one_full  avia-builder-el-first  \" style='border-radius:0px; '><div  class='avia-image-container  av-styling-    avia-builder-el-1  avia-builder-el-no-sibling  avia-align-center '  itemprop=\"image\" itemscope=\"itemscope\" itemtype=\"https:\/\/schema.org\/ImageObject\"  ><div class='avia-image-container-inner'><div class='avia-image-overlay-wrap'><img decoding=\"async\" class='wp-image-60586 avia-img-lazy-loading-not-60586 avia_image' src=\"https:\/\/radiorevelacionfm.cl\/wp-content\/uploads\/2025\/10\/desparasitacion-1-1-1_optimized-1-1.jpg\" alt='' title='desparasitaci\u00f3n-1-(1)-(1)_optimized (1) (1)' height=\"675\" width=\"800\"  itemprop=\"thumbnailUrl\" srcset=\"https:\/\/radiorevelacionfm.cl\/wp-content\/uploads\/2025\/10\/desparasitacion-1-1-1_optimized-1-1.jpg 800w, https:\/\/radiorevelacionfm.cl\/wp-content\/uploads\/2025\/10\/desparasitacion-1-1-1_optimized-1-1-300x253.jpg 300w, https:\/\/radiorevelacionfm.cl\/wp-content\/uploads\/2025\/10\/desparasitacion-1-1-1_optimized-1-1-768x648.jpg 768w, https:\/\/radiorevelacionfm.cl\/wp-content\/uploads\/2025\/10\/desparasitacion-1-1-1_optimized-1-1-705x595.jpg 705w, https:\/\/radiorevelacionfm.cl\/wp-content\/uploads\/2025\/10\/desparasitacion-1-1-1_optimized-1-1-450x380.jpg 450w, https:\/\/radiorevelacionfm.cl\/wp-content\/uploads\/2025\/10\/desparasitacion-1-1-1_optimized-1-1-600x506.jpg 600w\" sizes=\"(max-width: 800px) 100vw, 800px\" \/><\/div><\/div><\/div><\/div><div class=\"flex_column av_one_full  flex_column_div av-zero-column-padding first  avia-builder-el-2  el_after_av_one_full  el_before_av_one_full  column-top-margin\" style='border-radius:0px; '><section class=\"av_textblock_section \"  itemscope=\"itemscope\" itemtype=\"https:\/\/schema.org\/BlogPosting\" itemprop=\"blogPost\" ><div class='avia_textblock  '   itemprop=\"text\" ><p style=\"text-align: center;\"><strong><span style=\"font-size: 18pt;\">Seremi de Salud y SAG firman convenio para acciones de prevenci\u00f3n y control de Hidatidosis<\/span><\/strong><\/p>\n<div id=\"gtx-trans\" style=\"position: absolute; left: -50px; top: 4.31534px;\">\n<div class=\"gtx-trans-icon\"><\/div>\n<\/div>\n<\/div><\/section><\/div><div class=\"flex_column av_one_full  flex_column_div av-zero-column-padding first  avia-builder-el-4  el_after_av_one_full  el_before_av_hr  column-top-margin\" style='border-radius:0px; '><section class=\"av_textblock_section \"  itemscope=\"itemscope\" itemtype=\"https:\/\/schema.org\/BlogPosting\" itemprop=\"blogPost\" ><div class='avia_textblock  '   itemprop=\"text\" ><p style=\"text-align: justify;\"><em>La iniciativa busca contribuir tanto a la salud p\u00fablica, como a la productividad ganadera regional, reduciendo la presencia de Equinococcus granulosus (gusano de la hidatidosis) en ovinos y caninos, adem\u00e1s del riesgo de afectaci\u00f3n de esta zoonosis en los seres humanos.<\/em><\/p>\n<p style=\"text-align: justify;\"><em>Durante este 2025, se registran a la fecha 23 casos de hidatidosis en habitantes de la regi\u00f3n de Ays\u00e9n, donde 04 de ellos corresponden a menores de 15 a\u00f1os.<\/em><\/p>\n<p style=\"text-align: justify;\">Con el objetivo de ejecutar un programa de control integrado para prevenci\u00f3n y control de la hidatidosis en la zona sur de Ays\u00e9n, la Seremi de Salud Ays\u00e9n y el Servicio Agr\u00edcola y Ganadero (SAG), llevaron a cabo la firma de un convenio como Estrategia Integral para la Prevenci\u00f3n de Hidatidosis en la zona sur de la regi\u00f3n de Ays\u00e9n, abarcando la comuna de Chile Chico y la Provincia Capit\u00e1n Prat; territorios donde se reforzar\u00e1n acciones de educaci\u00f3n a la poblaci\u00f3n junto con la desparasitaci\u00f3n canina, adem\u00e1s de vigilancia y control de enfermedades para el abordaje integral, de la sanidad animal y la salud de los seres humanos.<\/p>\n<p style=\"text-align: justify;\">Trabajo intersectorial que fue destacado por el Director Regional del SAG, Julio Cerda.\u00a0 \u201cEste convenio tiene una importancia trascendental como el nombre del programa le indica el manejo y abordaje integral de esta enfermedad que afecta al ser humano y que afecta a los animales, en este caso del ciclo de la hidatidosis que involucra al perro, la oveja y el hombre, lamentablemente en sentido gen\u00e9rico con tasas muy altas de infestaci\u00f3n. Ahora la importancia del convenio es que se unen dos entidades directamente relacionadas para trabajar sin\u00e9rgicamente para que as\u00ed el resultado sea m\u00e1s r\u00e1pido, para\u00a0\u00a0 que las tasas de la enfermedad disminuyan sensiblemente con el beneficio que tiene eso, tanto para la producci\u00f3n, pero fundamentalmente para la salud humana.\u201d<\/p>\n<p style=\"text-align: justify;\">De esta forma, desde el SAG se buscar\u00e1 mantener un alto nivel de inmunidad contra la hidatidosis en reba\u00f1os ovinos bajo vacunaci\u00f3n, para seguir reduciendo la prevalencia de animales infectados, con el uso de vacuna antihidat\u00eddica, desparasitaci\u00f3n canina y manejos sanitarios complementarios.<\/p>\n<p style=\"text-align: justify;\">Por su parte, la Seremi de Salud, Gloria \u00c1guila Schmeisser, tambi\u00e9n recalc\u00f3 la relevancia de la puesta en funcionamiento de este convenio. \u201cComo Seremi de Salud, esto es muy importante porque une a dos entidades que permiten cuidar y sanar a la poblaci\u00f3n frente a la hidatidosis, a trav\u00e9s de este acuerdo integrativo de educaci\u00f3n hacia la comunidad para poder evitar este flagelo que, durante tantos a\u00f1os, quiz\u00e1s desde los a\u00f1os 70, que se viene tratando de evitar en la poblaci\u00f3n\u201d.<\/p>\n<p style=\"text-align: justify;\">En materia de Salud P\u00fablica, este convenio se traducir\u00e1 en la ejecuci\u00f3n de actividades comunitarias y en establecimientos educacionales de las comunas de Chile Chico, Cochrane, Tortel y Villa O\u201dHiggins, para desarrollar un plan de educaci\u00f3n sanitaria, formaci\u00f3n de l\u00edderes sanitarios con representantes de las comunidades locales y formaci\u00f3n a equipos de salud locales, desparasitaci\u00f3n canina y operar un sistema de vigilancia epidemiol\u00f3gica en la poblaci\u00f3n canina.<\/p>\n<p style=\"text-align: justify;\">Finalmente, cabe se\u00f1alar que la puesta en marcha de este convenio es a trav\u00e9s de recursos que fueron aprobados por el Gobierno Regional de Ays\u00e9n al Servicio Agr\u00edcola y Ganadero (SAG) por un monto superior a los 900 millones de pesos, donde se incorpor\u00f3 a la Seremi de Salud en un componente de trabajo con la comunidad para el fortalecimiento de la salud p\u00fablica en la prevenci\u00f3n y autocuidado frente a la Hidatidosis.<\/p>\n<p style=\"text-align: justify;\"><strong>Hidatidosis<\/strong><\/p>\n<p style=\"text-align: justify;\">La hidatidosis es una enfermedad producida por un par\u00e1sito, que se encuentra en el intestino de los perros y que puede ser transmitido al ser humano a trav\u00e9s de su materia fecal. Se trata de una zoonosis presente en Chile y en otros pa\u00edses del mundo.<\/p>\n<p style=\"text-align: justify;\">En Ays\u00e9n, durante el a\u00f1o 2024 se registraron 25 casos por Hidatidosis, donde el 21% de esta cifra corresponde a menores de 19 a\u00f1os. Mientras que este 2025, se han diagnosticado 23 nuevos casos por esta enfermedad, donde 04 de ellos son menores de 15 a\u00f1os.<\/p>\n<p style=\"text-align: justify;\"><strong>\u00bfC\u00f3mo se transmite?<\/strong><\/p>\n<p style=\"text-align: justify;\">Los perros se contagian consumiendo v\u00edsceras crudas como h\u00edgado, intestinos o ri\u00f1ones con quistes de ovejas, cabras, bovinos y cerdos.<\/p>\n<p style=\"text-align: justify;\">El contagio se produce principalmente al tocar a un perro (sin control veterinario) y llevarse las manos a la boca. Los perros al lamerse diseminan el par\u00e1sito desde el ano por todo el resto del cuerpo.<\/p>\n<p style=\"text-align: justify;\">Consumiendo alimentos (verduras y agua) contaminados con las heces de perros infestados.<\/p>\n<p style=\"text-align: justify;\"><strong>\u00bfCu\u00e1les son los s\u00edntomas?<\/strong><\/p>\n<p style=\"text-align: justify;\">Las personas enfermas desarrollan quistes en el h\u00edgado y los pulmones, aunque tambi\u00e9n pueden llegar a otros lugares del cuerpo.<\/p>\n<p style=\"text-align: justify;\">No existen s\u00edntomas espec\u00edficos, siendo los primeros a\u00f1os de desarrollo del quiste incluso totalmente asintom\u00e1ticos. Sin embargo, cuando alcanzan ya un cierto tama\u00f1o es cuando dan s\u00edntomas. Estos pueden ser por la aparici\u00f3n de una sensaci\u00f3n de masa que el paciente descubre un d\u00eda, al observarse o palparse, y que puede acompa\u00f1arse de molestias vagas e imprecisas. Esta situaci\u00f3n suele darse en los quistes hep\u00e1ticos superficiales que crecen hacia el abdomen haci\u00e9ndose manifiestos. En el pulm\u00f3n suele aparecer tos, fatiga y dolor tor\u00e1cico.<\/p>\n<p style=\"text-align: justify;\">Pueden dar lugar a fiebre alta con importante afectaci\u00f3n general, incluso shock s\u00e9ptico, cuando el quiste se infecta. Estos episodios tambi\u00e9n dan lugar a molestias o dolor local, o a crisis de urticaria por la sensibilizaci\u00f3n al\u00e9rgica desarrollada a lo largo de los a\u00f1os frente a las prote\u00ednas del par\u00e1sito.<\/p>\n<p style=\"text-align: justify;\"><strong>\u00bfC\u00f3mo es el tratamiento?<\/strong><\/p>\n<p style=\"text-align: justify;\">En las personas los quistes peque\u00f1os se tratan con medicaci\u00f3n. En algunos casos los tratamientos pueden ser muy largos. Pero si los quistes alcanzan un gran tama\u00f1o se debe recurrir a la cirug\u00eda.<\/p>\n<p style=\"text-align: justify;\"><strong>\u00bfC\u00f3mo prevenir?<\/strong><\/p>\n<p style=\"text-align: justify;\">No alimentar a los perros con viseras crudas.<\/p>\n<p style=\"text-align: justify;\">Desparasitemos a los perros cada 45 d\u00edas.<\/p>\n<p style=\"text-align: justify;\">Mantener a los perros lejos de los lugares donde se carnea.<\/p>\n<p style=\"text-align: justify;\">Lavemos con agua potable y a chorro fuerte las frutas y verduras.<\/p>\n<p style=\"text-align: justify;\">Evitemos que los perros laman a los ni\u00f1os en la boca.<\/p>\n<p style=\"text-align: justify;\">Lavar bien nuestras manos, despu\u00e9s de tocar un perro, antes de comer y tanta veces como sea necesario.<\/p>\n<\/div><\/section><\/div><div  style='height:50px' class='hr hr-invisible   avia-builder-el-6  el_after_av_one_full  el_before_av_social_share '><span class='hr-inner ' ><span class='hr-inner-style'><\/span><\/span><\/div><\/p>\n<div  class='av-social-sharing-box  avia-builder-el-7  el_after_av_hr  el_before_av_hr  '><div class='av-share-box'><h5 class='av-share-link-description av-no-toc '>Compartir esta noticia<\/h5><ul class='av-share-box-list noLightbox'><li class='av-share-link av-social-link-facebook' ><a target=\"_blank\" aria-label=\"Compartir en Facebook\" href='https:\/\/www.facebook.com\/sharer.php?u=https:\/\/radiorevelacionfm.cl\/?p=60585&#038;t=Seremi%20de%20Salud%20y%20SAG%20firman%20convenio%20para%20acciones%20de%20prevenci%C3%B3n%20y%20control%20de%20Hidatidosis' aria-hidden='false' data-av_icon='\ue8f3' data-av_iconfont='entypo-fontello' title='' data-avia-related-tooltip='Compartir en Facebook' rel=\"noopener\"><span class='avia_hidden_link_text'>Compartir en Facebook<\/span><\/a><\/li><li class='av-share-link av-social-link-twitter' ><a target=\"_blank\" aria-label=\"Compartir en Twitter\" href='https:\/\/twitter.com\/share?text=Seremi%20de%20Salud%20y%20SAG%20firman%20convenio%20para%20acciones%20de%20prevenci%C3%B3n%20y%20control%20de%20Hidatidosis&#038;url=https:\/\/radiorevelacionfm.cl\/?p=60585' aria-hidden='false' data-av_icon='\ue8f1' data-av_iconfont='entypo-fontello' title='' data-avia-related-tooltip='Compartir en Twitter' rel=\"noopener\"><span class='avia_hidden_link_text'>Compartir en Twitter<\/span><\/a><\/li><li class='av-share-link av-social-link-whatsapp' ><a target=\"_blank\" aria-label=\"Compartir en Whatsapp\" href='https:\/\/api.whatsapp.com\/send?text=https:\/\/radiorevelacionfm.cl\/?p=60585' aria-hidden='false' data-av_icon='\uf232' data-av_iconfont='entypo-fontello' title='' data-avia-related-tooltip='Compartir en Whatsapp' rel=\"noopener\"><span class='avia_hidden_link_text'>Compartir en Whatsapp<\/span><\/a><\/li><li class='av-share-link av-social-link-linkedin' ><a target=\"_blank\" aria-label=\"Compartir en LinkedIn\" href='https:\/\/linkedin.com\/shareArticle?mini=true&#038;title=Seremi%20de%20Salud%20y%20SAG%20firman%20convenio%20para%20acciones%20de%20prevenci%C3%B3n%20y%20control%20de%20Hidatidosis&#038;url=https:\/\/radiorevelacionfm.cl\/?p=60585' aria-hidden='false' data-av_icon='\ue8fc' data-av_iconfont='entypo-fontello' title='' data-avia-related-tooltip='Compartir en LinkedIn' rel=\"noopener\"><span class='avia_hidden_link_text'>Compartir en LinkedIn<\/span><\/a><\/li><li class='av-share-link av-social-link-mail' ><a  aria-label=\"Compartir por correo\" href='mailto:?subject=Seremi%20de%20Salud%20y%20SAG%20firman%20convenio%20para%20acciones%20de%20prevenci%C3%B3n%20y%20control%20de%20Hidatidosis&#038;body=https:\/\/radiorevelacionfm.cl\/?p=60585' aria-hidden='false' data-av_icon='\ue805' data-av_iconfont='entypo-fontello' title='' data-avia-related-tooltip='Compartir por correo'><span class='avia_hidden_link_text'>Compartir por correo<\/span><\/a><\/li><\/ul><\/div><\/div>\n<div  style='height:50px' class='hr hr-invisible   avia-builder-el-8  el_after_av_social_share  el_before_av_comments_list '><span class='hr-inner ' ><span class='hr-inner-style'><\/span><\/span><\/div>\n<div  class='av-buildercomment  av-blog-meta-html-info-disabled av-blog-meta-tag-disabled  '><\/div>\n","protected":false},"excerpt":{"rendered":"","protected":false},"author":1,"featured_media":60586,"comment_status":"closed","ping_status":"closed","sticky":false,"template":"","format":"standard","meta":{"footnotes":""},"categories":[46],"tags":[],"class_list":["post-60585","post","type-post","status-publish","format-standard","has-post-thumbnail","hentry","category-salud"],"jetpack_featured_media_url":"https:\/\/radiorevelacionfm.cl\/wp-content\/uploads\/2025\/10\/desparasitacion-1-1-1_optimized-1-1.jpg","_links":{"self":[{"href":"https:\/\/radiorevelacionfm.cl\/index.php?rest_route=\/wp\/v2\/posts\/60585","targetHints":{"allow":["GET"]}}],"collection":[{"href":"https:\/\/radiorevelacionfm.cl\/index.php?rest_route=\/wp\/v2\/posts"}],"about":[{"href":"https:\/\/radiorevelacionfm.cl\/index.php?rest_route=\/wp\/v2\/types\/post"}],"author":[{"embeddable":true,"href":"https:\/\/radiorevelacionfm.cl\/index.php?rest_route=\/wp\/v2\/users\/1"}],"replies":[{"embeddable":true,"href":"https:\/\/radiorevelacionfm.cl\/index.php?rest_route=%2Fwp%2Fv2%2Fcomments&post=60585"}],"version-history":[{"count":2,"href":"https:\/\/radiorevelacionfm.cl\/index.php?rest_route=\/wp\/v2\/posts\/60585\/revisions"}],"predecessor-version":[{"id":60588,"href":"https:\/\/radiorevelacionfm.cl\/index.php?rest_route=\/wp\/v2\/posts\/60585\/revisions\/60588"}],"wp:featuredmedia":[{"embeddable":true,"href":"https:\/\/radiorevelacionfm.cl\/index.php?rest_route=\/wp\/v2\/media\/60586"}],"wp:attachment":[{"href":"https:\/\/radiorevelacionfm.cl\/index.php?rest_route=%2Fwp%2Fv2%2Fmedia&parent=60585"}],"wp:term":[{"taxonomy":"category","embeddable":true,"href":"https:\/\/radiorevelacionfm.cl\/index.php?rest_route=%2Fwp%2Fv2%2Fcategories&post=60585"},{"taxonomy":"post_tag","embeddable":true,"href":"https:\/\/radiorevelacionfm.cl\/index.php?rest_route=%2Fwp%2Fv2%2Ftags&post=60585"}],"curies":[{"name":"wp","href":"https:\/\/api.w.org\/{rel}","templated":true}]}}