{"id":60580,"date":"2025-10-21T15:36:55","date_gmt":"2025-10-21T18:36:55","guid":{"rendered":"https:\/\/radiorevelacionfm.cl\/?p=60580"},"modified":"2025-10-21T15:36:55","modified_gmt":"2025-10-21T18:36:55","slug":"familias-de-tortel-valoran-intervencion-del-programa-de-habitabilidad-en-sus-hogares","status":"publish","type":"post","link":"https:\/\/radiorevelacionfm.cl\/?p=60580","title":{"rendered":"Familias de Tortel valoran intervenci\u00f3n del programa de Habitabilidad en sus hogares"},"content":{"rendered":"<div class=\"flex_column av_one_full  flex_column_div av-zero-column-padding first  avia-builder-el-0  el_before_av_one_full  avia-builder-el-first  \" style='border-radius:0px; '><div  class='avia-image-container  av-styling-    avia-builder-el-1  avia-builder-el-no-sibling  avia-align-center '  itemprop=\"image\" itemscope=\"itemscope\" itemtype=\"https:\/\/schema.org\/ImageObject\"  ><div class='avia-image-container-inner'><div class='avia-image-overlay-wrap'><img decoding=\"async\" class='wp-image-60581 avia-img-lazy-loading-not-60581 avia_image' src=\"https:\/\/radiorevelacionfm.cl\/wp-content\/uploads\/2025\/10\/habitabilidad-tortel-1_optimized.jpeg\" alt='' title='habitabilidad-tortel-(1)_optimized' height=\"600\" width=\"850\"  itemprop=\"thumbnailUrl\" srcset=\"https:\/\/radiorevelacionfm.cl\/wp-content\/uploads\/2025\/10\/habitabilidad-tortel-1_optimized.jpeg 850w, https:\/\/radiorevelacionfm.cl\/wp-content\/uploads\/2025\/10\/habitabilidad-tortel-1_optimized-300x212.jpeg 300w, https:\/\/radiorevelacionfm.cl\/wp-content\/uploads\/2025\/10\/habitabilidad-tortel-1_optimized-768x542.jpeg 768w, https:\/\/radiorevelacionfm.cl\/wp-content\/uploads\/2025\/10\/habitabilidad-tortel-1_optimized-260x185.jpeg 260w, https:\/\/radiorevelacionfm.cl\/wp-content\/uploads\/2025\/10\/habitabilidad-tortel-1_optimized-705x498.jpeg 705w, https:\/\/radiorevelacionfm.cl\/wp-content\/uploads\/2025\/10\/habitabilidad-tortel-1_optimized-450x318.jpeg 450w, https:\/\/radiorevelacionfm.cl\/wp-content\/uploads\/2025\/10\/habitabilidad-tortel-1_optimized-600x424.jpeg 600w\" sizes=\"(max-width: 850px) 100vw, 850px\" \/><\/div><\/div><\/div><\/div><div class=\"flex_column av_one_full  flex_column_div av-zero-column-padding first  avia-builder-el-2  el_after_av_one_full  el_before_av_one_full  column-top-margin\" style='border-radius:0px; '><section class=\"av_textblock_section \"  itemscope=\"itemscope\" itemtype=\"https:\/\/schema.org\/BlogPosting\" itemprop=\"blogPost\" ><div class='avia_textblock  '   itemprop=\"text\" ><p style=\"text-align: center;\"><strong><span style=\"font-size: 18pt;\">Familias de Tortel valoran intervenci\u00f3n del programa de Habitabilidad en sus hogares<\/span><\/strong><\/p>\n<div id=\"gtx-trans\" style=\"position: absolute; left: -50px; top: 4.31534px;\">\n<div class=\"gtx-trans-icon\"><\/div>\n<\/div>\n<\/div><\/section><\/div><div class=\"flex_column av_one_full  flex_column_div av-zero-column-padding first  avia-builder-el-4  el_after_av_one_full  el_before_av_hr  column-top-margin\" style='border-radius:0px; '><section class=\"av_textblock_section \"  itemscope=\"itemscope\" itemtype=\"https:\/\/schema.org\/BlogPosting\" itemprop=\"blogPost\" ><div class='avia_textblock  '   itemprop=\"text\" ><ul>\n<li style=\"text-align: justify;\"><em>Equipamiento mobiliario y talleres de Habitabilidad fue lo que recibieron 10 familias del radio urbano y rural de esta localidad, donde trabajan articuladamente el Ministerio de Desarrollo Social y Familia, la Ilustre Municipalidad de Tortel y el FOSIS.<\/em><\/li>\n<\/ul>\n<p style=\"text-align: justify;\">Hasta Tortel lleg\u00f3 la seremi de Desarrollo Social y Familia, Karina Acevedo, acompa\u00f1ada por la directora regional del FOSIS, Fernanda Leiva, para junto a la alcaldesa de la comuna, Marisela Jim\u00e9nez, visitar a familias usuarias del programa de Habitabilidad para conocer sus historias de vida, c\u00f3mo recibieron el equipamiento para sus viviendas y sobre su participaci\u00f3n en los talleres que son parte de la intervenci\u00f3n.<\/p>\n<p style=\"text-align: justify;\">Las autoridades, acompa\u00f1adas por los equipos t\u00e9cnicos, visitaron a tres familias en los sectores de Rinc\u00f3n Alto y Rinc\u00f3n Bajo, donde pudieron conocer de cerca los hogares de quienes fueron seleccionadas para recibir este beneficio de Estado por su situaci\u00f3n de vulnerabilidad habitacional. Posterior a las visitas, se realiz\u00f3 la ceremonia de certificaci\u00f3n donde participaron las diez familias usuarias de este programa.<\/p>\n<p style=\"text-align: justify;\">\u201cMe parece muy bien este programa, recib\u00ed algo que yo creo que nunca la iba a poder comprar y me parece muy bien, estoy muy agradecida por eso. Recib\u00ed una c\u00f3moda, un closet y un ba\u00fal. No contaba con ninguna de esas cosas porque no alcanza para comprar\u201d, asegur\u00f3 Hortensia Escobar, usuaria del programa de Habitabilidad en Tortel.<\/p>\n<p style=\"text-align: justify;\">Virginia Saldivia, se mostr\u00f3 agradecida por la ayuda que recibi\u00f3 en la intervenci\u00f3n. \u201cCuando me llamaron y me dijeron que iba a entrar en este programa tampoco pens\u00e9 que iba a ser tan bueno, pero estoy conforme, me gust\u00f3 lo que me hicieron llegar. Encuentro que es muy bueno para poder ayudar a las familias, sobre todo cuando una es sola\u201d.<\/p>\n<p style=\"text-align: justify;\">La seremi de Desarrollo Social y Familia de Ays\u00e9n, Karina Acevedo, destac\u00f3 que \u201cel programa llega a Tortel despu\u00e9s de mucha insistencia de esta secretar\u00eda hacia nuestro Ministerio y de com\u00fan acuerdo con la Municipalidad. Logramos el objetivo y lo pudimos adecuar trabajando con los equipos municipales y dando respuesta a personas mayores y a familias de esta localidad con requerimientos particulares\u201d.<\/p>\n<p style=\"text-align: justify;\">Fernanda Leiva, directora regional del FOSIS, enfatiz\u00f3 que \u201cvamos a seguir trabajando, ya que nos quedan cosas que concluir, y haciendo presente el c\u00f3mo las instituciones podemos adaptar nuestras ofertas para dar respuesta a las necesidades que tienen vecinas y vecinos de diferentes comunas. En el caso de Tortel se hicieron adecuaciones, tuvimos que hacer muebles a medidas para dar respuesta a las necesidades de las familias\u201d.<\/p>\n<p style=\"text-align: justify;\">La alcaldesa de Tortel, Marisela Jim\u00e9nez, valor\u00f3 positivamente intervenci\u00f3n del programa y las visitas realizadas. \u201cEstoy muy agradecida de que estos programas se puedan materializar hoy ac\u00e1, ya que van en directo beneficio de nuestros vecinos y vecinas. Sin duda mejoran la calidad de vida de nuestros habitantes, pudimos llegar al sector rural, hacer visitas en terreno y conocer la realidad de nuestra gente\u201d.<\/p>\n<p style=\"text-align: justify;\">El programa de Habitabilidad en la regi\u00f3n de Ays\u00e9n es financiado por el Ministerio de Desarrollo Social y Familia, ejecutado por los Municipios y cuenta con la asistencia t\u00e9cnica especializada del FOSIS. La intervenci\u00f3n incluye soluciones constructivas, entrega de equipamiento y talleres donde se abordan tem\u00e1ticas como ahorro, prevenci\u00f3n de accidentes y h\u00e1bitos saludables en la vivienda.<\/p>\n<\/div><\/section><\/div><div  style='height:50px' class='hr hr-invisible   avia-builder-el-6  el_after_av_one_full  el_before_av_social_share '><span class='hr-inner ' ><span class='hr-inner-style'><\/span><\/span><\/div><\/p>\n<div  class='av-social-sharing-box  avia-builder-el-7  el_after_av_hr  el_before_av_hr  '><div class='av-share-box'><h5 class='av-share-link-description av-no-toc '>Compartir esta noticia<\/h5><ul class='av-share-box-list noLightbox'><li class='av-share-link av-social-link-facebook' ><a target=\"_blank\" aria-label=\"Compartir en Facebook\" href='https:\/\/www.facebook.com\/sharer.php?u=https:\/\/radiorevelacionfm.cl\/?p=60580&#038;t=Familias%20de%20Tortel%20valoran%20intervenci%C3%B3n%20del%20programa%20de%20Habitabilidad%20en%20sus%20hogares' aria-hidden='false' data-av_icon='\ue8f3' data-av_iconfont='entypo-fontello' title='' data-avia-related-tooltip='Compartir en Facebook' rel=\"noopener\"><span class='avia_hidden_link_text'>Compartir en Facebook<\/span><\/a><\/li><li class='av-share-link av-social-link-twitter' ><a target=\"_blank\" aria-label=\"Compartir en Twitter\" href='https:\/\/twitter.com\/share?text=Familias%20de%20Tortel%20valoran%20intervenci%C3%B3n%20del%20programa%20de%20Habitabilidad%20en%20sus%20hogares&#038;url=https:\/\/radiorevelacionfm.cl\/?p=60580' aria-hidden='false' data-av_icon='\ue8f1' data-av_iconfont='entypo-fontello' title='' data-avia-related-tooltip='Compartir en Twitter' rel=\"noopener\"><span class='avia_hidden_link_text'>Compartir en Twitter<\/span><\/a><\/li><li class='av-share-link av-social-link-whatsapp' ><a target=\"_blank\" aria-label=\"Compartir en Whatsapp\" href='https:\/\/api.whatsapp.com\/send?text=https:\/\/radiorevelacionfm.cl\/?p=60580' aria-hidden='false' data-av_icon='\uf232' data-av_iconfont='entypo-fontello' title='' data-avia-related-tooltip='Compartir en Whatsapp' rel=\"noopener\"><span class='avia_hidden_link_text'>Compartir en Whatsapp<\/span><\/a><\/li><li class='av-share-link av-social-link-linkedin' ><a target=\"_blank\" aria-label=\"Compartir en LinkedIn\" href='https:\/\/linkedin.com\/shareArticle?mini=true&#038;title=Familias%20de%20Tortel%20valoran%20intervenci%C3%B3n%20del%20programa%20de%20Habitabilidad%20en%20sus%20hogares&#038;url=https:\/\/radiorevelacionfm.cl\/?p=60580' aria-hidden='false' data-av_icon='\ue8fc' data-av_iconfont='entypo-fontello' title='' data-avia-related-tooltip='Compartir en LinkedIn' rel=\"noopener\"><span class='avia_hidden_link_text'>Compartir en LinkedIn<\/span><\/a><\/li><li class='av-share-link av-social-link-mail' ><a  aria-label=\"Compartir por correo\" href='mailto:?subject=Familias%20de%20Tortel%20valoran%20intervenci%C3%B3n%20del%20programa%20de%20Habitabilidad%20en%20sus%20hogares&#038;body=https:\/\/radiorevelacionfm.cl\/?p=60580' aria-hidden='false' data-av_icon='\ue805' data-av_iconfont='entypo-fontello' title='' data-avia-related-tooltip='Compartir por correo'><span class='avia_hidden_link_text'>Compartir por correo<\/span><\/a><\/li><\/ul><\/div><\/div>\n<div  style='height:50px' class='hr hr-invisible   avia-builder-el-8  el_after_av_social_share  el_before_av_comments_list '><span class='hr-inner ' ><span class='hr-inner-style'><\/span><\/span><\/div>\n<div  class='av-buildercomment  av-blog-meta-html-info-disabled av-blog-meta-tag-disabled  '><\/div>\n","protected":false},"excerpt":{"rendered":"","protected":false},"author":1,"featured_media":60581,"comment_status":"closed","ping_status":"closed","sticky":false,"template":"","format":"standard","meta":{"footnotes":""},"categories":[38],"tags":[],"class_list":["post-60580","post","type-post","status-publish","format-standard","has-post-thumbnail","hentry","category-regional"],"jetpack_featured_media_url":"https:\/\/radiorevelacionfm.cl\/wp-content\/uploads\/2025\/10\/habitabilidad-tortel-1_optimized.jpeg","_links":{"self":[{"href":"https:\/\/radiorevelacionfm.cl\/index.php?rest_route=\/wp\/v2\/posts\/60580","targetHints":{"allow":["GET"]}}],"collection":[{"href":"https:\/\/radiorevelacionfm.cl\/index.php?rest_route=\/wp\/v2\/posts"}],"about":[{"href":"https:\/\/radiorevelacionfm.cl\/index.php?rest_route=\/wp\/v2\/types\/post"}],"author":[{"embeddable":true,"href":"https:\/\/radiorevelacionfm.cl\/index.php?rest_route=\/wp\/v2\/users\/1"}],"replies":[{"embeddable":true,"href":"https:\/\/radiorevelacionfm.cl\/index.php?rest_route=%2Fwp%2Fv2%2Fcomments&post=60580"}],"version-history":[{"count":2,"href":"https:\/\/radiorevelacionfm.cl\/index.php?rest_route=\/wp\/v2\/posts\/60580\/revisions"}],"predecessor-version":[{"id":60583,"href":"https:\/\/radiorevelacionfm.cl\/index.php?rest_route=\/wp\/v2\/posts\/60580\/revisions\/60583"}],"wp:featuredmedia":[{"embeddable":true,"href":"https:\/\/radiorevelacionfm.cl\/index.php?rest_route=\/wp\/v2\/media\/60581"}],"wp:attachment":[{"href":"https:\/\/radiorevelacionfm.cl\/index.php?rest_route=%2Fwp%2Fv2%2Fmedia&parent=60580"}],"wp:term":[{"taxonomy":"category","embeddable":true,"href":"https:\/\/radiorevelacionfm.cl\/index.php?rest_route=%2Fwp%2Fv2%2Fcategories&post=60580"},{"taxonomy":"post_tag","embeddable":true,"href":"https:\/\/radiorevelacionfm.cl\/index.php?rest_route=%2Fwp%2Fv2%2Ftags&post=60580"}],"curies":[{"name":"wp","href":"https:\/\/api.w.org\/{rel}","templated":true}]}}