{"id":60578,"date":"2025-10-21T16:02:21","date_gmt":"2025-10-21T19:02:21","guid":{"rendered":"https:\/\/radiorevelacionfm.cl\/?p=60578"},"modified":"2025-10-21T16:02:21","modified_gmt":"2025-10-21T19:02:21","slug":"seremi-de-justicia-y-ddhh-valora-ley-que-promulga-el-nuevo-servicio-nacional-de-acceso-a-la-justicia-y-defensoria-de-victimas","status":"publish","type":"post","link":"https:\/\/radiorevelacionfm.cl\/?p=60578","title":{"rendered":"Seremi de Justicia y DDHH valora Ley que promulga el nuevo Servicio Nacional de Acceso a la Justicia y Defensor\u00eda de V\u00edctimas"},"content":{"rendered":"<div class=\"flex_column av_one_full  flex_column_div av-zero-column-padding first  avia-builder-el-0  el_before_av_one_full  avia-builder-el-first  \" style='border-radius:0px; '><div  class='avia-image-container  av-styling-    avia-builder-el-1  avia-builder-el-no-sibling  avia-align-center '  itemprop=\"image\" itemscope=\"itemscope\" itemtype=\"https:\/\/schema.org\/ImageObject\"  ><div class='avia-image-container-inner'><div class='avia-image-overlay-wrap'><img decoding=\"async\" class='wp-image-31131 avia-img-lazy-loading-not-31131 avia_image' src=\"https:\/\/radiorevelacionfm.cl\/wp-content\/uploads\/2023\/05\/seremi-justicia-y-ddhh-2_optimized.jpg\" alt='' title='seremi-justicia-y-ddhh-(2)_optimized' height=\"600\" width=\"748\"  itemprop=\"thumbnailUrl\" srcset=\"https:\/\/radiorevelacionfm.cl\/wp-content\/uploads\/2023\/05\/seremi-justicia-y-ddhh-2_optimized.jpg 748w, https:\/\/radiorevelacionfm.cl\/wp-content\/uploads\/2023\/05\/seremi-justicia-y-ddhh-2_optimized-300x241.jpg 300w, https:\/\/radiorevelacionfm.cl\/wp-content\/uploads\/2023\/05\/seremi-justicia-y-ddhh-2_optimized-705x566.jpg 705w, https:\/\/radiorevelacionfm.cl\/wp-content\/uploads\/2023\/05\/seremi-justicia-y-ddhh-2_optimized-450x361.jpg 450w, https:\/\/radiorevelacionfm.cl\/wp-content\/uploads\/2023\/05\/seremi-justicia-y-ddhh-2_optimized-600x481.jpg 600w\" sizes=\"(max-width: 748px) 100vw, 748px\" \/><\/div><\/div><\/div><\/div><div class=\"flex_column av_one_full  flex_column_div av-zero-column-padding first  avia-builder-el-2  el_after_av_one_full  el_before_av_one_full  column-top-margin\" style='border-radius:0px; '><section class=\"av_textblock_section \"  itemscope=\"itemscope\" itemtype=\"https:\/\/schema.org\/BlogPosting\" itemprop=\"blogPost\" ><div class='avia_textblock  '   itemprop=\"text\" ><p style=\"text-align: center;\"><strong><span style=\"font-size: 18pt;\">Seremi de Justicia y DDHH valora Ley que promulga el nuevo Servicio Nacional de Acceso a la Justicia y Defensor\u00eda de V\u00edctimas<\/span><\/strong><\/p>\n<div id=\"gtx-trans\" style=\"position: absolute; left: -50px; top: 4.31534px;\">\n<div class=\"gtx-trans-icon\"><\/div>\n<\/div>\n<\/div><\/section><\/div><div class=\"flex_column av_one_full  flex_column_div av-zero-column-padding first  avia-builder-el-4  el_after_av_one_full  el_before_av_hr  column-top-margin\" style='border-radius:0px; '><section class=\"av_textblock_section \"  itemscope=\"itemscope\" itemtype=\"https:\/\/schema.org\/BlogPosting\" itemprop=\"blogPost\" ><div class='avia_textblock  '   itemprop=\"text\" ><p style=\"text-align: justify;\"><em>A trav\u00e9s de esta nueva institucionalidad, el Estado garantizar\u00e1 una atenci\u00f3n profesional, gratuita y especializada, acercando la justicia a las personas.<\/em><\/p>\n<p style=\"text-align: justify;\">Fortalecer el acceso igualitario a la justicia y brindar atenci\u00f3n jur\u00eddica y psicosocial a v\u00edctimas de delitos, as\u00ed como representaci\u00f3n jur\u00eddica gratuita para quienes m\u00e1s lo necesitan, son los principales objetivos del nuevo servicio nacional de Acceso a la Justicia y Defensor\u00eda de las V\u00edctimas, organismo que tendr\u00e1 presencia en todo el territorio nacional, con 16 direcciones regionales y centros de atenci\u00f3n en cada comuna donde existan Tribunales de Justicia.<\/p>\n<p style=\"text-align: justify;\">Cabe mencionar que las actuales Corporaciones de Asistencia Judicial se convertir\u00e1n en un servicio p\u00fablico de car\u00e1cter nacional y descentralizado, que adem\u00e1s incorporar\u00e1 la Defensor\u00eda de V\u00edctimas de Delitos, unificando y estandarizando la atenci\u00f3n a la ciudadan\u00eda en esta materia. Con esto se brindar\u00e1 asesor\u00eda y representaci\u00f3n jur\u00eddica, adem\u00e1s de orientaci\u00f3n legal y acompa\u00f1amiento psicosocial a quienes han sido v\u00edctimas de delitos, especialmente aquellos m\u00e1s violentos, fortaleciendo as\u00ed el acceso a la justicia y propendiendo a la reparaci\u00f3n de las v\u00edctimas.<\/p>\n<p style=\"text-align: justify;\">El seremi de Justicia y Derechos Humanos, Samuel Navarro Castro se refiri\u00f3 a esta nueva institucionalidad se\u00f1alando que \u201crecientemente en el tercer tr\u00e1mite constitucional se aprob\u00f3 el proyecto de ley que crea el Servicio Nacional de Acceso a la Justicia y Defensor\u00eda de las V\u00edctimas, un proyecto que refunde otros proyectos que estaban en tramitaci\u00f3n, pero que le da mas contenido y mayor sustancia en este avance en asegurar la garant\u00eda constitucional de entregar asistencia gratuita y profesional a las personas que no pueden proveerse el pago de un abogado, en este sentido este nuevo servicio que va a tener el car\u00e1cter de descentralizado y que va a contar con direcciones regionales robustecidas en cada una de las regiones del pa\u00eds, va a reemplazar el sistema que actualmente se encuentra administrado por las Corporaciones de Asistencia Judicial mejorando as\u00ed tambi\u00e9n su capacidad, entrega y profesionalismo en este sentido se incorpora adem\u00e1s de las atenciones en materia civil, familia y laboral lo que dice relaci\u00f3n con la defensor\u00eda de las v\u00edctimas, esto tambi\u00e9n es proveer a aquellas personas que son objeto de alg\u00fan delito de gravedad de asistencia jur\u00eddica letrada para ser representados antes los Tribunales de Justicia, en este sentido el proyecto tambi\u00e9n contempla que la entrega de este servicio va en directo beneficio de quienes son afectados por la delincuencia, por el crimen organizado y nos permite que las v\u00edctimas tambi\u00e9n tengan una representaci\u00f3n jur\u00eddica independiente y coadyudante a la labor que realiza la Fiscal\u00eda porque el Ministerio P\u00fablico representa el inter\u00e9s de la sociedad, y en este sentido hoy las v\u00edctimas van a poder contar tambi\u00e9n con un patrocinio con una representaci\u00f3n jur\u00eddica para proteger sus intereses, cabe hacer presente que en este proyecto de ley tiene un car\u00e1cter gradual se va a ir desarrollando o instalando de manera progresiva en el pa\u00eds tal como ha sido con otras reformas del \u00e1mbito del Ministerio de Justicia\u201d.<\/p>\n<p style=\"text-align: justify;\">Otros de los mejoramientos est\u00e1n orientados al fortalecimiento de la asistencia jur\u00eddica especializada en diversos \u00e1mbitos (atenci\u00f3n de ni\u00f1os, ni\u00f1as y adolescentes; asesor\u00eda a adultos mayores; asesor\u00eda en materia de derechos humanos y discriminaci\u00f3n); la soluci\u00f3n colaborativa de conflictos, incluyendo la mediaci\u00f3n; y refuerzo de la atenci\u00f3n integral a v\u00edctimas de delitos, en particular il\u00edcitos violentos, lo que constituir\u00e1 un pilar esencial en materia de seguridad ciudadana.<\/p>\n<p style=\"text-align: justify;\">Respecto a los avances en acceso a la Justicia, cabe indicar que el nuevo servicio unifica la asistencia judicial y la atenci\u00f3n de v\u00edctimas de delitos en un servicio p\u00fablico de car\u00e1cter nacional, simplificando para las personas la obtenci\u00f3n de sus prestaciones y mejorando su provisi\u00f3n al consolidar experiencias que antes estaban dispersas en distintas entidades.<\/p>\n<p style=\"text-align: justify;\">El Servicio Nacional de Acceso a la Justicia y Defensor\u00eda de las V\u00edctimas establece est\u00e1ndares de calidad y mecanismos de control en la atenci\u00f3n de personas usuarias, avanzando hacia un enfoque de derecho y garant\u00eda para la ciudadan\u00eda en su acceso a la justicia. Junto a lo anterior, garantizar\u00e1 la atenci\u00f3n profesional, acotando la participaci\u00f3n de postulantes en pr\u00e1ctica y asegurando que todas las personas usuarias reciban una atenci\u00f3n de calidad.<\/p>\n<p style=\"text-align: justify;\">Finalmente, cabe precisar que la puesta en marcha del nuevo servicio en el pa\u00eds comenzar\u00e1 de manera gradual, transcurridos 18 meses desde la publicaci\u00f3n de esta ley en el Diario Oficial, comenzar\u00e1 su funcionamiento en las regiones de Arica y Parinacota, Tarapac\u00e1, Antofagasta, Atacama, Coquimbo y Valpara\u00edso, transcurridos 30 meses de su publicaci\u00f3n lo har\u00e1 en las regiones Metropolitana, Del Libertador General Bernardo O\u2019Higgins, del Maule y de Magallanes y la Ant\u00e1rtica Chilena, mientras que transcurridos 48 meses comience a operar en las regiones de \u00d1uble, Biob\u00edo, La Araucan\u00eda, Los R\u00edos, Los Lagos y Ays\u00e9n del General Carlos Ib\u00e1\u00f1ez del Campo.<\/p>\n<\/div><\/section><\/div><div  style='height:50px' class='hr hr-invisible   avia-builder-el-6  el_after_av_one_full  el_before_av_social_share '><span class='hr-inner ' ><span class='hr-inner-style'><\/span><\/span><\/div><\/p>\n<div  class='av-social-sharing-box  avia-builder-el-7  el_after_av_hr  el_before_av_hr  '><div class='av-share-box'><h5 class='av-share-link-description av-no-toc '>Compartir esta noticia<\/h5><ul class='av-share-box-list noLightbox'><li class='av-share-link av-social-link-facebook' ><a target=\"_blank\" aria-label=\"Compartir en Facebook\" href='https:\/\/www.facebook.com\/sharer.php?u=https:\/\/radiorevelacionfm.cl\/?p=60578&#038;t=Seremi%20de%20Justicia%20y%20DDHH%20valora%20Ley%20que%20promulga%20el%20nuevo%20Servicio%20Nacional%20de%20Acceso%20a%20la%20Justicia%20y%20Defensor%C3%ADa%20de%20V%C3%ADctimas' aria-hidden='false' data-av_icon='\ue8f3' data-av_iconfont='entypo-fontello' title='' data-avia-related-tooltip='Compartir en Facebook' rel=\"noopener\"><span class='avia_hidden_link_text'>Compartir en Facebook<\/span><\/a><\/li><li class='av-share-link av-social-link-twitter' ><a target=\"_blank\" aria-label=\"Compartir en Twitter\" href='https:\/\/twitter.com\/share?text=Seremi%20de%20Justicia%20y%20DDHH%20valora%20Ley%20que%20promulga%20el%20nuevo%20Servicio%20Nacional%20de%20Acceso%20a%20la%20Justicia%20y%20Defensor%C3%ADa%20de%20V%C3%ADctimas&#038;url=https:\/\/radiorevelacionfm.cl\/?p=60578' aria-hidden='false' data-av_icon='\ue8f1' data-av_iconfont='entypo-fontello' title='' data-avia-related-tooltip='Compartir en Twitter' rel=\"noopener\"><span class='avia_hidden_link_text'>Compartir en Twitter<\/span><\/a><\/li><li class='av-share-link av-social-link-whatsapp' ><a target=\"_blank\" aria-label=\"Compartir en Whatsapp\" href='https:\/\/api.whatsapp.com\/send?text=https:\/\/radiorevelacionfm.cl\/?p=60578' aria-hidden='false' data-av_icon='\uf232' data-av_iconfont='entypo-fontello' title='' data-avia-related-tooltip='Compartir en Whatsapp' rel=\"noopener\"><span class='avia_hidden_link_text'>Compartir en Whatsapp<\/span><\/a><\/li><li class='av-share-link av-social-link-linkedin' ><a target=\"_blank\" aria-label=\"Compartir en LinkedIn\" href='https:\/\/linkedin.com\/shareArticle?mini=true&#038;title=Seremi%20de%20Justicia%20y%20DDHH%20valora%20Ley%20que%20promulga%20el%20nuevo%20Servicio%20Nacional%20de%20Acceso%20a%20la%20Justicia%20y%20Defensor%C3%ADa%20de%20V%C3%ADctimas&#038;url=https:\/\/radiorevelacionfm.cl\/?p=60578' aria-hidden='false' data-av_icon='\ue8fc' data-av_iconfont='entypo-fontello' title='' data-avia-related-tooltip='Compartir en LinkedIn' rel=\"noopener\"><span class='avia_hidden_link_text'>Compartir en LinkedIn<\/span><\/a><\/li><li class='av-share-link av-social-link-mail' ><a  aria-label=\"Compartir por correo\" href='mailto:?subject=Seremi%20de%20Justicia%20y%20DDHH%20valora%20Ley%20que%20promulga%20el%20nuevo%20Servicio%20Nacional%20de%20Acceso%20a%20la%20Justicia%20y%20Defensor%C3%ADa%20de%20V%C3%ADctimas&#038;body=https:\/\/radiorevelacionfm.cl\/?p=60578' aria-hidden='false' data-av_icon='\ue805' data-av_iconfont='entypo-fontello' title='' data-avia-related-tooltip='Compartir por correo'><span class='avia_hidden_link_text'>Compartir por correo<\/span><\/a><\/li><\/ul><\/div><\/div>\n<div  style='height:50px' class='hr hr-invisible   avia-builder-el-8  el_after_av_social_share  el_before_av_comments_list '><span class='hr-inner ' ><span class='hr-inner-style'><\/span><\/span><\/div>\n<div  class='av-buildercomment  av-blog-meta-html-info-disabled av-blog-meta-tag-disabled  '><\/div>\n","protected":false},"excerpt":{"rendered":"","protected":false},"author":1,"featured_media":31131,"comment_status":"closed","ping_status":"closed","sticky":false,"template":"","format":"standard","meta":{"footnotes":""},"categories":[55],"tags":[],"class_list":["post-60578","post","type-post","status-publish","format-standard","has-post-thumbnail","hentry","category-justicia"],"jetpack_featured_media_url":"https:\/\/radiorevelacionfm.cl\/wp-content\/uploads\/2023\/05\/seremi-justicia-y-ddhh-2_optimized.jpg","_links":{"self":[{"href":"https:\/\/radiorevelacionfm.cl\/index.php?rest_route=\/wp\/v2\/posts\/60578","targetHints":{"allow":["GET"]}}],"collection":[{"href":"https:\/\/radiorevelacionfm.cl\/index.php?rest_route=\/wp\/v2\/posts"}],"about":[{"href":"https:\/\/radiorevelacionfm.cl\/index.php?rest_route=\/wp\/v2\/types\/post"}],"author":[{"embeddable":true,"href":"https:\/\/radiorevelacionfm.cl\/index.php?rest_route=\/wp\/v2\/users\/1"}],"replies":[{"embeddable":true,"href":"https:\/\/radiorevelacionfm.cl\/index.php?rest_route=%2Fwp%2Fv2%2Fcomments&post=60578"}],"version-history":[{"count":2,"href":"https:\/\/radiorevelacionfm.cl\/index.php?rest_route=\/wp\/v2\/posts\/60578\/revisions"}],"predecessor-version":[{"id":60584,"href":"https:\/\/radiorevelacionfm.cl\/index.php?rest_route=\/wp\/v2\/posts\/60578\/revisions\/60584"}],"wp:featuredmedia":[{"embeddable":true,"href":"https:\/\/radiorevelacionfm.cl\/index.php?rest_route=\/wp\/v2\/media\/31131"}],"wp:attachment":[{"href":"https:\/\/radiorevelacionfm.cl\/index.php?rest_route=%2Fwp%2Fv2%2Fmedia&parent=60578"}],"wp:term":[{"taxonomy":"category","embeddable":true,"href":"https:\/\/radiorevelacionfm.cl\/index.php?rest_route=%2Fwp%2Fv2%2Fcategories&post=60578"},{"taxonomy":"post_tag","embeddable":true,"href":"https:\/\/radiorevelacionfm.cl\/index.php?rest_route=%2Fwp%2Fv2%2Ftags&post=60578"}],"curies":[{"name":"wp","href":"https:\/\/api.w.org\/{rel}","templated":true}]}}