{"id":60574,"date":"2025-10-21T13:11:10","date_gmt":"2025-10-21T16:11:10","guid":{"rendered":"https:\/\/radiorevelacionfm.cl\/?p=60574"},"modified":"2025-10-21T13:11:10","modified_gmt":"2025-10-21T16:11:10","slug":"realizan-reconocimiento-a-estudiante-de-chile-chico-que-gano-viaje-a-centro-espacial-de-inglaterra","status":"publish","type":"post","link":"https:\/\/radiorevelacionfm.cl\/?p=60574","title":{"rendered":"Realizan reconocimiento a estudiante de Chile Chico que gan\u00f3 viaje a Centro Espacial de Inglaterra"},"content":{"rendered":"<div class=\"flex_column av_one_full  flex_column_div av-zero-column-padding first  avia-builder-el-0  el_before_av_one_full  avia-builder-el-first  \" style='border-radius:0px; '><div  class='avia-image-container  av-styling-    avia-builder-el-1  avia-builder-el-no-sibling  avia-align-center '  itemprop=\"image\" itemscope=\"itemscope\" itemtype=\"https:\/\/schema.org\/ImageObject\"  ><div class='avia-image-container-inner'><div class='avia-image-overlay-wrap'><img decoding=\"async\" class='wp-image-60575 avia-img-lazy-loading-not-60575 avia_image' src=\"https:\/\/radiorevelacionfm.cl\/wp-content\/uploads\/2025\/10\/Foto-Ceremonia-reconomiento-HQD-2025-Chile-Chico-Aysen-2-1-1.jpeg\" alt='' title='Foto Ceremonia reconomiento HQD 2025-Chile Chico-Ays\u00e9n-2 (1) (1)' height=\"600\" width=\"800\"  itemprop=\"thumbnailUrl\" srcset=\"https:\/\/radiorevelacionfm.cl\/wp-content\/uploads\/2025\/10\/Foto-Ceremonia-reconomiento-HQD-2025-Chile-Chico-Aysen-2-1-1.jpeg 800w, https:\/\/radiorevelacionfm.cl\/wp-content\/uploads\/2025\/10\/Foto-Ceremonia-reconomiento-HQD-2025-Chile-Chico-Aysen-2-1-1-300x225.jpeg 300w, https:\/\/radiorevelacionfm.cl\/wp-content\/uploads\/2025\/10\/Foto-Ceremonia-reconomiento-HQD-2025-Chile-Chico-Aysen-2-1-1-768x576.jpeg 768w, https:\/\/radiorevelacionfm.cl\/wp-content\/uploads\/2025\/10\/Foto-Ceremonia-reconomiento-HQD-2025-Chile-Chico-Aysen-2-1-1-705x529.jpeg 705w, https:\/\/radiorevelacionfm.cl\/wp-content\/uploads\/2025\/10\/Foto-Ceremonia-reconomiento-HQD-2025-Chile-Chico-Aysen-2-1-1-450x338.jpeg 450w, https:\/\/radiorevelacionfm.cl\/wp-content\/uploads\/2025\/10\/Foto-Ceremonia-reconomiento-HQD-2025-Chile-Chico-Aysen-2-1-1-600x450.jpeg 600w\" sizes=\"(max-width: 800px) 100vw, 800px\" \/><\/div><\/div><\/div><\/div><div class=\"flex_column av_one_full  flex_column_div av-zero-column-padding first  avia-builder-el-2  el_after_av_one_full  el_before_av_one_full  column-top-margin\" style='border-radius:0px; '><section class=\"av_textblock_section \"  itemscope=\"itemscope\" itemtype=\"https:\/\/schema.org\/BlogPosting\" itemprop=\"blogPost\" ><div class='avia_textblock  '   itemprop=\"text\" ><p style=\"text-align: center;\"><strong><span style=\"font-size: 18pt;\">Realizan reconocimiento a estudiante de Chile Chico que gan\u00f3 viaje a Centro Espacial de Inglaterra <\/span><\/strong><\/p>\n<div id=\"gtx-trans\" style=\"position: absolute; left: -50px; top: 4.31534px;\">\n<div class=\"gtx-trans-icon\"><\/div>\n<\/div>\n<\/div><\/section><\/div><div class=\"flex_column av_one_full  flex_column_div av-zero-column-padding first  avia-builder-el-4  el_after_av_one_full  el_before_av_hr  column-top-margin\" style='border-radius:0px; '><section class=\"av_textblock_section \"  itemscope=\"itemscope\" itemtype=\"https:\/\/schema.org\/BlogPosting\" itemprop=\"blogPost\" ><div class='avia_textblock  '   itemprop=\"text\" ><p style=\"text-align: justify;\"><em>Fundaci\u00f3n Educacional Oportunidad visit\u00f3 la Escuela B\u00e1sica de Chile Chico para homenajear a Luchiana Rosso Batlle, de 5 a\u00f1os, quien viajar\u00e1 junto a su madre en enero de 2026 gracias a su destacada asistencia escolar en educaci\u00f3n parvularia.<\/em><\/p>\n<p style=\"text-align: justify;\">Este martes 21 de octubre, Fundaci\u00f3n Educacional Oportunidad junto a la Escuela B\u00e1sica de Chile Chico, realizaron una ceremonia de reconocimiento a la estudiante Luchiana Rosso Batlle, de 5 a\u00f1os, quien es una de los 16 ganadores del concurso \u201cHaz que Despeguen\u201d y que en enero de 2026 viajar\u00e1 con todos los gastos pagados al Centro Espacial Nacional de Inglaterra, por su asistencia destacada a clases.<\/p>\n<p style=\"text-align: justify;\">Durante la ceremonia, la coordinadora del programa Asistencia Escolar de Fundaci\u00f3n Educacional Oportunidad, Ray\u00e9n Carnot, entreg\u00f3 a Luchiana, un diploma de reconocimiento al esfuerzo por asistir a clases regularmente y un atlas del espacio para familiarizarse con la tem\u00e1tica que ser\u00e1 el foco del viaje que realizar\u00e1 a Inglaterra.<\/p>\n<p style=\"text-align: justify;\">Asimismo, el establecimiento recibi\u00f3 una placa recordatoria como reconocimiento por su esfuerzo por fomentar la asistencia regular de sus estudiantes. Por su parte, el equipo educativo de educaci\u00f3n parvularia recibi\u00f3 un set de cuentos de \u201cS\u00faper Asistencia\u201d para seguir motivando a las ni\u00f1as y ni\u00f1os a que no falten.<\/p>\n<p style=\"text-align: justify;\">Gerda Batlle, mam\u00e1 de Luchiana, dijo que \u201cla ceremonia de reconocimiento fue una emoci\u00f3n muy grande. Ver que hoy se reconozca el esfuerzo y constancia de mi hija me llena de orgullo, as\u00ed como que representantes de la fundaci\u00f3n hayan viajado hasta ac\u00e1 demuestra que realmente valoran a nuestros ni\u00f1os y creen en ellos. Es un gesto que nos llega al coraz\u00f3n y que nos motiva a seguir acompa\u00f1ando a nuestros hijos en cada paso de su camino\u201d.<\/p>\n<p style=\"text-align: justify;\">Ray\u00e9n Carnot, coordinadora del programa Asistencia Escolar de Fundaci\u00f3n Educacional Oportunidad se\u00f1al\u00f3 que \u201cpoder venir hasta Chile Chico para entregar este premio en persona es realmente emocionante. Quisimos estar aqu\u00ed porque la asistencia es un esfuerzo compartido, un logro que pertenece a Lucchiana, quien tuvo un 94% de asistencia durante el primer semestre, a su familia y a su educadora, a su t\u00e9cnico y a toda la comunidad educativa que la ha acompa\u00f1ado d\u00eda a d\u00eda\u201d.<\/p>\n<p style=\"text-align: justify;\">Y agreg\u00f3 que \u201ceste reconocimiento busca justamente poner en valor ese compromiso, ese trabajo constante y silencioso que hay detr\u00e1s de cada d\u00eda de clases. Y qu\u00e9 mejor manera de celebrarlo que con un viaje tan inspirador como este, donde ella podr\u00e1 visitar el Centro Espacial Nacional de Inglaterra, un lugar que acerca la ciencia y el espacio a las ni\u00f1as y los ni\u00f1os de una forma m\u00e1gica, y adem\u00e1s recorrer Londres, una de las ciudades m\u00e1s emblem\u00e1ticas del mundo. En Fundaci\u00f3n Educacional Oportunidad estamos convencidos de que ser\u00e1 una experiencia que marcar\u00e1 su vida\u201d.<\/p>\n<p style=\"text-align: justify;\">Por su parte, el director de la Escuela B\u00e1sica de Chile Chico, Juan Rabuco Ram\u00edrez, indic\u00f3 sobre el premio que \u201ccomo escuela lo vemos como un refuerzo para que todas las familias comprendan lo importante que es la asistencia a clases desde la educaci\u00f3n inicial. Por otra parte, la fundaci\u00f3n nos dej\u00f3 una placa que pondremos en el establecimiento y que ser\u00e1 un s\u00edmbolo de que asistir a clases es una oportunidad\u201d.<\/p>\n<\/div><\/section><\/div><div  style='height:50px' class='hr hr-invisible   avia-builder-el-6  el_after_av_one_full  el_before_av_social_share '><span class='hr-inner ' ><span class='hr-inner-style'><\/span><\/span><\/div><\/p>\n<div  class='av-social-sharing-box  avia-builder-el-7  el_after_av_hr  el_before_av_hr  '><div class='av-share-box'><h5 class='av-share-link-description av-no-toc '>Compartir esta noticia<\/h5><ul class='av-share-box-list noLightbox'><li class='av-share-link av-social-link-facebook' ><a target=\"_blank\" aria-label=\"Compartir en Facebook\" href='https:\/\/www.facebook.com\/sharer.php?u=https:\/\/radiorevelacionfm.cl\/?p=60574&#038;t=Realizan%20reconocimiento%20a%20estudiante%20de%20Chile%20Chico%20que%20gan%C3%B3%20viaje%20a%20Centro%20Espacial%20de%20Inglaterra' aria-hidden='false' data-av_icon='\ue8f3' data-av_iconfont='entypo-fontello' title='' data-avia-related-tooltip='Compartir en Facebook' rel=\"noopener\"><span class='avia_hidden_link_text'>Compartir en Facebook<\/span><\/a><\/li><li class='av-share-link av-social-link-twitter' ><a target=\"_blank\" aria-label=\"Compartir en Twitter\" href='https:\/\/twitter.com\/share?text=Realizan%20reconocimiento%20a%20estudiante%20de%20Chile%20Chico%20que%20gan%C3%B3%20viaje%20a%20Centro%20Espacial%20de%20Inglaterra&#038;url=https:\/\/radiorevelacionfm.cl\/?p=60574' aria-hidden='false' data-av_icon='\ue8f1' data-av_iconfont='entypo-fontello' title='' data-avia-related-tooltip='Compartir en Twitter' rel=\"noopener\"><span class='avia_hidden_link_text'>Compartir en Twitter<\/span><\/a><\/li><li class='av-share-link av-social-link-whatsapp' ><a target=\"_blank\" aria-label=\"Compartir en Whatsapp\" href='https:\/\/api.whatsapp.com\/send?text=https:\/\/radiorevelacionfm.cl\/?p=60574' aria-hidden='false' data-av_icon='\uf232' data-av_iconfont='entypo-fontello' title='' data-avia-related-tooltip='Compartir en Whatsapp' rel=\"noopener\"><span class='avia_hidden_link_text'>Compartir en Whatsapp<\/span><\/a><\/li><li class='av-share-link av-social-link-linkedin' ><a target=\"_blank\" aria-label=\"Compartir en LinkedIn\" href='https:\/\/linkedin.com\/shareArticle?mini=true&#038;title=Realizan%20reconocimiento%20a%20estudiante%20de%20Chile%20Chico%20que%20gan%C3%B3%20viaje%20a%20Centro%20Espacial%20de%20Inglaterra&#038;url=https:\/\/radiorevelacionfm.cl\/?p=60574' aria-hidden='false' data-av_icon='\ue8fc' data-av_iconfont='entypo-fontello' title='' data-avia-related-tooltip='Compartir en LinkedIn' rel=\"noopener\"><span class='avia_hidden_link_text'>Compartir en LinkedIn<\/span><\/a><\/li><li class='av-share-link av-social-link-mail' ><a  aria-label=\"Compartir por correo\" href='mailto:?subject=Realizan%20reconocimiento%20a%20estudiante%20de%20Chile%20Chico%20que%20gan%C3%B3%20viaje%20a%20Centro%20Espacial%20de%20Inglaterra&#038;body=https:\/\/radiorevelacionfm.cl\/?p=60574' aria-hidden='false' data-av_icon='\ue805' data-av_iconfont='entypo-fontello' title='' data-avia-related-tooltip='Compartir por correo'><span class='avia_hidden_link_text'>Compartir por correo<\/span><\/a><\/li><\/ul><\/div><\/div>\n<div  style='height:50px' class='hr hr-invisible   avia-builder-el-8  el_after_av_social_share  el_before_av_comments_list '><span class='hr-inner ' ><span class='hr-inner-style'><\/span><\/span><\/div>\n<div  class='av-buildercomment  av-blog-meta-html-info-disabled av-blog-meta-tag-disabled  '><\/div>\n","protected":false},"excerpt":{"rendered":"","protected":false},"author":1,"featured_media":60575,"comment_status":"closed","ping_status":"closed","sticky":false,"template":"","format":"standard","meta":{"footnotes":""},"categories":[49],"tags":[],"class_list":["post-60574","post","type-post","status-publish","format-standard","has-post-thumbnail","hentry","category-educacion"],"jetpack_featured_media_url":"https:\/\/radiorevelacionfm.cl\/wp-content\/uploads\/2025\/10\/Foto-Ceremonia-reconomiento-HQD-2025-Chile-Chico-Aysen-2-1-1.jpeg","_links":{"self":[{"href":"https:\/\/radiorevelacionfm.cl\/index.php?rest_route=\/wp\/v2\/posts\/60574","targetHints":{"allow":["GET"]}}],"collection":[{"href":"https:\/\/radiorevelacionfm.cl\/index.php?rest_route=\/wp\/v2\/posts"}],"about":[{"href":"https:\/\/radiorevelacionfm.cl\/index.php?rest_route=\/wp\/v2\/types\/post"}],"author":[{"embeddable":true,"href":"https:\/\/radiorevelacionfm.cl\/index.php?rest_route=\/wp\/v2\/users\/1"}],"replies":[{"embeddable":true,"href":"https:\/\/radiorevelacionfm.cl\/index.php?rest_route=%2Fwp%2Fv2%2Fcomments&post=60574"}],"version-history":[{"count":2,"href":"https:\/\/radiorevelacionfm.cl\/index.php?rest_route=\/wp\/v2\/posts\/60574\/revisions"}],"predecessor-version":[{"id":60577,"href":"https:\/\/radiorevelacionfm.cl\/index.php?rest_route=\/wp\/v2\/posts\/60574\/revisions\/60577"}],"wp:featuredmedia":[{"embeddable":true,"href":"https:\/\/radiorevelacionfm.cl\/index.php?rest_route=\/wp\/v2\/media\/60575"}],"wp:attachment":[{"href":"https:\/\/radiorevelacionfm.cl\/index.php?rest_route=%2Fwp%2Fv2%2Fmedia&parent=60574"}],"wp:term":[{"taxonomy":"category","embeddable":true,"href":"https:\/\/radiorevelacionfm.cl\/index.php?rest_route=%2Fwp%2Fv2%2Fcategories&post=60574"},{"taxonomy":"post_tag","embeddable":true,"href":"https:\/\/radiorevelacionfm.cl\/index.php?rest_route=%2Fwp%2Fv2%2Ftags&post=60574"}],"curies":[{"name":"wp","href":"https:\/\/api.w.org\/{rel}","templated":true}]}}