{"id":60567,"date":"2025-10-21T10:40:40","date_gmt":"2025-10-21T13:40:40","guid":{"rendered":"https:\/\/radiorevelacionfm.cl\/?p=60567"},"modified":"2025-10-21T10:40:40","modified_gmt":"2025-10-21T13:40:40","slug":"puerto-ibanez-comunidad-y-productores-locales-realizaron-el-lanzamiento-de-la-temporada-turistica-2025-26","status":"publish","type":"post","link":"https:\/\/radiorevelacionfm.cl\/?p=60567","title":{"rendered":"Puerto Ib\u00e1\u00f1ez: comunidad y productores locales realizaron el lanzamiento de la temporada tur\u00edstica 2025-26"},"content":{"rendered":"<div class=\"flex_column av_one_full  flex_column_div av-zero-column-padding first  avia-builder-el-0  el_before_av_one_full  avia-builder-el-first  \" style='border-radius:0px; '><div  class='avia-image-container  av-styling-    avia-builder-el-1  avia-builder-el-no-sibling  avia-align-center '  itemprop=\"image\" itemscope=\"itemscope\" itemtype=\"https:\/\/schema.org\/ImageObject\"  ><div class='avia-image-container-inner'><div class='avia-image-overlay-wrap'><img decoding=\"async\" class='wp-image-60568 avia-img-lazy-loading-not-60568 avia_image' src=\"https:\/\/radiorevelacionfm.cl\/wp-content\/uploads\/2025\/10\/01-31-1_optimized.jpg\" alt='' title='01-(31)-(1)_optimized' height=\"600\" width=\"1066\"  itemprop=\"thumbnailUrl\" srcset=\"https:\/\/radiorevelacionfm.cl\/wp-content\/uploads\/2025\/10\/01-31-1_optimized.jpg 1066w, https:\/\/radiorevelacionfm.cl\/wp-content\/uploads\/2025\/10\/01-31-1_optimized-300x169.jpg 300w, https:\/\/radiorevelacionfm.cl\/wp-content\/uploads\/2025\/10\/01-31-1_optimized-1030x580.jpg 1030w, https:\/\/radiorevelacionfm.cl\/wp-content\/uploads\/2025\/10\/01-31-1_optimized-768x432.jpg 768w, https:\/\/radiorevelacionfm.cl\/wp-content\/uploads\/2025\/10\/01-31-1_optimized-705x397.jpg 705w, https:\/\/radiorevelacionfm.cl\/wp-content\/uploads\/2025\/10\/01-31-1_optimized-450x253.jpg 450w, https:\/\/radiorevelacionfm.cl\/wp-content\/uploads\/2025\/10\/01-31-1_optimized-600x338.jpg 600w\" sizes=\"(max-width: 1066px) 100vw, 1066px\" \/><\/div><\/div><\/div><\/div><div class=\"flex_column av_one_full  flex_column_div av-zero-column-padding first  avia-builder-el-2  el_after_av_one_full  el_before_av_one_full  column-top-margin\" style='border-radius:0px; '><section class=\"av_textblock_section \"  itemscope=\"itemscope\" itemtype=\"https:\/\/schema.org\/BlogPosting\" itemprop=\"blogPost\" ><div class='avia_textblock  '   itemprop=\"text\" ><p style=\"text-align: center;\"><strong><span style=\"font-size: 18pt;\">Puerto Ib\u00e1\u00f1ez: comunidad y productores locales realizaron el lanzamiento de la temporada tur\u00edstica 2025-26<\/span><\/strong><\/p>\n<div id=\"gtx-trans\" style=\"position: absolute; left: -50px; top: 4.31534px;\">\n<div class=\"gtx-trans-icon\"><\/div>\n<\/div>\n<\/div><\/section><\/div><div class=\"flex_column av_one_full  flex_column_div av-zero-column-padding first  avia-builder-el-4  el_after_av_one_full  el_before_av_hr  column-top-margin\" style='border-radius:0px; '><section class=\"av_textblock_section \"  itemscope=\"itemscope\" itemtype=\"https:\/\/schema.org\/BlogPosting\" itemprop=\"blogPost\" ><div class='avia_textblock  '   itemprop=\"text\" ><p style=\"text-align: justify;\">Con el apoyo de la Ilustre Municipalidad de R\u00edo Ib\u00e1\u00f1ez, a trav\u00e9s de su Oficina de Fomento Productivo y Turismo, productores, prestadores de servicios, artesanos y la comunidad local de Puerto Ingeniero Ib\u00e1\u00f1ez dieron vida al Lanzamiento de la Temporada Tur\u00edstica 2025-26, realizado el pasado s\u00e1bado 18 de octubre.<\/p>\n<p style=\"text-align: justify;\">La actividad se desarroll\u00f3 en el Gimnasio IND de la localidad, gracias al financiamiento del Programa de Fortalecimiento Productivo del Gobierno Regional de Ays\u00e9n, marcando el inicio de un periodo estival que vecinas y vecinos esperan con entusiasmo, anticipando la llegada de numerosos visitantes nacionales y extranjeros atra\u00eddos por los encantos de la Patagonia.<\/p>\n<p style=\"text-align: justify;\">De manera paralela, se llev\u00f3 a cabo el Encuentro Latinoamericano, un espacio donde las culturas del continente se unieron para celebrar la identidad, la amistad y la diversidad. La jornada incluy\u00f3 una exquisita muestra gastron\u00f3mica y presentaciones art\u00edsticas, destacando el baile nacional interpretado por los conjuntos folcl\u00f3ricos Danzas Folcl\u00f3ricas del Viento y Corraleros de R\u00edo Ib\u00e1\u00f1ez.<\/p>\n<p style=\"text-align: justify;\">El alcalde Marcelo J\u00e9lvez C\u00e1rdenas valor\u00f3 la instancia se\u00f1alando que \u201cestamos contentos porque fue un encuentro comunitario donde los productores se reunieron en torno a la invitaci\u00f3n del municipio, para realizar este evento que trajo mucha gente a Puerto Ib\u00e1\u00f1ez\u201d.<\/p>\n<p style=\"text-align: justify;\">Por su parte, el consejero regional por la Provincia General Carrera, Arcadio Soto Ser\u00f3n, destac\u00f3 que \u201cfue un hermoso lanzamiento, donde pudimos ver una importante feria productiva, la cual se puede desarrollar gracias a los recursos que compromete el Gobierno Regional a trav\u00e9s del programa de fomento que se entrega a las municipalidades de la regi\u00f3n\u201d.<\/p>\n<p style=\"text-align: justify;\">En tanto, el director de Sernatur Ays\u00e9n, Claudio Montecinos Angulo, afirm\u00f3 que \u201cla comuna de R\u00edo Ib\u00e1\u00f1ez es muy importante para el destino Ays\u00e9n Patagonia. Tenemos buenas proyecciones respecto a un aumento importante de visitantes a la regi\u00f3n y particularmente a esta comuna. Por eso es fundamental mantener la coordinaci\u00f3n entre el municipio y los actores privados del turismo\u201d.<\/p>\n<p style=\"text-align: justify;\">El municipio agradeci\u00f3 adem\u00e1s el compromiso y participaci\u00f3n de las organizaciones locales: Comit\u00e9 de Artesanas Chewachekena, Comit\u00e9 de Recolectoras \u201cLas Collallas\u201d, Taller Artesanal \u201cNuestra Se\u00f1ora del Trabajo\u201d, Comit\u00e9 de Horticultores \u201cLa Granja\u201d, Cooperativa \u201cSabores del Campo\u201d, Grupo Juvenil \u201cZonal Joyen\u201d, Agrupaci\u00f3n de Turismo de Puerto Ib\u00e1\u00f1ez y la Fundaci\u00f3n Superaci\u00f3n de la Pobreza, a trav\u00e9s de su Programa Servicio Pa\u00eds en R\u00edo Ib\u00e1\u00f1ez.<\/p>\n<\/div><\/section><\/div><div  style='height:50px' class='hr hr-invisible   avia-builder-el-6  el_after_av_one_full  el_before_av_social_share '><span class='hr-inner ' ><span class='hr-inner-style'><\/span><\/span><\/div><\/p>\n<div  class='av-social-sharing-box  avia-builder-el-7  el_after_av_hr  el_before_av_hr  '><div class='av-share-box'><h5 class='av-share-link-description av-no-toc '>Compartir esta noticia<\/h5><ul class='av-share-box-list noLightbox'><li class='av-share-link av-social-link-facebook' ><a target=\"_blank\" aria-label=\"Compartir en Facebook\" href='https:\/\/www.facebook.com\/sharer.php?u=https:\/\/radiorevelacionfm.cl\/?p=60567&#038;t=Puerto%20Ib%C3%A1%C3%B1ez%3A%20comunidad%20y%20productores%20locales%20realizaron%20el%20lanzamiento%20de%20la%20temporada%20tur%C3%ADstica%202025-26' aria-hidden='false' data-av_icon='\ue8f3' data-av_iconfont='entypo-fontello' title='' data-avia-related-tooltip='Compartir en Facebook' rel=\"noopener\"><span class='avia_hidden_link_text'>Compartir en Facebook<\/span><\/a><\/li><li class='av-share-link av-social-link-twitter' ><a target=\"_blank\" aria-label=\"Compartir en Twitter\" href='https:\/\/twitter.com\/share?text=Puerto%20Ib%C3%A1%C3%B1ez%3A%20comunidad%20y%20productores%20locales%20realizaron%20el%20lanzamiento%20de%20la%20temporada%20tur%C3%ADstica%202025-26&#038;url=https:\/\/radiorevelacionfm.cl\/?p=60567' aria-hidden='false' data-av_icon='\ue8f1' data-av_iconfont='entypo-fontello' title='' data-avia-related-tooltip='Compartir en Twitter' rel=\"noopener\"><span class='avia_hidden_link_text'>Compartir en Twitter<\/span><\/a><\/li><li class='av-share-link av-social-link-whatsapp' ><a target=\"_blank\" aria-label=\"Compartir en Whatsapp\" href='https:\/\/api.whatsapp.com\/send?text=https:\/\/radiorevelacionfm.cl\/?p=60567' aria-hidden='false' data-av_icon='\uf232' data-av_iconfont='entypo-fontello' title='' data-avia-related-tooltip='Compartir en Whatsapp' rel=\"noopener\"><span class='avia_hidden_link_text'>Compartir en Whatsapp<\/span><\/a><\/li><li class='av-share-link av-social-link-linkedin' ><a target=\"_blank\" aria-label=\"Compartir en LinkedIn\" href='https:\/\/linkedin.com\/shareArticle?mini=true&#038;title=Puerto%20Ib%C3%A1%C3%B1ez%3A%20comunidad%20y%20productores%20locales%20realizaron%20el%20lanzamiento%20de%20la%20temporada%20tur%C3%ADstica%202025-26&#038;url=https:\/\/radiorevelacionfm.cl\/?p=60567' aria-hidden='false' data-av_icon='\ue8fc' data-av_iconfont='entypo-fontello' title='' data-avia-related-tooltip='Compartir en LinkedIn' rel=\"noopener\"><span class='avia_hidden_link_text'>Compartir en LinkedIn<\/span><\/a><\/li><li class='av-share-link av-social-link-mail' ><a  aria-label=\"Compartir por correo\" href='mailto:?subject=Puerto%20Ib%C3%A1%C3%B1ez%3A%20comunidad%20y%20productores%20locales%20realizaron%20el%20lanzamiento%20de%20la%20temporada%20tur%C3%ADstica%202025-26&#038;body=https:\/\/radiorevelacionfm.cl\/?p=60567' aria-hidden='false' data-av_icon='\ue805' data-av_iconfont='entypo-fontello' title='' data-avia-related-tooltip='Compartir por correo'><span class='avia_hidden_link_text'>Compartir por correo<\/span><\/a><\/li><\/ul><\/div><\/div>\n<div  style='height:50px' class='hr hr-invisible   avia-builder-el-8  el_after_av_social_share  el_before_av_comments_list '><span class='hr-inner ' ><span class='hr-inner-style'><\/span><\/span><\/div>\n<div  class='av-buildercomment  av-blog-meta-html-info-disabled av-blog-meta-tag-disabled  '><\/div>\n","protected":false},"excerpt":{"rendered":"","protected":false},"author":1,"featured_media":60568,"comment_status":"closed","ping_status":"closed","sticky":false,"template":"","format":"standard","meta":{"footnotes":""},"categories":[38],"tags":[],"class_list":["post-60567","post","type-post","status-publish","format-standard","has-post-thumbnail","hentry","category-regional"],"jetpack_featured_media_url":"https:\/\/radiorevelacionfm.cl\/wp-content\/uploads\/2025\/10\/01-31-1_optimized.jpg","_links":{"self":[{"href":"https:\/\/radiorevelacionfm.cl\/index.php?rest_route=\/wp\/v2\/posts\/60567","targetHints":{"allow":["GET"]}}],"collection":[{"href":"https:\/\/radiorevelacionfm.cl\/index.php?rest_route=\/wp\/v2\/posts"}],"about":[{"href":"https:\/\/radiorevelacionfm.cl\/index.php?rest_route=\/wp\/v2\/types\/post"}],"author":[{"embeddable":true,"href":"https:\/\/radiorevelacionfm.cl\/index.php?rest_route=\/wp\/v2\/users\/1"}],"replies":[{"embeddable":true,"href":"https:\/\/radiorevelacionfm.cl\/index.php?rest_route=%2Fwp%2Fv2%2Fcomments&post=60567"}],"version-history":[{"count":2,"href":"https:\/\/radiorevelacionfm.cl\/index.php?rest_route=\/wp\/v2\/posts\/60567\/revisions"}],"predecessor-version":[{"id":60570,"href":"https:\/\/radiorevelacionfm.cl\/index.php?rest_route=\/wp\/v2\/posts\/60567\/revisions\/60570"}],"wp:featuredmedia":[{"embeddable":true,"href":"https:\/\/radiorevelacionfm.cl\/index.php?rest_route=\/wp\/v2\/media\/60568"}],"wp:attachment":[{"href":"https:\/\/radiorevelacionfm.cl\/index.php?rest_route=%2Fwp%2Fv2%2Fmedia&parent=60567"}],"wp:term":[{"taxonomy":"category","embeddable":true,"href":"https:\/\/radiorevelacionfm.cl\/index.php?rest_route=%2Fwp%2Fv2%2Fcategories&post=60567"},{"taxonomy":"post_tag","embeddable":true,"href":"https:\/\/radiorevelacionfm.cl\/index.php?rest_route=%2Fwp%2Fv2%2Ftags&post=60567"}],"curies":[{"name":"wp","href":"https:\/\/api.w.org\/{rel}","templated":true}]}}