{"id":60561,"date":"2025-10-21T09:51:03","date_gmt":"2025-10-21T12:51:03","guid":{"rendered":"https:\/\/radiorevelacionfm.cl\/?p=60561"},"modified":"2025-10-21T09:56:33","modified_gmt":"2025-10-21T12:56:33","slug":"exito-rotundo-en-feria-laboral-hayvacantes-en-puerto-aysen-mas-de-200-ofertas-laborales-en-acuicultura-pesca-y-emprendimiento","status":"publish","type":"post","link":"https:\/\/radiorevelacionfm.cl\/?p=60561","title":{"rendered":"\u00c9xito rotundo en feria laboral #HayVacantes en Puerto Ays\u00e9n: m\u00e1s de 200 ofertas laborales en acuicultura, pesca y emprendimiento"},"content":{"rendered":"<div class=\"flex_column av_one_full  flex_column_div av-zero-column-padding first  avia-builder-el-0  el_before_av_one_full  avia-builder-el-first  \" style='border-radius:0px; '><div  class='avia-image-container  av-styling-    avia-builder-el-1  avia-builder-el-no-sibling  avia-align-center '  itemprop=\"image\" itemscope=\"itemscope\" itemtype=\"https:\/\/schema.org\/ImageObject\"  ><div class='avia-image-container-inner'><div class='avia-image-overlay-wrap'><img decoding=\"async\" class='wp-image-60565 avia-img-lazy-loading-not-60565 avia_image' src=\"https:\/\/radiorevelacionfm.cl\/wp-content\/uploads\/2025\/10\/566002611_17911347366234360_4424828659819768799_n-1-1.jpg\" alt='' title='566002611_17911347366234360_4424828659819768799_n (1) (1)' height=\"600\" width=\"900\"  itemprop=\"thumbnailUrl\" srcset=\"https:\/\/radiorevelacionfm.cl\/wp-content\/uploads\/2025\/10\/566002611_17911347366234360_4424828659819768799_n-1-1.jpg 900w, https:\/\/radiorevelacionfm.cl\/wp-content\/uploads\/2025\/10\/566002611_17911347366234360_4424828659819768799_n-1-1-300x200.jpg 300w, https:\/\/radiorevelacionfm.cl\/wp-content\/uploads\/2025\/10\/566002611_17911347366234360_4424828659819768799_n-1-1-768x512.jpg 768w, https:\/\/radiorevelacionfm.cl\/wp-content\/uploads\/2025\/10\/566002611_17911347366234360_4424828659819768799_n-1-1-705x470.jpg 705w, https:\/\/radiorevelacionfm.cl\/wp-content\/uploads\/2025\/10\/566002611_17911347366234360_4424828659819768799_n-1-1-450x300.jpg 450w, https:\/\/radiorevelacionfm.cl\/wp-content\/uploads\/2025\/10\/566002611_17911347366234360_4424828659819768799_n-1-1-600x400.jpg 600w\" sizes=\"(max-width: 900px) 100vw, 900px\" \/><\/div><\/div><\/div><\/div><div class=\"flex_column av_one_full  flex_column_div av-zero-column-padding first  avia-builder-el-2  el_after_av_one_full  el_before_av_one_full  column-top-margin\" style='border-radius:0px; '><section class=\"av_textblock_section \"  itemscope=\"itemscope\" itemtype=\"https:\/\/schema.org\/BlogPosting\" itemprop=\"blogPost\" ><div class='avia_textblock  '   itemprop=\"text\" ><p style=\"text-align: center;\"><strong><span style=\"font-size: 18pt;\">\u00c9xito rotundo en feria laboral #HayVacantes en Puerto Ays\u00e9n: m\u00e1s de 200 ofertas laborales en acuicultura, pesca y emprendimiento<\/span><\/strong><\/p>\n<div id=\"gtx-trans\" style=\"position: absolute; left: -50px; top: 4.31534px;\">\n<div class=\"gtx-trans-icon\"><\/div>\n<\/div>\n<\/div><\/section><\/div><\/p>\n<div class=\"flex_column av_one_full  flex_column_div av-zero-column-padding first  avia-builder-el-4  el_after_av_one_full  el_before_av_hr  column-top-margin\" style='border-radius:0px; '><section class=\"av_textblock_section \"  itemscope=\"itemscope\" itemtype=\"https:\/\/schema.org\/BlogPosting\" itemprop=\"blogPost\" ><div class='avia_textblock  '   itemprop=\"text\" ><p style=\"text-align: justify;\"><em>El evento reuni\u00f3 a m\u00e1s de 15 empresas y cientos de asistentes, consolidando a la regi\u00f3n de Ays\u00e9n como un polo de oportunidades laborales.<\/em><\/p>\n<p style=\"text-align: justify;\">El pasado 14 de octubre, Puerto Ays\u00e9n fue sede de la feria laboral #HayVacantes, un evento enfocado en los sectores de acuicultura, pesca y emprendimiento, que congreg\u00f3 a m\u00e1s de 15 empresas y ofreci\u00f3 m\u00e1s de 200 cupos laborales.<\/p>\n<p style=\"text-align: justify;\">La iniciativa, impulsada por Sence y el Ministerio del Trabajo y Previsi\u00f3n Social, cont\u00f3 adem\u00e1s con la participaci\u00f3n de diversas instituciones p\u00fablicas, que entregaron orientaci\u00f3n y herramientas para facilitar el acceso al empleo formal.<\/p>\n<p style=\"text-align: justify;\">\u201cEstamos muy contentos de poder estar aqu\u00ed en Ays\u00e9n, en esta feria laboral que promueve el trabajo decente, alineado con lo que propone nuestro ministerio y el gobierno\u201d, destac\u00f3 Christian Aro Troncoso, seremi (s) del Trabajo y Previsi\u00f3n Social.<\/p>\n<p style=\"text-align: justify;\">Por su parte, el director regional de Sence, Nelson Garrido Morales, valor\u00f3 la masiva participaci\u00f3n y el abanico de oportunidades disponibles:<\/p>\n<p style=\"text-align: justify;\">\u201cContamos con 25 empresas, tanto en modalidad presencial como online, ofreciendo empleos en los sectores acu\u00edcola, pesquero y de servicios. Esto demuestra el dinamismo del mercado laboral en nuestra regi\u00f3n\u201d.<\/p>\n<p style=\"text-align: justify;\"><strong>Pr\u00f3xima parada: Chile Chico con foco en la miner\u00eda<\/strong><\/p>\n<p style=\"text-align: justify;\">Sence ya se prepara para una nueva edici\u00f3n de la feria laboral, esta vez en la comuna de Chile Chico, el pr\u00f3ximo 28 de octubre, con un enfoque especial en la miner\u00eda y sus servicios asociados.<\/p>\n<p style=\"text-align: justify;\">\u201cLo importante es estar en cada una de las comunas. Ya estaremos en Chile Chico, haciendo realidad lo que significa la descentralizaci\u00f3n en la regi\u00f3n de Ays\u00e9n\u201d, subray\u00f3 Garrido Morales.<\/p>\n<p style=\"text-align: justify;\">Con estas acciones, Sence reafirma su compromiso con el desarrollo laboral inclusivo y territorial, acercando oportunidades reales de empleo a las comunidades de todo el pa\u00eds.<\/p>\n<\/div><\/section><\/div>\n<div  style='height:50px' class='hr hr-invisible   avia-builder-el-6  el_after_av_one_full  el_before_av_social_share '><span class='hr-inner ' ><span class='hr-inner-style'><\/span><\/span><\/div>\n<div  class='av-social-sharing-box  avia-builder-el-7  el_after_av_hr  el_before_av_hr  '><div class='av-share-box'><h5 class='av-share-link-description av-no-toc '>Compartir esta noticia<\/h5><ul class='av-share-box-list noLightbox'><li class='av-share-link av-social-link-facebook' ><a target=\"_blank\" aria-label=\"Compartir en Facebook\" href='https:\/\/www.facebook.com\/sharer.php?u=https:\/\/radiorevelacionfm.cl\/?p=60561&#038;t=%C3%89xito%20rotundo%20en%20feria%20laboral%20%23HayVacantes%20en%20Puerto%20Ays%C3%A9n%3A%20m%C3%A1s%20de%20200%20ofertas%20laborales%20en%20acuicultura%2C%20pesca%20y%20emprendimiento' aria-hidden='false' data-av_icon='\ue8f3' data-av_iconfont='entypo-fontello' title='' data-avia-related-tooltip='Compartir en Facebook' rel=\"noopener\"><span class='avia_hidden_link_text'>Compartir en Facebook<\/span><\/a><\/li><li class='av-share-link av-social-link-twitter' ><a target=\"_blank\" aria-label=\"Compartir en Twitter\" href='https:\/\/twitter.com\/share?text=%C3%89xito%20rotundo%20en%20feria%20laboral%20%23HayVacantes%20en%20Puerto%20Ays%C3%A9n%3A%20m%C3%A1s%20de%20200%20ofertas%20laborales%20en%20acuicultura%2C%20pesca%20y%20emprendimiento&#038;url=https:\/\/radiorevelacionfm.cl\/?p=60561' aria-hidden='false' data-av_icon='\ue8f1' data-av_iconfont='entypo-fontello' title='' data-avia-related-tooltip='Compartir en Twitter' rel=\"noopener\"><span class='avia_hidden_link_text'>Compartir en Twitter<\/span><\/a><\/li><li class='av-share-link av-social-link-whatsapp' ><a target=\"_blank\" aria-label=\"Compartir en Whatsapp\" href='https:\/\/api.whatsapp.com\/send?text=https:\/\/radiorevelacionfm.cl\/?p=60561' aria-hidden='false' data-av_icon='\uf232' data-av_iconfont='entypo-fontello' title='' data-avia-related-tooltip='Compartir en Whatsapp' rel=\"noopener\"><span class='avia_hidden_link_text'>Compartir en Whatsapp<\/span><\/a><\/li><li class='av-share-link av-social-link-linkedin' ><a target=\"_blank\" aria-label=\"Compartir en LinkedIn\" href='https:\/\/linkedin.com\/shareArticle?mini=true&#038;title=%C3%89xito%20rotundo%20en%20feria%20laboral%20%23HayVacantes%20en%20Puerto%20Ays%C3%A9n%3A%20m%C3%A1s%20de%20200%20ofertas%20laborales%20en%20acuicultura%2C%20pesca%20y%20emprendimiento&#038;url=https:\/\/radiorevelacionfm.cl\/?p=60561' aria-hidden='false' data-av_icon='\ue8fc' data-av_iconfont='entypo-fontello' title='' data-avia-related-tooltip='Compartir en LinkedIn' rel=\"noopener\"><span class='avia_hidden_link_text'>Compartir en LinkedIn<\/span><\/a><\/li><li class='av-share-link av-social-link-mail' ><a  aria-label=\"Compartir por correo\" href='mailto:?subject=%C3%89xito%20rotundo%20en%20feria%20laboral%20%23HayVacantes%20en%20Puerto%20Ays%C3%A9n%3A%20m%C3%A1s%20de%20200%20ofertas%20laborales%20en%20acuicultura%2C%20pesca%20y%20emprendimiento&#038;body=https:\/\/radiorevelacionfm.cl\/?p=60561' aria-hidden='false' data-av_icon='\ue805' data-av_iconfont='entypo-fontello' title='' data-avia-related-tooltip='Compartir por correo'><span class='avia_hidden_link_text'>Compartir por correo<\/span><\/a><\/li><\/ul><\/div><\/div>\n<div  style='height:50px' class='hr hr-invisible   avia-builder-el-8  el_after_av_social_share  el_before_av_comments_list '><span class='hr-inner ' ><span class='hr-inner-style'><\/span><\/span><\/div>\n<div  class='av-buildercomment  av-blog-meta-html-info-disabled av-blog-meta-tag-disabled  '><\/div>\n","protected":false},"excerpt":{"rendered":"","protected":false},"author":1,"featured_media":60565,"comment_status":"closed","ping_status":"closed","sticky":false,"template":"","format":"standard","meta":{"footnotes":""},"categories":[56],"tags":[],"class_list":["post-60561","post","type-post","status-publish","format-standard","has-post-thumbnail","hentry","category-trabajo"],"jetpack_featured_media_url":"https:\/\/radiorevelacionfm.cl\/wp-content\/uploads\/2025\/10\/566002611_17911347366234360_4424828659819768799_n-1-1.jpg","_links":{"self":[{"href":"https:\/\/radiorevelacionfm.cl\/index.php?rest_route=\/wp\/v2\/posts\/60561","targetHints":{"allow":["GET"]}}],"collection":[{"href":"https:\/\/radiorevelacionfm.cl\/index.php?rest_route=\/wp\/v2\/posts"}],"about":[{"href":"https:\/\/radiorevelacionfm.cl\/index.php?rest_route=\/wp\/v2\/types\/post"}],"author":[{"embeddable":true,"href":"https:\/\/radiorevelacionfm.cl\/index.php?rest_route=\/wp\/v2\/users\/1"}],"replies":[{"embeddable":true,"href":"https:\/\/radiorevelacionfm.cl\/index.php?rest_route=%2Fwp%2Fv2%2Fcomments&post=60561"}],"version-history":[{"count":3,"href":"https:\/\/radiorevelacionfm.cl\/index.php?rest_route=\/wp\/v2\/posts\/60561\/revisions"}],"predecessor-version":[{"id":60564,"href":"https:\/\/radiorevelacionfm.cl\/index.php?rest_route=\/wp\/v2\/posts\/60561\/revisions\/60564"}],"wp:featuredmedia":[{"embeddable":true,"href":"https:\/\/radiorevelacionfm.cl\/index.php?rest_route=\/wp\/v2\/media\/60565"}],"wp:attachment":[{"href":"https:\/\/radiorevelacionfm.cl\/index.php?rest_route=%2Fwp%2Fv2%2Fmedia&parent=60561"}],"wp:term":[{"taxonomy":"category","embeddable":true,"href":"https:\/\/radiorevelacionfm.cl\/index.php?rest_route=%2Fwp%2Fv2%2Fcategories&post=60561"},{"taxonomy":"post_tag","embeddable":true,"href":"https:\/\/radiorevelacionfm.cl\/index.php?rest_route=%2Fwp%2Fv2%2Ftags&post=60561"}],"curies":[{"name":"wp","href":"https:\/\/api.w.org\/{rel}","templated":true}]}}