{"id":60548,"date":"2025-10-20T21:53:41","date_gmt":"2025-10-21T00:53:41","guid":{"rendered":"https:\/\/radiorevelacionfm.cl\/?p=60548"},"modified":"2025-10-20T21:53:41","modified_gmt":"2025-10-21T00:53:41","slug":"museo-historico-de-carabineros-te-invita-a-participar-en-relatos-de-la-frontera-un-nuevo-concurso-literario","status":"publish","type":"post","link":"https:\/\/radiorevelacionfm.cl\/?p=60548","title":{"rendered":"Museo Hist\u00f3rico de Carabineros te invita a participar en \u00abRelatos de la Frontera\u00bb, un nuevo concurso literario"},"content":{"rendered":"<div class=\"flex_column av_one_full  flex_column_div av-zero-column-padding first  avia-builder-el-0  el_before_av_one_full  avia-builder-el-first  \" style='border-radius:0px; '><div  class='avia-image-container  av-styling-    avia-builder-el-1  avia-builder-el-no-sibling  avia-align-center '  itemprop=\"image\" itemscope=\"itemscope\" itemtype=\"https:\/\/schema.org\/ImageObject\"  ><div class='avia-image-container-inner'><div class='avia-image-overlay-wrap'><img decoding=\"async\" class='wp-image-60554 avia-img-lazy-loading-not-60554 avia_image' src=\"https:\/\/radiorevelacionfm.cl\/wp-content\/uploads\/2025\/10\/b67ee573-5f7d-42c4-af17-bc72e521417a-1_optimized-1.jpg\" alt='' title='b67ee573-5f7d-42c4-af17-bc72e521417a-(1)_optimized (1)' height=\"1000\" width=\"800\"  itemprop=\"thumbnailUrl\" srcset=\"https:\/\/radiorevelacionfm.cl\/wp-content\/uploads\/2025\/10\/b67ee573-5f7d-42c4-af17-bc72e521417a-1_optimized-1.jpg 800w, https:\/\/radiorevelacionfm.cl\/wp-content\/uploads\/2025\/10\/b67ee573-5f7d-42c4-af17-bc72e521417a-1_optimized-1-240x300.jpg 240w, https:\/\/radiorevelacionfm.cl\/wp-content\/uploads\/2025\/10\/b67ee573-5f7d-42c4-af17-bc72e521417a-1_optimized-1-768x960.jpg 768w, https:\/\/radiorevelacionfm.cl\/wp-content\/uploads\/2025\/10\/b67ee573-5f7d-42c4-af17-bc72e521417a-1_optimized-1-564x705.jpg 564w, https:\/\/radiorevelacionfm.cl\/wp-content\/uploads\/2025\/10\/b67ee573-5f7d-42c4-af17-bc72e521417a-1_optimized-1-450x563.jpg 450w, https:\/\/radiorevelacionfm.cl\/wp-content\/uploads\/2025\/10\/b67ee573-5f7d-42c4-af17-bc72e521417a-1_optimized-1-600x750.jpg 600w\" sizes=\"(max-width: 800px) 100vw, 800px\" \/><\/div><\/div><\/div><\/div><div class=\"flex_column av_one_full  flex_column_div av-zero-column-padding first  avia-builder-el-2  el_after_av_one_full  el_before_av_one_full  column-top-margin\" style='border-radius:0px; '><section class=\"av_textblock_section \"  itemscope=\"itemscope\" itemtype=\"https:\/\/schema.org\/BlogPosting\" itemprop=\"blogPost\" ><div class='avia_textblock  '   itemprop=\"text\" ><p style=\"text-align: center;\"><strong><span style=\"font-size: 18pt;\">Museo Hist\u00f3rico de Carabineros te invita a participar en \u00abRelatos de la Frontera\u00bb, un nuevo concurso literario<\/span><\/strong><\/p>\n<div id=\"gtx-trans\" style=\"position: absolute; left: -50px; top: 4.31534px;\">\n<div class=\"gtx-trans-icon\"><\/div>\n<\/div>\n<\/div><\/section><\/div><\/p>\n<div class=\"flex_column av_one_full  flex_column_div av-zero-column-padding first  avia-builder-el-4  el_after_av_one_full  el_before_av_hr  column-top-margin\" style='border-radius:0px; '><section class=\"av_textblock_section \"  itemscope=\"itemscope\" itemtype=\"https:\/\/schema.org\/BlogPosting\" itemprop=\"blogPost\" ><div class='avia_textblock  '   itemprop=\"text\" ><p dir=\"ltr\" style=\"text-align: justify;\">Con el prop\u00f3sito de fomentar la creatividad literaria, el Museo Hist\u00f3rico y Centro Cultural, junto a la Cooperativa de Carabineros, invitan a todas las personas mayores de 18 a\u00f1os a participar en el concurso literario Relatos de la frontera.\u00a0 El objetivo es\u00a0 difundir la creaci\u00f3n de textos que destaquen la entrega y compromiso de los carabineros en los lugares m\u00e1s apartados del pa\u00eds, en beneficio de la comunidad, para reconocer su entrega, compromiso y vocaci\u00f3n de servicio en territorios donde la distancia y las condiciones adversas ponen a prueba, d\u00eda a d\u00eda, el esp\u00edritu de quienes resguardan estas \u00e1reas estrat\u00e9gicas de nuestro pa\u00eds.<\/p>\n<p dir=\"ltr\" style=\"text-align: justify;\">En este contexto, se invita a los participantes a presentar un cuento original que refleje este quehacer, a trav\u00e9s de grandes o peque\u00f1as acciones. La propuesta puede inspirarse en vivencias reales o imaginarias, siempre resaltando el impacto de la labor institucional en las localidades fronterizas.<\/p>\n<p dir=\"ltr\" style=\"text-align: justify;\"><strong>Bases del concurso<\/strong><\/p>\n<p dir=\"ltr\" style=\"text-align: justify;\">G\u00e9nero: Cuento.<\/p>\n<p dir=\"ltr\" style=\"text-align: justify;\">Extensi\u00f3n: m\u00ednimo 350 palabras (una plana) y m\u00e1ximo 1.000 palabras (cuatro planas).<\/p>\n<p dir=\"ltr\" style=\"text-align: justify;\">Formato: tama\u00f1o carta, letra Arial 12, interlineado 1,5, texto justificado. Obligatoriamente debe incluir un t\u00edtulo. No es necesario incluir ilustraciones.<\/p>\n<p dir=\"ltr\" style=\"text-align: justify;\">Recepci\u00f3n: Los trabajos se recibir\u00e1n desde el 15 de octubre al 15 de noviembre de 2025 en el correo electr\u00f3nico\u00a0<a href=\"mailto:educacion@museocarabineros.cl\" target=\"_blank\" rel=\"noopener\">educacion@museocarabineros.cl<\/a>, indicando: nombre completo, direcci\u00f3n, ciudad, regi\u00f3n y tel\u00e9fono. Adem\u00e1s, el participante deber\u00e1 aceptar que su cuento pueda ser incluido en una publicaci\u00f3n institucional, respetando siempre su autor\u00eda.<\/p>\n<p dir=\"ltr\" style=\"text-align: justify;\"><b>Evaluaci\u00f3n y premiaci\u00f3n<\/b><\/p>\n<p dir=\"ltr\" style=\"text-align: justify;\">Los cuentos ser\u00e1n revisados por una comisi\u00f3n compuesta por tres profesionales del Museo, con conocimientos en literatura, quienes, a partir de una pauta de evaluaci\u00f3n, seleccionar\u00e1n a los ganadores.\u00a0 El primer lugar ser\u00e1 publicado en nuestras plataformas y podr\u00eda ser editado para su difusi\u00f3n. La organizaci\u00f3n se reserva el derecho de declarar el concurso desierto. Habr\u00e1 atractivos premios para los ganadores, adem\u00e1s de su publicaci\u00f3n en la revista Museo Hist\u00f3rico Carabineros de Chile.<\/p>\n<div class=\"yj6qo\" style=\"text-align: justify;\"><\/div>\n<div class=\"adL\" style=\"text-align: justify;\"><\/div>\n<\/div><\/section><\/div><div  style='height:50px' class='hr hr-invisible   avia-builder-el-6  el_after_av_one_full  el_before_av_social_share '><span class='hr-inner ' ><span class='hr-inner-style'><\/span><\/span><\/div><\/p>\n<div  class='av-social-sharing-box  avia-builder-el-7  el_after_av_hr  el_before_av_hr  '><div class='av-share-box'><h5 class='av-share-link-description av-no-toc '>Compartir esta noticia<\/h5><ul class='av-share-box-list noLightbox'><li class='av-share-link av-social-link-facebook' ><a target=\"_blank\" aria-label=\"Compartir en Facebook\" href='https:\/\/www.facebook.com\/sharer.php?u=https:\/\/radiorevelacionfm.cl\/?p=60548&#038;t=Museo%20Hist%C3%B3rico%20de%20Carabineros%20te%20invita%20a%20participar%20en%20%C2%ABRelatos%20de%20la%20Frontera%C2%BB%2C%20un%20nuevo%20concurso%20literario' aria-hidden='false' data-av_icon='\ue8f3' data-av_iconfont='entypo-fontello' title='' data-avia-related-tooltip='Compartir en Facebook' rel=\"noopener\"><span class='avia_hidden_link_text'>Compartir en Facebook<\/span><\/a><\/li><li class='av-share-link av-social-link-twitter' ><a target=\"_blank\" aria-label=\"Compartir en Twitter\" href='https:\/\/twitter.com\/share?text=Museo%20Hist%C3%B3rico%20de%20Carabineros%20te%20invita%20a%20participar%20en%20%C2%ABRelatos%20de%20la%20Frontera%C2%BB%2C%20un%20nuevo%20concurso%20literario&#038;url=https:\/\/radiorevelacionfm.cl\/?p=60548' aria-hidden='false' data-av_icon='\ue8f1' data-av_iconfont='entypo-fontello' title='' data-avia-related-tooltip='Compartir en Twitter' rel=\"noopener\"><span class='avia_hidden_link_text'>Compartir en Twitter<\/span><\/a><\/li><li class='av-share-link av-social-link-whatsapp' ><a target=\"_blank\" aria-label=\"Compartir en Whatsapp\" href='https:\/\/api.whatsapp.com\/send?text=https:\/\/radiorevelacionfm.cl\/?p=60548' aria-hidden='false' data-av_icon='\uf232' data-av_iconfont='entypo-fontello' title='' data-avia-related-tooltip='Compartir en Whatsapp' rel=\"noopener\"><span class='avia_hidden_link_text'>Compartir en Whatsapp<\/span><\/a><\/li><li class='av-share-link av-social-link-linkedin' ><a target=\"_blank\" aria-label=\"Compartir en LinkedIn\" href='https:\/\/linkedin.com\/shareArticle?mini=true&#038;title=Museo%20Hist%C3%B3rico%20de%20Carabineros%20te%20invita%20a%20participar%20en%20%C2%ABRelatos%20de%20la%20Frontera%C2%BB%2C%20un%20nuevo%20concurso%20literario&#038;url=https:\/\/radiorevelacionfm.cl\/?p=60548' aria-hidden='false' data-av_icon='\ue8fc' data-av_iconfont='entypo-fontello' title='' data-avia-related-tooltip='Compartir en LinkedIn' rel=\"noopener\"><span class='avia_hidden_link_text'>Compartir en LinkedIn<\/span><\/a><\/li><li class='av-share-link av-social-link-mail' ><a  aria-label=\"Compartir por correo\" href='mailto:?subject=Museo%20Hist%C3%B3rico%20de%20Carabineros%20te%20invita%20a%20participar%20en%20%C2%ABRelatos%20de%20la%20Frontera%C2%BB%2C%20un%20nuevo%20concurso%20literario&#038;body=https:\/\/radiorevelacionfm.cl\/?p=60548' aria-hidden='false' data-av_icon='\ue805' data-av_iconfont='entypo-fontello' title='' data-avia-related-tooltip='Compartir por correo'><span class='avia_hidden_link_text'>Compartir por correo<\/span><\/a><\/li><\/ul><\/div><\/div>\n<div  style='height:50px' class='hr hr-invisible   avia-builder-el-8  el_after_av_social_share  el_before_av_comments_list '><span class='hr-inner ' ><span class='hr-inner-style'><\/span><\/span><\/div>\n<div  class='av-buildercomment  av-blog-meta-html-info-disabled av-blog-meta-tag-disabled  '><\/div>\n","protected":false},"excerpt":{"rendered":"","protected":false},"author":1,"featured_media":60554,"comment_status":"closed","ping_status":"closed","sticky":false,"template":"","format":"standard","meta":{"footnotes":""},"categories":[61],"tags":[],"class_list":["post-60548","post","type-post","status-publish","format-standard","has-post-thumbnail","hentry","category-nacional"],"jetpack_featured_media_url":"https:\/\/radiorevelacionfm.cl\/wp-content\/uploads\/2025\/10\/b67ee573-5f7d-42c4-af17-bc72e521417a-1_optimized-1.jpg","_links":{"self":[{"href":"https:\/\/radiorevelacionfm.cl\/index.php?rest_route=\/wp\/v2\/posts\/60548","targetHints":{"allow":["GET"]}}],"collection":[{"href":"https:\/\/radiorevelacionfm.cl\/index.php?rest_route=\/wp\/v2\/posts"}],"about":[{"href":"https:\/\/radiorevelacionfm.cl\/index.php?rest_route=\/wp\/v2\/types\/post"}],"author":[{"embeddable":true,"href":"https:\/\/radiorevelacionfm.cl\/index.php?rest_route=\/wp\/v2\/users\/1"}],"replies":[{"embeddable":true,"href":"https:\/\/radiorevelacionfm.cl\/index.php?rest_route=%2Fwp%2Fv2%2Fcomments&post=60548"}],"version-history":[{"count":3,"href":"https:\/\/radiorevelacionfm.cl\/index.php?rest_route=\/wp\/v2\/posts\/60548\/revisions"}],"predecessor-version":[{"id":60560,"href":"https:\/\/radiorevelacionfm.cl\/index.php?rest_route=\/wp\/v2\/posts\/60548\/revisions\/60560"}],"wp:featuredmedia":[{"embeddable":true,"href":"https:\/\/radiorevelacionfm.cl\/index.php?rest_route=\/wp\/v2\/media\/60554"}],"wp:attachment":[{"href":"https:\/\/radiorevelacionfm.cl\/index.php?rest_route=%2Fwp%2Fv2%2Fmedia&parent=60548"}],"wp:term":[{"taxonomy":"category","embeddable":true,"href":"https:\/\/radiorevelacionfm.cl\/index.php?rest_route=%2Fwp%2Fv2%2Fcategories&post=60548"},{"taxonomy":"post_tag","embeddable":true,"href":"https:\/\/radiorevelacionfm.cl\/index.php?rest_route=%2Fwp%2Fv2%2Ftags&post=60548"}],"curies":[{"name":"wp","href":"https:\/\/api.w.org\/{rel}","templated":true}]}}