{"id":60545,"date":"2025-10-21T11:17:16","date_gmt":"2025-10-21T14:17:16","guid":{"rendered":"https:\/\/radiorevelacionfm.cl\/?p=60545"},"modified":"2025-10-21T11:17:16","modified_gmt":"2025-10-21T14:17:16","slug":"marcia-raphael-por-sitios-prioritarios-en-chile-chico-no-se-puede-afectar-el-futuro-y-las-actividades-productivas","status":"publish","type":"post","link":"https:\/\/radiorevelacionfm.cl\/?p=60545","title":{"rendered":"Marcia Raphael por sitios prioritarios en Chile Chico: \u201cNo se puede afectar el futuro y las actividades productivas\u201d"},"content":{"rendered":"<div class=\"flex_column av_one_full  flex_column_div av-zero-column-padding first  avia-builder-el-0  el_before_av_one_full  avia-builder-el-first  \" style='border-radius:0px; '><div  class='avia-image-container  av-styling-    avia-builder-el-1  avia-builder-el-no-sibling  avia-align-center '  itemprop=\"image\" itemscope=\"itemscope\" itemtype=\"https:\/\/schema.org\/ImageObject\"  ><div class='avia-image-container-inner'><div class='avia-image-overlay-wrap'><img decoding=\"async\" class='wp-image-60546 avia-img-lazy-loading-not-60546 avia_image' src=\"https:\/\/radiorevelacionfm.cl\/wp-content\/uploads\/2025\/10\/Marcia-Raphael-ChCh-2-1.jpg\" alt='' title='Marcia Raphael - ChCh (2) (1)' height=\"600\" width=\"806\"  itemprop=\"thumbnailUrl\" srcset=\"https:\/\/radiorevelacionfm.cl\/wp-content\/uploads\/2025\/10\/Marcia-Raphael-ChCh-2-1.jpg 806w, https:\/\/radiorevelacionfm.cl\/wp-content\/uploads\/2025\/10\/Marcia-Raphael-ChCh-2-1-300x223.jpg 300w, https:\/\/radiorevelacionfm.cl\/wp-content\/uploads\/2025\/10\/Marcia-Raphael-ChCh-2-1-768x572.jpg 768w, https:\/\/radiorevelacionfm.cl\/wp-content\/uploads\/2025\/10\/Marcia-Raphael-ChCh-2-1-705x525.jpg 705w, https:\/\/radiorevelacionfm.cl\/wp-content\/uploads\/2025\/10\/Marcia-Raphael-ChCh-2-1-450x335.jpg 450w, https:\/\/radiorevelacionfm.cl\/wp-content\/uploads\/2025\/10\/Marcia-Raphael-ChCh-2-1-600x447.jpg 600w\" sizes=\"(max-width: 806px) 100vw, 806px\" \/><\/div><\/div><\/div><\/div><div class=\"flex_column av_one_full  flex_column_div av-zero-column-padding first  avia-builder-el-2  el_after_av_one_full  el_before_av_one_full  column-top-margin\" style='border-radius:0px; '><section class=\"av_textblock_section \"  itemscope=\"itemscope\" itemtype=\"https:\/\/schema.org\/BlogPosting\" itemprop=\"blogPost\" ><div class='avia_textblock  '   itemprop=\"text\" ><p style=\"text-align: center;\"><strong><span style=\"font-size: 18pt;\">Marcia Raphael por sitios prioritarios en Chile Chico: \u201cNo se puede afectar el futuro y las actividades productivas\u201d<\/span><\/strong><\/p>\n<div id=\"gtx-trans\" style=\"position: absolute; left: -50px; top: 4.31534px;\">\n<div class=\"gtx-trans-icon\"><\/div>\n<\/div>\n<\/div><\/section><\/div><div class=\"flex_column av_one_full  flex_column_div av-zero-column-padding first  avia-builder-el-4  el_after_av_one_full  el_before_av_hr  column-top-margin\" style='border-radius:0px; '><section class=\"av_textblock_section \"  itemscope=\"itemscope\" itemtype=\"https:\/\/schema.org\/BlogPosting\" itemprop=\"blogPost\" ><div class='avia_textblock  '   itemprop=\"text\" ><p style=\"font-weight: 400; text-align: justify;\"><em>Raphael reconoci\u00f3 el valor ecol\u00f3gico que tienen las zonas de la Estepa Jeinimeni y Laguna Bah\u00eda Jara, Laguna Verde, entre otras aleda\u00f1as. No obstante, advirti\u00f3 el impacto que tendr\u00eda establecer l\u00edmites a m\u00e1s de 35 mil hect\u00e1reas.<\/em><\/p>\n<p style=\"font-weight: 400; text-align: justify;\">La diputada de la Regi\u00f3n de Ays\u00e9n, Marcia Raphael Mora (RN), expres\u00f3 su rechazo a la iniciativa del Ministerio del Medio Ambiente que a trav\u00e9s de su estrategia nacional de biodiversidad busca establecer como sitios prioritarios para la conservaci\u00f3n m\u00e1s de 35.000 hect\u00e1reas en Chile Chico. La parlamentaria afirm\u00f3 que esta pol\u00edtica podr\u00eda afectar las actividades productivas, el turismo y proyectos de infraestructura.<\/p>\n<p style=\"font-weight: 400; text-align: justify;\">Al respecto, la diputada, Marcia Raphael, manifest\u00f3 que \u201cme opongo rotundamente en la forma y en el fondo a lo que pretende la Estrategia Nacional de la Biodiversidad\u00a0impulsar en Chile\u00a0Chico, sin dejar de reconocer el valor ecol\u00f3gico que tiene la zona. Sin embargo, no podemos aceptar\u00a0la limitaci\u00f3n que se pretende establecer,\u00a0afectando actividades productivas como la fruticultura,\u00a0ganader\u00eda, turismo, viticultura\u00a0y miner\u00eda en m\u00e1s de 35.000 hect\u00e1reas\u201d.<\/p>\n<p style=\"font-weight: 400; text-align: justify;\">\u201cNuestra\u00a0regi\u00f3n y el pa\u00eds necesitan volver a crecer para dar empleos\u00a0y mejorar la calidad de vida de sus habitantes\u201d, agreg\u00f3.<\/p>\n<p style=\"font-weight: 400; text-align: justify;\">En esa l\u00ednea, la representante de Ays\u00e9n en el Congreso expres\u00f3 que \u201ces fundamental que, considerando el avance que se ha hecho con la extensi\u00f3n del Parque Patagonia y la conservaci\u00f3n en el territorio,\u00a0el gobierno tenga la seriedad y alturas de mira en este proceso y que utilice\u00a0responsablemente\u00a0\u00a0los datos, estudios y consultas con la comunidad,\u00a0y no se ponga en juego el desarrollo econ\u00f3mico y social en Chile\u00a0Chico\u201d.<\/p>\n<p style=\"font-weight: 400; text-align: justify;\">\u201cNuestra gente, que vive en las zonas aisladas y extremas de nuestra regi\u00f3n, no puede ver su futuro y las oportunidades afectadas por este tipo de iniciativas\u201d, concluy\u00f3 Raphael.<\/p>\n<\/div><\/section><\/div><div  style='height:50px' class='hr hr-invisible   avia-builder-el-6  el_after_av_one_full  el_before_av_social_share '><span class='hr-inner ' ><span class='hr-inner-style'><\/span><\/span><\/div><\/p>\n<div  class='av-social-sharing-box  avia-builder-el-7  el_after_av_hr  el_before_av_hr  '><div class='av-share-box'><h5 class='av-share-link-description av-no-toc '>Compartir esta noticia<\/h5><ul class='av-share-box-list noLightbox'><li class='av-share-link av-social-link-facebook' ><a target=\"_blank\" aria-label=\"Compartir en Facebook\" href='https:\/\/www.facebook.com\/sharer.php?u=https:\/\/radiorevelacionfm.cl\/?p=60545&#038;t=Marcia%20Raphael%20por%20sitios%20prioritarios%20en%20Chile%20Chico%3A%20%E2%80%9CNo%20se%20puede%20afectar%20el%20futuro%20y%20las%20actividades%20productivas%E2%80%9D' aria-hidden='false' data-av_icon='\ue8f3' data-av_iconfont='entypo-fontello' title='' data-avia-related-tooltip='Compartir en Facebook' rel=\"noopener\"><span class='avia_hidden_link_text'>Compartir en Facebook<\/span><\/a><\/li><li class='av-share-link av-social-link-twitter' ><a target=\"_blank\" aria-label=\"Compartir en Twitter\" href='https:\/\/twitter.com\/share?text=Marcia%20Raphael%20por%20sitios%20prioritarios%20en%20Chile%20Chico%3A%20%E2%80%9CNo%20se%20puede%20afectar%20el%20futuro%20y%20las%20actividades%20productivas%E2%80%9D&#038;url=https:\/\/radiorevelacionfm.cl\/?p=60545' aria-hidden='false' data-av_icon='\ue8f1' data-av_iconfont='entypo-fontello' title='' data-avia-related-tooltip='Compartir en Twitter' rel=\"noopener\"><span class='avia_hidden_link_text'>Compartir en Twitter<\/span><\/a><\/li><li class='av-share-link av-social-link-whatsapp' ><a target=\"_blank\" aria-label=\"Compartir en Whatsapp\" href='https:\/\/api.whatsapp.com\/send?text=https:\/\/radiorevelacionfm.cl\/?p=60545' aria-hidden='false' data-av_icon='\uf232' data-av_iconfont='entypo-fontello' title='' data-avia-related-tooltip='Compartir en Whatsapp' rel=\"noopener\"><span class='avia_hidden_link_text'>Compartir en Whatsapp<\/span><\/a><\/li><li class='av-share-link av-social-link-linkedin' ><a target=\"_blank\" aria-label=\"Compartir en LinkedIn\" href='https:\/\/linkedin.com\/shareArticle?mini=true&#038;title=Marcia%20Raphael%20por%20sitios%20prioritarios%20en%20Chile%20Chico%3A%20%E2%80%9CNo%20se%20puede%20afectar%20el%20futuro%20y%20las%20actividades%20productivas%E2%80%9D&#038;url=https:\/\/radiorevelacionfm.cl\/?p=60545' aria-hidden='false' data-av_icon='\ue8fc' data-av_iconfont='entypo-fontello' title='' data-avia-related-tooltip='Compartir en LinkedIn' rel=\"noopener\"><span class='avia_hidden_link_text'>Compartir en LinkedIn<\/span><\/a><\/li><li class='av-share-link av-social-link-mail' ><a  aria-label=\"Compartir por correo\" href='mailto:?subject=Marcia%20Raphael%20por%20sitios%20prioritarios%20en%20Chile%20Chico%3A%20%E2%80%9CNo%20se%20puede%20afectar%20el%20futuro%20y%20las%20actividades%20productivas%E2%80%9D&#038;body=https:\/\/radiorevelacionfm.cl\/?p=60545' aria-hidden='false' data-av_icon='\ue805' data-av_iconfont='entypo-fontello' title='' data-avia-related-tooltip='Compartir por correo'><span class='avia_hidden_link_text'>Compartir por correo<\/span><\/a><\/li><\/ul><\/div><\/div>\n<div  style='height:50px' class='hr hr-invisible   avia-builder-el-8  el_after_av_social_share  el_before_av_comments_list '><span class='hr-inner ' ><span class='hr-inner-style'><\/span><\/span><\/div>\n<div  class='av-buildercomment  av-blog-meta-html-info-disabled av-blog-meta-tag-disabled  '><\/div>\n","protected":false},"excerpt":{"rendered":"","protected":false},"author":1,"featured_media":60546,"comment_status":"closed","ping_status":"closed","sticky":false,"template":"","format":"standard","meta":{"footnotes":""},"categories":[35],"tags":[],"class_list":["post-60545","post","type-post","status-publish","format-standard","has-post-thumbnail","hentry","category-politica"],"jetpack_featured_media_url":"https:\/\/radiorevelacionfm.cl\/wp-content\/uploads\/2025\/10\/Marcia-Raphael-ChCh-2-1.jpg","_links":{"self":[{"href":"https:\/\/radiorevelacionfm.cl\/index.php?rest_route=\/wp\/v2\/posts\/60545","targetHints":{"allow":["GET"]}}],"collection":[{"href":"https:\/\/radiorevelacionfm.cl\/index.php?rest_route=\/wp\/v2\/posts"}],"about":[{"href":"https:\/\/radiorevelacionfm.cl\/index.php?rest_route=\/wp\/v2\/types\/post"}],"author":[{"embeddable":true,"href":"https:\/\/radiorevelacionfm.cl\/index.php?rest_route=\/wp\/v2\/users\/1"}],"replies":[{"embeddable":true,"href":"https:\/\/radiorevelacionfm.cl\/index.php?rest_route=%2Fwp%2Fv2%2Fcomments&post=60545"}],"version-history":[{"count":2,"href":"https:\/\/radiorevelacionfm.cl\/index.php?rest_route=\/wp\/v2\/posts\/60545\/revisions"}],"predecessor-version":[{"id":60572,"href":"https:\/\/radiorevelacionfm.cl\/index.php?rest_route=\/wp\/v2\/posts\/60545\/revisions\/60572"}],"wp:featuredmedia":[{"embeddable":true,"href":"https:\/\/radiorevelacionfm.cl\/index.php?rest_route=\/wp\/v2\/media\/60546"}],"wp:attachment":[{"href":"https:\/\/radiorevelacionfm.cl\/index.php?rest_route=%2Fwp%2Fv2%2Fmedia&parent=60545"}],"wp:term":[{"taxonomy":"category","embeddable":true,"href":"https:\/\/radiorevelacionfm.cl\/index.php?rest_route=%2Fwp%2Fv2%2Fcategories&post=60545"},{"taxonomy":"post_tag","embeddable":true,"href":"https:\/\/radiorevelacionfm.cl\/index.php?rest_route=%2Fwp%2Fv2%2Ftags&post=60545"}],"curies":[{"name":"wp","href":"https:\/\/api.w.org\/{rel}","templated":true}]}}