{"id":60541,"date":"2025-10-20T17:50:39","date_gmt":"2025-10-20T20:50:39","guid":{"rendered":"https:\/\/radiorevelacionfm.cl\/?p=60541"},"modified":"2025-10-20T18:27:39","modified_gmt":"2025-10-20T21:27:39","slug":"pasajero-fue-detenido-tras-falso-aviso-de-bomba-en-vuelo-de-santiago-con-destino-final-balmaceda","status":"publish","type":"post","link":"https:\/\/radiorevelacionfm.cl\/?p=60541","title":{"rendered":"Pasajero fue detenido tras falso aviso de bomba en vuelo de Santiago con destino final Balmaceda"},"content":{"rendered":"<div class=\"flex_column av_one_full  flex_column_div av-zero-column-padding first  avia-builder-el-0  el_before_av_one_full  avia-builder-el-first  \" style='border-radius:0px; '><div  class='avia-image-container  av-styling-    avia-builder-el-1  avia-builder-el-no-sibling  avia-align-center '  itemprop=\"image\" itemscope=\"itemscope\" itemtype=\"https:\/\/schema.org\/ImageObject\"  ><div class='avia-image-container-inner'><div class='avia-image-overlay-wrap'><img decoding=\"async\" class='wp-image-60542 avia-img-lazy-loading-not-60542 avia_image' src=\"https:\/\/radiorevelacionfm.cl\/wp-content\/uploads\/2025\/10\/Latam-1-1.jpg\" alt='' title='Latam (1) (1)' height=\"695\" width=\"801\"  itemprop=\"thumbnailUrl\" srcset=\"https:\/\/radiorevelacionfm.cl\/wp-content\/uploads\/2025\/10\/Latam-1-1.jpg 801w, https:\/\/radiorevelacionfm.cl\/wp-content\/uploads\/2025\/10\/Latam-1-1-300x260.jpg 300w, https:\/\/radiorevelacionfm.cl\/wp-content\/uploads\/2025\/10\/Latam-1-1-768x666.jpg 768w, https:\/\/radiorevelacionfm.cl\/wp-content\/uploads\/2025\/10\/Latam-1-1-705x612.jpg 705w, https:\/\/radiorevelacionfm.cl\/wp-content\/uploads\/2025\/10\/Latam-1-1-450x390.jpg 450w, https:\/\/radiorevelacionfm.cl\/wp-content\/uploads\/2025\/10\/Latam-1-1-600x521.jpg 600w\" sizes=\"(max-width: 801px) 100vw, 801px\" \/><\/div><\/div><\/div><\/div>\n<div class=\"flex_column av_one_full  flex_column_div av-zero-column-padding first  avia-builder-el-2  el_after_av_one_full  el_before_av_one_full  column-top-margin\" style='border-radius:0px; '><section class=\"av_textblock_section \"  itemscope=\"itemscope\" itemtype=\"https:\/\/schema.org\/BlogPosting\" itemprop=\"blogPost\" ><div class='avia_textblock  '   itemprop=\"text\" ><p style=\"text-align: center;\"><strong><span style=\"font-size: 18pt;\">Pasajero fue detenido tras falso aviso de bomba en vuelo de Santiago con destino final Balmaceda<\/span><\/strong><\/p>\n<div id=\"gtx-trans\" style=\"position: absolute; left: -50px; top: 4.31534px;\">\n<div class=\"gtx-trans-icon\"><\/div>\n<\/div>\n<\/div><\/section><\/div>\n<div class=\"flex_column av_one_full  flex_column_div av-zero-column-padding first  avia-builder-el-4  el_after_av_one_full  el_before_av_hr  column-top-margin\" style='border-radius:0px; '><section class=\"av_textblock_section \"  itemscope=\"itemscope\" itemtype=\"https:\/\/schema.org\/BlogPosting\" itemprop=\"blogPost\" ><div class='avia_textblock  '   itemprop=\"text\" ><p style=\"text-align: justify;\">El ins\u00f3lito hecho se registr\u00f3 esta ma\u00f1ana, lunes 20 de octubre 2025, a eso de las 07:00 horas, justo en momento del embarque del vuelo LA79 de Latam, el cual se dirig\u00eda de Santiago a Puerto Montt, con destino final Balmaceda, en la regi\u00f3n de Ays\u00e9n.<\/p>\n<p style=\"text-align: justify;\">El protocolo de emergencia se activ\u00f3 luego de que un pasajero realizara un aviso de bomba, mientras se realizaba el proceso de embarque de la l\u00ednea a\u00e9rea Latam.<\/p>\n<p style=\"text-align: justify;\">La Direcci\u00f3n General de Aeron\u00e1utica Civil (DGAC) confirm\u00f3 que el hecho ocurri\u00f3 en la aeronave Airbus A321, del vuelo LA79, que transportaba m\u00e1s de 200 pasajeros. Ante la alerta, los ocupantes debieron ser desembarcados por seguridad, y gener\u00f3 la suspensi\u00f3n del vuelo.<\/p>\n<p style=\"text-align: justify;\">El Grupo de Operaciones Policiales Especiales (GOPE) de Carabineros inspeccionaron el avi\u00f3n, descart\u00e1ndose posteriormente la presencia de alg\u00fan artefacto explosivo.<\/p>\n<p style=\"text-align: justify;\">En tanto, el pasajero que dio el falso aviso, fue detenido por la PDI, se trata de un hombre de 58 a\u00f1os de edad, de nacionalidad uruguaya, quien manifest\u00f3 que hab\u00eda sido \u00abuna broma\u00bb.<\/p>\n<p style=\"text-align: justify;\">Una vez concluido el procedimiento el vuelo pudo retomar su itinerario.<\/p>\n<p style=\"text-align: justify;\">Deportaci\u00f3n, presidio y prohibici\u00f3n de volar en alg\u00fan vuelo de la aerol\u00ednea Latam. Esos son algunas de las sanciones que arriesga el turista uruguayo tras dar un falso aviso de bomba abordo de un avi\u00f3n en el Aeropuerto Arturo Merino Ben\u00edtez.<\/p>\n<p style=\"text-align: justify;\">De acuerdo a la normativa vigente en Chile, el delito de falsa alarma de bomba se incluye en C\u00f3digo Penal bajo el il\u00edcito de \u00abincendio, emergencia o calamidad p\u00fablica a los Cuerpos de Bomberos u otros servicios de utilidad p\u00fablica, incurrir\u00e1 en la pena de reclusi\u00f3n menor en su grado m\u00ednimo\u00bb, es decir, desde 61 a 540 d\u00edas de prisi\u00f3n.<\/p>\n<p style=\"text-align: justify;\">De acuerdo a cifras de la DGAC, en 2025 ya han ocurrido cuatro avisos de falsas bombas en el Aeropuerto Nuevo Pudahuel: el 26 de abril, el 26 de mayo, el 10 de junio y el de hoy, 20 de octubre.<\/p>\n<\/div><\/section><\/div><div  style='height:50px' class='hr hr-invisible   avia-builder-el-6  el_after_av_one_full  el_before_av_social_share '><span class='hr-inner ' ><span class='hr-inner-style'><\/span><\/span><\/div><\/p>\n<div  class='av-social-sharing-box  avia-builder-el-7  el_after_av_hr  el_before_av_hr  '><div class='av-share-box'><h5 class='av-share-link-description av-no-toc '>Compartir esta noticia<\/h5><ul class='av-share-box-list noLightbox'><li class='av-share-link av-social-link-facebook' ><a target=\"_blank\" aria-label=\"Compartir en Facebook\" href='https:\/\/www.facebook.com\/sharer.php?u=https:\/\/radiorevelacionfm.cl\/?p=60541&#038;t=Pasajero%20fue%20detenido%20tras%20falso%20aviso%20de%20bomba%20en%20vuelo%20de%20Santiago%20con%20destino%20final%20Balmaceda' aria-hidden='false' data-av_icon='\ue8f3' data-av_iconfont='entypo-fontello' title='' data-avia-related-tooltip='Compartir en Facebook' rel=\"noopener\"><span class='avia_hidden_link_text'>Compartir en Facebook<\/span><\/a><\/li><li class='av-share-link av-social-link-twitter' ><a target=\"_blank\" aria-label=\"Compartir en Twitter\" href='https:\/\/twitter.com\/share?text=Pasajero%20fue%20detenido%20tras%20falso%20aviso%20de%20bomba%20en%20vuelo%20de%20Santiago%20con%20destino%20final%20Balmaceda&#038;url=https:\/\/radiorevelacionfm.cl\/?p=60541' aria-hidden='false' data-av_icon='\ue8f1' data-av_iconfont='entypo-fontello' title='' data-avia-related-tooltip='Compartir en Twitter' rel=\"noopener\"><span class='avia_hidden_link_text'>Compartir en Twitter<\/span><\/a><\/li><li class='av-share-link av-social-link-whatsapp' ><a target=\"_blank\" aria-label=\"Compartir en Whatsapp\" href='https:\/\/api.whatsapp.com\/send?text=https:\/\/radiorevelacionfm.cl\/?p=60541' aria-hidden='false' data-av_icon='\uf232' data-av_iconfont='entypo-fontello' title='' data-avia-related-tooltip='Compartir en Whatsapp' rel=\"noopener\"><span class='avia_hidden_link_text'>Compartir en Whatsapp<\/span><\/a><\/li><li class='av-share-link av-social-link-linkedin' ><a target=\"_blank\" aria-label=\"Compartir en LinkedIn\" href='https:\/\/linkedin.com\/shareArticle?mini=true&#038;title=Pasajero%20fue%20detenido%20tras%20falso%20aviso%20de%20bomba%20en%20vuelo%20de%20Santiago%20con%20destino%20final%20Balmaceda&#038;url=https:\/\/radiorevelacionfm.cl\/?p=60541' aria-hidden='false' data-av_icon='\ue8fc' data-av_iconfont='entypo-fontello' title='' data-avia-related-tooltip='Compartir en LinkedIn' rel=\"noopener\"><span class='avia_hidden_link_text'>Compartir en LinkedIn<\/span><\/a><\/li><li class='av-share-link av-social-link-mail' ><a  aria-label=\"Compartir por correo\" href='mailto:?subject=Pasajero%20fue%20detenido%20tras%20falso%20aviso%20de%20bomba%20en%20vuelo%20de%20Santiago%20con%20destino%20final%20Balmaceda&#038;body=https:\/\/radiorevelacionfm.cl\/?p=60541' aria-hidden='false' data-av_icon='\ue805' data-av_iconfont='entypo-fontello' title='' data-avia-related-tooltip='Compartir por correo'><span class='avia_hidden_link_text'>Compartir por correo<\/span><\/a><\/li><\/ul><\/div><\/div>\n<div  style='height:50px' class='hr hr-invisible   avia-builder-el-8  el_after_av_social_share  el_before_av_comments_list '><span class='hr-inner ' ><span class='hr-inner-style'><\/span><\/span><\/div>\n<div  class='av-buildercomment  av-blog-meta-html-info-disabled av-blog-meta-tag-disabled  '><\/div>\n","protected":false},"excerpt":{"rendered":"","protected":false},"author":1,"featured_media":60542,"comment_status":"closed","ping_status":"closed","sticky":false,"template":"","format":"standard","meta":{"footnotes":""},"categories":[61],"tags":[],"class_list":["post-60541","post","type-post","status-publish","format-standard","has-post-thumbnail","hentry","category-nacional"],"jetpack_featured_media_url":"https:\/\/radiorevelacionfm.cl\/wp-content\/uploads\/2025\/10\/Latam-1-1.jpg","_links":{"self":[{"href":"https:\/\/radiorevelacionfm.cl\/index.php?rest_route=\/wp\/v2\/posts\/60541","targetHints":{"allow":["GET"]}}],"collection":[{"href":"https:\/\/radiorevelacionfm.cl\/index.php?rest_route=\/wp\/v2\/posts"}],"about":[{"href":"https:\/\/radiorevelacionfm.cl\/index.php?rest_route=\/wp\/v2\/types\/post"}],"author":[{"embeddable":true,"href":"https:\/\/radiorevelacionfm.cl\/index.php?rest_route=\/wp\/v2\/users\/1"}],"replies":[{"embeddable":true,"href":"https:\/\/radiorevelacionfm.cl\/index.php?rest_route=%2Fwp%2Fv2%2Fcomments&post=60541"}],"version-history":[{"count":5,"href":"https:\/\/radiorevelacionfm.cl\/index.php?rest_route=\/wp\/v2\/posts\/60541\/revisions"}],"predecessor-version":[{"id":60556,"href":"https:\/\/radiorevelacionfm.cl\/index.php?rest_route=\/wp\/v2\/posts\/60541\/revisions\/60556"}],"wp:featuredmedia":[{"embeddable":true,"href":"https:\/\/radiorevelacionfm.cl\/index.php?rest_route=\/wp\/v2\/media\/60542"}],"wp:attachment":[{"href":"https:\/\/radiorevelacionfm.cl\/index.php?rest_route=%2Fwp%2Fv2%2Fmedia&parent=60541"}],"wp:term":[{"taxonomy":"category","embeddable":true,"href":"https:\/\/radiorevelacionfm.cl\/index.php?rest_route=%2Fwp%2Fv2%2Fcategories&post=60541"},{"taxonomy":"post_tag","embeddable":true,"href":"https:\/\/radiorevelacionfm.cl\/index.php?rest_route=%2Fwp%2Fv2%2Ftags&post=60541"}],"curies":[{"name":"wp","href":"https:\/\/api.w.org\/{rel}","templated":true}]}}