{"id":60538,"date":"2025-10-20T20:36:08","date_gmt":"2025-10-20T23:36:08","guid":{"rendered":"https:\/\/radiorevelacionfm.cl\/?p=60538"},"modified":"2025-10-20T20:36:08","modified_gmt":"2025-10-20T23:36:08","slug":"estudiantes-de-tecnico-en-produccion-agropecuaria-del-campus-patagonia-uach-realizaron-gira-por-el-sur-de-la-region-de-aysen","status":"publish","type":"post","link":"https:\/\/radiorevelacionfm.cl\/?p=60538","title":{"rendered":"Estudiantes de T\u00e9cnico en Producci\u00f3n Agropecuaria del Campus Patagonia UACh realizaron gira por el sur de la Regi\u00f3n de Ays\u00e9n"},"content":{"rendered":"<div class=\"flex_column av_one_full  flex_column_div av-zero-column-padding first  avia-builder-el-0  el_before_av_one_full  avia-builder-el-first  \" style='border-radius:0px; '><div  class='avia-image-container  av-styling-    avia-builder-el-1  avia-builder-el-no-sibling  avia-align-center '  itemprop=\"image\" itemscope=\"itemscope\" itemtype=\"https:\/\/schema.org\/ImageObject\"  ><div class='avia-image-container-inner'><div class='avia-image-overlay-wrap'><img decoding=\"async\" class='wp-image-60539 avia-img-lazy-loading-not-60539 avia_image' src=\"https:\/\/radiorevelacionfm.cl\/wp-content\/uploads\/2025\/10\/gira-agropecuaria3-1_optimized-1.jpeg\" alt='' title='gira-agropecuaria3-(1)_optimized (1)' height=\"745\" width=\"803\"  itemprop=\"thumbnailUrl\" srcset=\"https:\/\/radiorevelacionfm.cl\/wp-content\/uploads\/2025\/10\/gira-agropecuaria3-1_optimized-1.jpeg 803w, https:\/\/radiorevelacionfm.cl\/wp-content\/uploads\/2025\/10\/gira-agropecuaria3-1_optimized-1-300x278.jpeg 300w, https:\/\/radiorevelacionfm.cl\/wp-content\/uploads\/2025\/10\/gira-agropecuaria3-1_optimized-1-768x713.jpeg 768w, https:\/\/radiorevelacionfm.cl\/wp-content\/uploads\/2025\/10\/gira-agropecuaria3-1_optimized-1-705x654.jpeg 705w, https:\/\/radiorevelacionfm.cl\/wp-content\/uploads\/2025\/10\/gira-agropecuaria3-1_optimized-1-450x417.jpeg 450w, https:\/\/radiorevelacionfm.cl\/wp-content\/uploads\/2025\/10\/gira-agropecuaria3-1_optimized-1-600x557.jpeg 600w\" sizes=\"(max-width: 803px) 100vw, 803px\" \/><\/div><\/div><\/div><\/div><div class=\"flex_column av_one_full  flex_column_div av-zero-column-padding first  avia-builder-el-2  el_after_av_one_full  el_before_av_one_full  column-top-margin\" style='border-radius:0px; '><section class=\"av_textblock_section \"  itemscope=\"itemscope\" itemtype=\"https:\/\/schema.org\/BlogPosting\" itemprop=\"blogPost\" ><div class='avia_textblock  '   itemprop=\"text\" ><p style=\"text-align: center;\"><strong><span style=\"font-size: 18pt;\">Estudiantes de T\u00e9cnico en Producci\u00f3n Agropecuaria del Campus Patagonia UACh realizaron gira por el sur de la Regi\u00f3n de Ays\u00e9n<\/span><\/strong><\/p>\n<div id=\"gtx-trans\" style=\"position: absolute; left: -50px; top: 4.31534px;\">\n<div class=\"gtx-trans-icon\"><\/div>\n<\/div>\n<\/div><\/section><\/div><div class=\"flex_column av_one_full  flex_column_div av-zero-column-padding first  avia-builder-el-4  el_after_av_one_full  el_before_av_hr  column-top-margin\" style='border-radius:0px; '><section class=\"av_textblock_section \"  itemscope=\"itemscope\" itemtype=\"https:\/\/schema.org\/BlogPosting\" itemprop=\"blogPost\" ><div class='avia_textblock  '   itemprop=\"text\" ><p style=\"text-align: justify;\"><em>Las y los estudiantes conocieron los principales cultivos en una zona caracterizada por un microclima que permite el desarrollo de frutales de exportaci\u00f3n.<\/em><\/p>\n<p style=\"text-align: justify;\">Un exitoso balance de la Gira Patagonia Sur 2025, realizaron docentes de la carrera\u00a0 T\u00e9cnico Universitario en Producci\u00f3n Agropecuaria del Campus Patagonia, en la que participaron estudiantes de primer y segundo a\u00f1o de la carrera.<\/p>\n<p style=\"text-align: justify;\">Durante una semana, los y las j\u00f3venes recorrieron las localidades de Puerto Ib\u00e1\u00f1ez, Bah\u00eda Jara y Chile Chico, realizando actividades pr\u00e1cticas en diversos huertos del sector, dotado de un microclima caracter\u00edstico de la zona.<\/p>\n<p style=\"text-align: justify;\">La primera jornada fue dedicada al conocimiento del cultivo de vides, iniciando el recorrido en el huerto vitivin\u00edcola de don Oscar Lagos, en Puerto Ib\u00e1\u00f1ez, para luego realizar una visita t\u00e9cnica a la Vi\u00f1a Don Renato que cultiva vides cepa Chardonnay, utilizada en la producci\u00f3n regional de un vino tard\u00edo de alta calidad para mercados gourmet. De igual forma, se recorrieron las instalaciones de riego por aspersi\u00f3n y tranque acumulador de aguas, adem\u00e1s de la siembra de alfalfa y frutillas variedad Albion para mercado regional.<\/p>\n<p style=\"text-align: justify;\">Continuando con la gira, la delegaci\u00f3n se desplaz\u00f3 a la localidad de Bah\u00eda Jara, donde visitaron los huertos de cerezas de exportaci\u00f3n del productor Humberto Fica y Patagonia Cherry, donde recibieron una capacitaci\u00f3n sobre sistemas de conducci\u00f3n, podas de producci\u00f3n y raleo de frutos. Posteriormente se dirigieron al Centro Experimental del INIA Tamel Aike, oficina de Chile Chico, donde su encargado, Elmo Pacheco, capacit\u00f3 a las y los alumnos en poda de producci\u00f3n de vides para desarrollo de vinos.<\/p>\n<p style=\"text-align: justify;\">La \u00faltima jornada de viaje incluy\u00f3 una visita a los cultivos agrecol\u00f3gicos del Huerto Jeinimeni en la ciudad de Chile Chico, producidos bajo el m\u00e9todo biointensivo para el mercado regional, en busca de la inocuidad, nutrici\u00f3n y alta calidad en productos almentarios sanos y nutritivos.<\/p>\n<p style=\"text-align: justify;\">Posteriormente, el grupo visit\u00f3 las instalaciones de producci\u00f3n, elaboraci\u00f3n y procesamiento de miel org\u00e1nica y sus derivados, tales como ceras y prop\u00f3leo. El gestor de esta iniciativa es don Avelino Jara, productor local la zona de Chile Chico.<\/p>\n<p style=\"text-align: justify;\">Finalmente, la delegaci\u00f3n de estudiantes concurri\u00f3 a las instalaciones de agroprocesos de don C\u00e9sar Trivi\u00f1o, cuyo emprendimiento familiar pone en valor productos como cerveza artesanal regional, sidra de manzana y membrillo.<\/p>\n<p style=\"text-align: justify;\">El jefe de la carrera, prof. Pablo Hern\u00e1ndez, destac\u00f3 lo beneficioso de este tipo de actividades para el aprendizaje en terreno de los y las estudiantes, se\u00f1alando que \u201cEsta Gira de Estudios viene a complementar el curriculum acad\u00e9mico de nuestros estudiantes para involucrarlos en el \u00e1rea agropecuaria regional directamente en las empresas. La visita a la zona de Chile Chico es fundamental, ya que estos sectores son considerados el eje productivo de la fruticultura regional, donde predomina el cultivo de cerezas tard\u00edas de exportaci\u00f3n y el emergente mercado de los vinos premium m\u00e1s tard\u00edos del mundo\u201d.<\/p>\n<\/div><\/section><\/div><div  style='height:50px' class='hr hr-invisible   avia-builder-el-6  el_after_av_one_full  el_before_av_social_share '><span class='hr-inner ' ><span class='hr-inner-style'><\/span><\/span><\/div><\/p>\n<div  class='av-social-sharing-box  avia-builder-el-7  el_after_av_hr  el_before_av_hr  '><div class='av-share-box'><h5 class='av-share-link-description av-no-toc '>Compartir esta noticia<\/h5><ul class='av-share-box-list noLightbox'><li class='av-share-link av-social-link-facebook' ><a target=\"_blank\" aria-label=\"Compartir en Facebook\" href='https:\/\/www.facebook.com\/sharer.php?u=https:\/\/radiorevelacionfm.cl\/?p=60538&#038;t=Estudiantes%20de%20T%C3%A9cnico%20en%20Producci%C3%B3n%20Agropecuaria%20del%20Campus%20Patagonia%20UACh%20realizaron%20gira%20por%20el%20sur%20de%20la%20Regi%C3%B3n%20de%20Ays%C3%A9n' aria-hidden='false' data-av_icon='\ue8f3' data-av_iconfont='entypo-fontello' title='' data-avia-related-tooltip='Compartir en Facebook' rel=\"noopener\"><span class='avia_hidden_link_text'>Compartir en Facebook<\/span><\/a><\/li><li class='av-share-link av-social-link-twitter' ><a target=\"_blank\" aria-label=\"Compartir en Twitter\" href='https:\/\/twitter.com\/share?text=Estudiantes%20de%20T%C3%A9cnico%20en%20Producci%C3%B3n%20Agropecuaria%20del%20Campus%20Patagonia%20UACh%20realizaron%20gira%20por%20el%20sur%20de%20la%20Regi%C3%B3n%20de%20Ays%C3%A9n&#038;url=https:\/\/radiorevelacionfm.cl\/?p=60538' aria-hidden='false' data-av_icon='\ue8f1' data-av_iconfont='entypo-fontello' title='' data-avia-related-tooltip='Compartir en Twitter' rel=\"noopener\"><span class='avia_hidden_link_text'>Compartir en Twitter<\/span><\/a><\/li><li class='av-share-link av-social-link-whatsapp' ><a target=\"_blank\" aria-label=\"Compartir en Whatsapp\" href='https:\/\/api.whatsapp.com\/send?text=https:\/\/radiorevelacionfm.cl\/?p=60538' aria-hidden='false' data-av_icon='\uf232' data-av_iconfont='entypo-fontello' title='' data-avia-related-tooltip='Compartir en Whatsapp' rel=\"noopener\"><span class='avia_hidden_link_text'>Compartir en Whatsapp<\/span><\/a><\/li><li class='av-share-link av-social-link-linkedin' ><a target=\"_blank\" aria-label=\"Compartir en LinkedIn\" href='https:\/\/linkedin.com\/shareArticle?mini=true&#038;title=Estudiantes%20de%20T%C3%A9cnico%20en%20Producci%C3%B3n%20Agropecuaria%20del%20Campus%20Patagonia%20UACh%20realizaron%20gira%20por%20el%20sur%20de%20la%20Regi%C3%B3n%20de%20Ays%C3%A9n&#038;url=https:\/\/radiorevelacionfm.cl\/?p=60538' aria-hidden='false' data-av_icon='\ue8fc' data-av_iconfont='entypo-fontello' title='' data-avia-related-tooltip='Compartir en LinkedIn' rel=\"noopener\"><span class='avia_hidden_link_text'>Compartir en LinkedIn<\/span><\/a><\/li><li class='av-share-link av-social-link-mail' ><a  aria-label=\"Compartir por correo\" href='mailto:?subject=Estudiantes%20de%20T%C3%A9cnico%20en%20Producci%C3%B3n%20Agropecuaria%20del%20Campus%20Patagonia%20UACh%20realizaron%20gira%20por%20el%20sur%20de%20la%20Regi%C3%B3n%20de%20Ays%C3%A9n&#038;body=https:\/\/radiorevelacionfm.cl\/?p=60538' aria-hidden='false' data-av_icon='\ue805' data-av_iconfont='entypo-fontello' title='' data-avia-related-tooltip='Compartir por correo'><span class='avia_hidden_link_text'>Compartir por correo<\/span><\/a><\/li><\/ul><\/div><\/div>\n<div  style='height:50px' class='hr hr-invisible   avia-builder-el-8  el_after_av_social_share  el_before_av_comments_list '><span class='hr-inner ' ><span class='hr-inner-style'><\/span><\/span><\/div>\n<div  class='av-buildercomment  av-blog-meta-html-info-disabled av-blog-meta-tag-disabled  '><\/div>\n","protected":false},"excerpt":{"rendered":"","protected":false},"author":1,"featured_media":60539,"comment_status":"closed","ping_status":"closed","sticky":false,"template":"","format":"standard","meta":{"footnotes":""},"categories":[49],"tags":[],"class_list":["post-60538","post","type-post","status-publish","format-standard","has-post-thumbnail","hentry","category-educacion"],"jetpack_featured_media_url":"https:\/\/radiorevelacionfm.cl\/wp-content\/uploads\/2025\/10\/gira-agropecuaria3-1_optimized-1.jpeg","_links":{"self":[{"href":"https:\/\/radiorevelacionfm.cl\/index.php?rest_route=\/wp\/v2\/posts\/60538","targetHints":{"allow":["GET"]}}],"collection":[{"href":"https:\/\/radiorevelacionfm.cl\/index.php?rest_route=\/wp\/v2\/posts"}],"about":[{"href":"https:\/\/radiorevelacionfm.cl\/index.php?rest_route=\/wp\/v2\/types\/post"}],"author":[{"embeddable":true,"href":"https:\/\/radiorevelacionfm.cl\/index.php?rest_route=\/wp\/v2\/users\/1"}],"replies":[{"embeddable":true,"href":"https:\/\/radiorevelacionfm.cl\/index.php?rest_route=%2Fwp%2Fv2%2Fcomments&post=60538"}],"version-history":[{"count":2,"href":"https:\/\/radiorevelacionfm.cl\/index.php?rest_route=\/wp\/v2\/posts\/60538\/revisions"}],"predecessor-version":[{"id":60559,"href":"https:\/\/radiorevelacionfm.cl\/index.php?rest_route=\/wp\/v2\/posts\/60538\/revisions\/60559"}],"wp:featuredmedia":[{"embeddable":true,"href":"https:\/\/radiorevelacionfm.cl\/index.php?rest_route=\/wp\/v2\/media\/60539"}],"wp:attachment":[{"href":"https:\/\/radiorevelacionfm.cl\/index.php?rest_route=%2Fwp%2Fv2%2Fmedia&parent=60538"}],"wp:term":[{"taxonomy":"category","embeddable":true,"href":"https:\/\/radiorevelacionfm.cl\/index.php?rest_route=%2Fwp%2Fv2%2Fcategories&post=60538"},{"taxonomy":"post_tag","embeddable":true,"href":"https:\/\/radiorevelacionfm.cl\/index.php?rest_route=%2Fwp%2Fv2%2Ftags&post=60538"}],"curies":[{"name":"wp","href":"https:\/\/api.w.org\/{rel}","templated":true}]}}