{"id":60535,"date":"2025-10-21T11:18:23","date_gmt":"2025-10-21T14:18:23","guid":{"rendered":"https:\/\/radiorevelacionfm.cl\/?p=60535"},"modified":"2025-10-21T11:18:23","modified_gmt":"2025-10-21T14:18:23","slug":"sistema-de-admision-escolar-sae-667-de-los-postulantes-2026-de-aysen-quedo-en-su-primera-preferencia","status":"publish","type":"post","link":"https:\/\/radiorevelacionfm.cl\/?p=60535","title":{"rendered":"Sistema de Admisi\u00f3n Escolar (SAE): 66,7%  de los postulantes 2026 de Ays\u00e9n qued\u00f3 en su primera preferencia"},"content":{"rendered":"<div class=\"flex_column av_one_full  flex_column_div av-zero-column-padding first  avia-builder-el-0  el_before_av_one_full  avia-builder-el-first  \" style='border-radius:0px; '><div  class='avia-image-container  av-styling-    avia-builder-el-1  avia-builder-el-no-sibling  avia-align-center '  itemprop=\"image\" itemscope=\"itemscope\" itemtype=\"https:\/\/schema.org\/ImageObject\"  ><div class='avia-image-container-inner'><div class='avia-image-overlay-wrap'><img decoding=\"async\" class='wp-image-60536 avia-img-lazy-loading-not-60536 avia_image' src=\"https:\/\/radiorevelacionfm.cl\/wp-content\/uploads\/2025\/10\/SAE-3-1-1.jpg\" alt='' title='SAE (3) (1) (1)' height=\"600\" width=\"900\"  itemprop=\"thumbnailUrl\" srcset=\"https:\/\/radiorevelacionfm.cl\/wp-content\/uploads\/2025\/10\/SAE-3-1-1.jpg 900w, https:\/\/radiorevelacionfm.cl\/wp-content\/uploads\/2025\/10\/SAE-3-1-1-300x200.jpg 300w, https:\/\/radiorevelacionfm.cl\/wp-content\/uploads\/2025\/10\/SAE-3-1-1-768x512.jpg 768w, https:\/\/radiorevelacionfm.cl\/wp-content\/uploads\/2025\/10\/SAE-3-1-1-705x470.jpg 705w, https:\/\/radiorevelacionfm.cl\/wp-content\/uploads\/2025\/10\/SAE-3-1-1-450x300.jpg 450w, https:\/\/radiorevelacionfm.cl\/wp-content\/uploads\/2025\/10\/SAE-3-1-1-600x400.jpg 600w\" sizes=\"(max-width: 900px) 100vw, 900px\" \/><\/div><\/div><\/div><\/div><div class=\"flex_column av_one_full  flex_column_div av-zero-column-padding first  avia-builder-el-2  el_after_av_one_full  el_before_av_one_full  column-top-margin\" style='border-radius:0px; '><section class=\"av_textblock_section \"  itemscope=\"itemscope\" itemtype=\"https:\/\/schema.org\/BlogPosting\" itemprop=\"blogPost\" ><div class='avia_textblock  '   itemprop=\"text\" ><p style=\"text-align: center;\"><span style=\"font-size: 18pt;\"><b>Sistema de Admisi\u00f3n Escolar (SAE):<\/b><b>\u00a0<\/b><b>66,7%\u00a0 de los postulantes 2026 de Ays\u00e9n qued\u00f3 en su primera preferencia<\/b><\/span><\/p>\n<div id=\"gtx-trans\" style=\"position: absolute; left: -50px; top: 4.31534px;\">\n<div class=\"gtx-trans-icon\"><\/div>\n<\/div>\n<\/div><\/section><\/div><div class=\"flex_column av_one_full  flex_column_div av-zero-column-padding first  avia-builder-el-4  el_after_av_one_full  el_before_av_hr  column-top-margin\" style='border-radius:0px; '><section class=\"av_textblock_section \"  itemscope=\"itemscope\" itemtype=\"https:\/\/schema.org\/BlogPosting\" itemprop=\"blogPost\" ><div class='avia_textblock  '   itemprop=\"text\" ><p style=\"font-weight: 400; text-align: justify;\"><em>En la regi\u00f3n de Ays\u00e9n participaron 2.709 estudiantes, equivalentes al 0,58% del total de postulantes, y el 78,26% es asignado dentro de sus primeras tres preferencias.<\/em><\/p>\n<p style=\"font-weight: 400; text-align: justify;\">El Ministerio de Educaci\u00f3n dio a conocer este mi\u00e9rcoles los resultados correspondientes al Periodo Principal de postulaciones del Sistema de Admisi\u00f3n Escolar (SAE), plataforma que permite acceder a establecimientos p\u00fablicos y particulares subvencionados en 2026.<\/p>\n<p style=\"font-weight: 400; text-align: justify;\">En el per\u00edodo principal de postulaci\u00f3n del SAE 2026, el 69,4% de los 463 mil estudiantes qued\u00f3 asignado en alguna de sus tres primeras preferencias, mientras que el 52,5% fue asignado a su opci\u00f3n de primera preferencia. El 92,8% de las postulaciones a nivel nacional result\u00f3 con alguna asignaci\u00f3n.<\/p>\n<p style=\"font-weight: 400; text-align: justify;\">Hasta el 21 de octubre a las 14 horas, los y las apoderadas deber\u00e1n ingresar al portal\u00a0<a href=\"http:\/\/www.sistemadeadmisionescolar.cl\/\" data-saferedirecturl=\"https:\/\/www.google.com\/url?q=http:\/\/www.sistemadeadmisionescolar.cl&amp;source=gmail&amp;ust=1761075661645000&amp;usg=AOvVaw0Yy2qX5KfLVOLG-pTEfdbA\">www.sistemadeadmisionescolar.cl<\/a>, con el mismo usuario y contrase\u00f1a que utilizaron para realizar su postulaci\u00f3n, y una vez dentro del sitio web, revisar si el estudiante fue asignado a alguno de los establecimientos de su listado de preferencias.<\/p>\n<p style=\"font-weight: 400; text-align: justify;\">Al interior del sitio, las familias podr\u00e1n realizar una de las siguientes acciones: aceptar el establecimiento asignado; aceptarlo y activar la lista de espera (en caso de liberarse cupos en otros establecimientos de mayor preferencia); o rechazar el resultado. Quienes opten por esta \u00faltima opci\u00f3n deber\u00e1n volver a postular en el per\u00edodo complementario del SAE, que se realizar\u00e1 entre el 12 y el 19 de noviembre.<\/p>\n<p style=\"font-weight: 400; text-align: justify;\">Es importante considerar que aquellas personas que ten\u00edan continuidad en el colegio actual y tuvieron asignaci\u00f3n en otro colegio de preferencia, han liberado su vacante para otro estudiante que lo necesita, por lo que tambi\u00e9n deber\u00e1n postular en el Periodo Complementario.<\/p>\n<p style=\"font-weight: 400; text-align: justify;\"><strong>Resultados Regi\u00f3n de Ays\u00e9n<\/strong><\/p>\n<p style=\"font-weight: 400; text-align: justify;\">En el caso de la Regi\u00f3n de Ays\u00e9n\u00a0 durante el periodo principal de postulaci\u00f3n al SAE\u00a0participaron 2.709 estudiantes, equivalentes al 0,58% del total de postulantes nacional, En la regi\u00f3n, el 66,7% de los postulantes qued\u00f3 asignado en su primera preferencia, mientras que el 78,26% es asignado dentro de sus primeras tres preferencias. A nivel nacional, estos porcentajes son de 52,53% y 69,43% , respectivamente.<\/p>\n<p style=\"font-weight: 400; text-align: justify;\">Respecto al proceso, la Seremi de Educaci\u00f3n de Ays\u00e9n Katherine Miqueles destac\u00f3 que el SAE entrega justicia social.<\/p>\n<p style=\"font-weight: 400; text-align: justify;\">\u201cEl SAE fue creado con la Ley de Inclusi\u00f3n (2016) y su objetivo es eliminar las barreras de entrada a la educaci\u00f3n. En este sistema, son las familias las que eligen el establecimiento educativo de su inter\u00e9s, y no al rev\u00e9s, porque elimina las entrevistas a los padres, las pruebas de admisi\u00f3n y la presentaci\u00f3n de antecedentes, que muchas veces resultan discriminatorias. El SAE ofrece oportunidades a todas las familias: al eliminar requisitos arbitrarios de acceso, como las pruebas de conocimiento, que dependen del capital cultural de las familias, ahora todos los estudiantes tienen las mismas oportunidades de entrar a un establecimiento\u201d, destac\u00f3 la autoridad sectorial regional.<\/p>\n<\/div><\/section><\/div><div  style='height:50px' class='hr hr-invisible   avia-builder-el-6  el_after_av_one_full  el_before_av_social_share '><span class='hr-inner ' ><span class='hr-inner-style'><\/span><\/span><\/div><\/p>\n<div  class='av-social-sharing-box  avia-builder-el-7  el_after_av_hr  el_before_av_hr  '><div class='av-share-box'><h5 class='av-share-link-description av-no-toc '>Compartir esta noticia<\/h5><ul class='av-share-box-list noLightbox'><li class='av-share-link av-social-link-facebook' ><a target=\"_blank\" aria-label=\"Compartir en Facebook\" href='https:\/\/www.facebook.com\/sharer.php?u=https:\/\/radiorevelacionfm.cl\/?p=60535&#038;t=Sistema%20de%20Admisi%C3%B3n%20Escolar%20%28SAE%29%3A%2066%2C7%25%20%20de%20los%20postulantes%202026%20de%20Ays%C3%A9n%20qued%C3%B3%20en%20su%20primera%20preferencia' aria-hidden='false' data-av_icon='\ue8f3' data-av_iconfont='entypo-fontello' title='' data-avia-related-tooltip='Compartir en Facebook' rel=\"noopener\"><span class='avia_hidden_link_text'>Compartir en Facebook<\/span><\/a><\/li><li class='av-share-link av-social-link-twitter' ><a target=\"_blank\" aria-label=\"Compartir en Twitter\" href='https:\/\/twitter.com\/share?text=Sistema%20de%20Admisi%C3%B3n%20Escolar%20%28SAE%29%3A%2066%2C7%25%20%20de%20los%20postulantes%202026%20de%20Ays%C3%A9n%20qued%C3%B3%20en%20su%20primera%20preferencia&#038;url=https:\/\/radiorevelacionfm.cl\/?p=60535' aria-hidden='false' data-av_icon='\ue8f1' data-av_iconfont='entypo-fontello' title='' data-avia-related-tooltip='Compartir en Twitter' rel=\"noopener\"><span class='avia_hidden_link_text'>Compartir en Twitter<\/span><\/a><\/li><li class='av-share-link av-social-link-whatsapp' ><a target=\"_blank\" aria-label=\"Compartir en Whatsapp\" href='https:\/\/api.whatsapp.com\/send?text=https:\/\/radiorevelacionfm.cl\/?p=60535' aria-hidden='false' data-av_icon='\uf232' data-av_iconfont='entypo-fontello' title='' data-avia-related-tooltip='Compartir en Whatsapp' rel=\"noopener\"><span class='avia_hidden_link_text'>Compartir en Whatsapp<\/span><\/a><\/li><li class='av-share-link av-social-link-linkedin' ><a target=\"_blank\" aria-label=\"Compartir en LinkedIn\" href='https:\/\/linkedin.com\/shareArticle?mini=true&#038;title=Sistema%20de%20Admisi%C3%B3n%20Escolar%20%28SAE%29%3A%2066%2C7%25%20%20de%20los%20postulantes%202026%20de%20Ays%C3%A9n%20qued%C3%B3%20en%20su%20primera%20preferencia&#038;url=https:\/\/radiorevelacionfm.cl\/?p=60535' aria-hidden='false' data-av_icon='\ue8fc' data-av_iconfont='entypo-fontello' title='' data-avia-related-tooltip='Compartir en LinkedIn' rel=\"noopener\"><span class='avia_hidden_link_text'>Compartir en LinkedIn<\/span><\/a><\/li><li class='av-share-link av-social-link-mail' ><a  aria-label=\"Compartir por correo\" href='mailto:?subject=Sistema%20de%20Admisi%C3%B3n%20Escolar%20%28SAE%29%3A%2066%2C7%25%20%20de%20los%20postulantes%202026%20de%20Ays%C3%A9n%20qued%C3%B3%20en%20su%20primera%20preferencia&#038;body=https:\/\/radiorevelacionfm.cl\/?p=60535' aria-hidden='false' data-av_icon='\ue805' data-av_iconfont='entypo-fontello' title='' data-avia-related-tooltip='Compartir por correo'><span class='avia_hidden_link_text'>Compartir por correo<\/span><\/a><\/li><\/ul><\/div><\/div>\n<div  style='height:50px' class='hr hr-invisible   avia-builder-el-8  el_after_av_social_share  el_before_av_comments_list '><span class='hr-inner ' ><span class='hr-inner-style'><\/span><\/span><\/div>\n<div  class='av-buildercomment  av-blog-meta-html-info-disabled av-blog-meta-tag-disabled  '><\/div>\n","protected":false},"excerpt":{"rendered":"","protected":false},"author":1,"featured_media":60536,"comment_status":"closed","ping_status":"closed","sticky":false,"template":"","format":"standard","meta":{"footnotes":""},"categories":[49],"tags":[],"class_list":["post-60535","post","type-post","status-publish","format-standard","has-post-thumbnail","hentry","category-educacion"],"jetpack_featured_media_url":"https:\/\/radiorevelacionfm.cl\/wp-content\/uploads\/2025\/10\/SAE-3-1-1.jpg","_links":{"self":[{"href":"https:\/\/radiorevelacionfm.cl\/index.php?rest_route=\/wp\/v2\/posts\/60535","targetHints":{"allow":["GET"]}}],"collection":[{"href":"https:\/\/radiorevelacionfm.cl\/index.php?rest_route=\/wp\/v2\/posts"}],"about":[{"href":"https:\/\/radiorevelacionfm.cl\/index.php?rest_route=\/wp\/v2\/types\/post"}],"author":[{"embeddable":true,"href":"https:\/\/radiorevelacionfm.cl\/index.php?rest_route=\/wp\/v2\/users\/1"}],"replies":[{"embeddable":true,"href":"https:\/\/radiorevelacionfm.cl\/index.php?rest_route=%2Fwp%2Fv2%2Fcomments&post=60535"}],"version-history":[{"count":2,"href":"https:\/\/radiorevelacionfm.cl\/index.php?rest_route=\/wp\/v2\/posts\/60535\/revisions"}],"predecessor-version":[{"id":60573,"href":"https:\/\/radiorevelacionfm.cl\/index.php?rest_route=\/wp\/v2\/posts\/60535\/revisions\/60573"}],"wp:featuredmedia":[{"embeddable":true,"href":"https:\/\/radiorevelacionfm.cl\/index.php?rest_route=\/wp\/v2\/media\/60536"}],"wp:attachment":[{"href":"https:\/\/radiorevelacionfm.cl\/index.php?rest_route=%2Fwp%2Fv2%2Fmedia&parent=60535"}],"wp:term":[{"taxonomy":"category","embeddable":true,"href":"https:\/\/radiorevelacionfm.cl\/index.php?rest_route=%2Fwp%2Fv2%2Fcategories&post=60535"},{"taxonomy":"post_tag","embeddable":true,"href":"https:\/\/radiorevelacionfm.cl\/index.php?rest_route=%2Fwp%2Fv2%2Ftags&post=60535"}],"curies":[{"name":"wp","href":"https:\/\/api.w.org\/{rel}","templated":true}]}}