{"id":60531,"date":"2025-10-20T16:41:56","date_gmt":"2025-10-20T19:41:56","guid":{"rendered":"https:\/\/radiorevelacionfm.cl\/?p=60531"},"modified":"2025-10-20T16:41:56","modified_gmt":"2025-10-20T19:41:56","slug":"nuevo-hospital-dr-leopoldo-ortega-rodriguez-de-chile-chico-inicio-atenciones-al-publico","status":"publish","type":"post","link":"https:\/\/radiorevelacionfm.cl\/?p=60531","title":{"rendered":"Nuevo Hospital Dr. Leopoldo Ortega Rodr\u00edguez de Chile Chico inici\u00f3 atenciones al p\u00fablico"},"content":{"rendered":"<div class=\"flex_column av_one_full  flex_column_div av-zero-column-padding first  avia-builder-el-0  el_before_av_one_full  avia-builder-el-first  \" style='border-radius:0px; '><div  class='avia-image-container  av-styling-    avia-builder-el-1  avia-builder-el-no-sibling  avia-align-center '  itemprop=\"image\" itemscope=\"itemscope\" itemtype=\"https:\/\/schema.org\/ImageObject\"  ><div class='avia-image-container-inner'><div class='avia-image-overlay-wrap'><img decoding=\"async\" class='wp-image-60532 avia-img-lazy-loading-not-60532 avia_image' src=\"https:\/\/radiorevelacionfm.cl\/wp-content\/uploads\/2025\/10\/FOTO-HOSPITAL-CHILE-CHICO.-1-1.jpeg\" alt='' title='FOTO HOSPITAL CHILE CHICO... (1) (1)' height=\"600\" width=\"800\"  itemprop=\"thumbnailUrl\" srcset=\"https:\/\/radiorevelacionfm.cl\/wp-content\/uploads\/2025\/10\/FOTO-HOSPITAL-CHILE-CHICO.-1-1.jpeg 800w, https:\/\/radiorevelacionfm.cl\/wp-content\/uploads\/2025\/10\/FOTO-HOSPITAL-CHILE-CHICO.-1-1-300x225.jpeg 300w, https:\/\/radiorevelacionfm.cl\/wp-content\/uploads\/2025\/10\/FOTO-HOSPITAL-CHILE-CHICO.-1-1-768x576.jpeg 768w, https:\/\/radiorevelacionfm.cl\/wp-content\/uploads\/2025\/10\/FOTO-HOSPITAL-CHILE-CHICO.-1-1-705x529.jpeg 705w, https:\/\/radiorevelacionfm.cl\/wp-content\/uploads\/2025\/10\/FOTO-HOSPITAL-CHILE-CHICO.-1-1-450x338.jpeg 450w, https:\/\/radiorevelacionfm.cl\/wp-content\/uploads\/2025\/10\/FOTO-HOSPITAL-CHILE-CHICO.-1-1-600x450.jpeg 600w\" sizes=\"(max-width: 800px) 100vw, 800px\" \/><\/div><\/div><\/div><\/div><div class=\"flex_column av_one_full  flex_column_div av-zero-column-padding first  avia-builder-el-2  el_after_av_one_full  el_before_av_one_full  column-top-margin\" style='border-radius:0px; '><section class=\"av_textblock_section \"  itemscope=\"itemscope\" itemtype=\"https:\/\/schema.org\/BlogPosting\" itemprop=\"blogPost\" ><div class='avia_textblock  '   itemprop=\"text\" ><p style=\"text-align: center;\"><span style=\"font-size: 18pt;\"><b>Nuevo Hospital Dr. Leopoldo Ortega Rodr\u00edguez de Chile Chico inici\u00f3 atenciones al p\u00fablico<\/b><\/span><\/p>\n<div id=\"gtx-trans\" style=\"position: absolute; left: -50px; top: 4.31534px;\">\n<div class=\"gtx-trans-icon\"><\/div>\n<\/div>\n<\/div><\/section><\/div><div class=\"flex_column av_one_full  flex_column_div av-zero-column-padding first  avia-builder-el-4  el_after_av_one_full  el_before_av_hr  column-top-margin\" style='border-radius:0px; '><section class=\"av_textblock_section \"  itemscope=\"itemscope\" itemtype=\"https:\/\/schema.org\/BlogPosting\" itemprop=\"blogPost\" ><div class='avia_textblock  '   itemprop=\"text\" ><ul style=\"font-weight: 400;\">\n<li style=\"text-align: justify;\"><em>Traslado exitoso desde el antiguo recinto marca el comienzo de una nueva etapa para la salud p\u00fablica en la Provincia de General Carrera.<\/em><\/li>\n<\/ul>\n<p style=\"font-weight: 400; text-align: justify;\">Durante la semana del 6 al 12 de octubre se concret\u00f3 el traslado total desde el antiguo hospital al nuevo edificio del Hospital Dr. Leopoldo Ortega Rodr\u00edguez en Chile Chico, marcando un hito hist\u00f3rico para la salud p\u00fablica en la zona. Este cambio representa un avance significativo en la calidad de la atenci\u00f3n y en las condiciones de trabajo para funcionarias y funcionarios de salud.<\/p>\n<p style=\"font-weight: 400; text-align: justify;\">Durante la semana se llevaron a cabo actividades simb\u00f3licas que acompa\u00f1aron este proceso: el cambio del cartel institucional, el encendido del nuevo logo, el traslado del hist\u00f3rico letrero, la instalaci\u00f3n de piezas patrimoniales y la habilitaci\u00f3n de un espacio que resguarda la memoria del antiguo recinto. El cierre simb\u00f3lico del edificio hist\u00f3rico, realizado el domingo 12 de octubre, reuni\u00f3 a funcionarias y funcionarios, familias y representantes de la comunidad.<\/p>\n<p style=\"font-weight: 400; text-align: justify;\">\u201cComenzamos el proceso de traslado al nuevo establecimiento, partiendo con atenci\u00f3n abierta, policl\u00ednicos, SOME y farmacia. Concluimos con Urgencias y hospitalizados. Este nuevo hospital representa dignidad y calidad de atenci\u00f3n para nuestros usuarios, pero tambi\u00e9n es importante reconocer toda la historia que hay detr\u00e1s de este establecimiento asistencial\u201d, se\u00f1al\u00f3\u00a0<strong>Lorena Guerrero Avenda\u00f1o, directora (S) del hospital.<\/strong><\/p>\n<p style=\"font-weight: 400; text-align: justify;\">\u00a0El nuevo edificio signific\u00f3 una inversi\u00f3n superior a los 40 mil millones de pesos, financiada por el Ministerio de Salud, convirti\u00e9ndose en el primer hospital del pa\u00eds en iniciar operaciones este a\u00f1o.<\/p>\n<p style=\"font-weight: 400; text-align: justify;\">Por su parte, el director del Servicio de Salud Ays\u00e9n, Juan Pablo Bravo Quintana, destac\u00f3 la relevancia de este logro.<\/p>\n<p style=\"font-weight: 400; text-align: justify;\">\u201cEstamos felices y orgullosos como Servicio de Salud Ays\u00e9n y tambi\u00e9n como hospital de este importante hito que se genera hoy d\u00eda, que es la apertura del Hospital Leopoldo Ortega. Estuvimos en un acto muy emotivo y significativo con los funcionarios en el traslado de los pacientes y en el inicio de la atenci\u00f3n en el nuevo recinto, que permitir\u00e1 una atenci\u00f3n m\u00e1s resolutiva, de mayor calidad y con mejores condiciones de infraestructura tanto para los usuarios como para nuestros trabajadores. As\u00ed que estamos felices y orgullosos de este nuevo hito\u201d, afirm\u00f3 Bravo.<\/p>\n<p style=\"font-weight: 400; text-align: justify;\">La comunidad local tambi\u00e9n vivi\u00f3 el proceso con orgullo y emoci\u00f3n.<\/p>\n<p style=\"font-weight: 400; text-align: justify;\">\u201cEstamos felices, porque esta obra la seguimos desde que era solo un proyecto. Hoy contamos con un edificio moderno y hermoso, que sin duda mejorar\u00e1 la calidad de vida de Chile Chico\u201d, coment\u00f3 Jorge Olivero, integrante del Consejo Consultivo de Salud y dirigente vecinal.<\/p>\n<p style=\"font-weight: 400; text-align: justify;\">\u201cFue un despliegue muy ordenado y efectivo. Para m\u00ed tiene un significado especial: nac\u00ed y crec\u00ed en este hospital, donde tambi\u00e9n trabaj\u00f3 mi madre. Ver este cambio y poder aportar en el traslado de pacientes es muy emocionante\u201d, expres\u00f3 Javier Fuentes Gallardo, TENS del hospital, quien particip\u00f3 en el operativo.<\/p>\n<p style=\"font-weight: 400; text-align: justify;\">Durante las jornadas se realizaron diversas actividades simb\u00f3licas: el descubrimiento de textos escritos por funcionarios y vecinos, la instalaci\u00f3n de un cuadro alusivo a hallazgos arqueol\u00f3gicos tehuelches y la habilitaci\u00f3n de un espacio que recoge la memoria e historia del antiguo hospital.<\/p>\n<p style=\"font-weight: 400; text-align: justify;\">El proceso fue acompa\u00f1ado de cerca por los gremios de la salud y por los equipos de Gesti\u00f3n del Cambio y Calidad del Servicio de Salud Ays\u00e9n.<\/p>\n<p style=\"font-weight: 400; text-align: justify;\">\u201cHemos estado acompa\u00f1ando a los funcionarios en terreno d\u00eda a d\u00eda. Este hito refleja un avance sustancial, entrega dignidad a su trabajo y mejora la atenci\u00f3n de la comunidad. Nos enfocaremos en apoyar y capacitar a nuestros asociados para brindar un servicio de excelencia\u201d, expres\u00f3 Rodrigo Mena Mella, presidenta de la FENATS del Servicio de Salud Ays\u00e9n.<\/p>\n<p style=\"font-weight: 400; text-align: justify;\">El inicio de operaciones del nuevo hospital marca el comienzo de una nueva etapa para la salud p\u00fablica en la Provincia de General Carrera, reafirmando el compromiso del Servicio de Salud Ays\u00e9n y del Ministerio de Salud de Chile con el derecho a una atenci\u00f3n digna, oportuna y de calidad para todas y todos los habitantes de Chile Chico.<\/p>\n<\/div><\/section><\/div><div  style='height:50px' class='hr hr-invisible   avia-builder-el-6  el_after_av_one_full  el_before_av_social_share '><span class='hr-inner ' ><span class='hr-inner-style'><\/span><\/span><\/div><\/p>\n<div  class='av-social-sharing-box  avia-builder-el-7  el_after_av_hr  el_before_av_hr  '><div class='av-share-box'><h5 class='av-share-link-description av-no-toc '>Compartir esta noticia<\/h5><ul class='av-share-box-list noLightbox'><li class='av-share-link av-social-link-facebook' ><a target=\"_blank\" aria-label=\"Compartir en Facebook\" href='https:\/\/www.facebook.com\/sharer.php?u=https:\/\/radiorevelacionfm.cl\/?p=60531&#038;t=Nuevo%20Hospital%20Dr.%20Leopoldo%20Ortega%20Rodr%C3%ADguez%20de%20Chile%20Chico%20inici%C3%B3%20atenciones%20al%20p%C3%BAblico' aria-hidden='false' data-av_icon='\ue8f3' data-av_iconfont='entypo-fontello' title='' data-avia-related-tooltip='Compartir en Facebook' rel=\"noopener\"><span class='avia_hidden_link_text'>Compartir en Facebook<\/span><\/a><\/li><li class='av-share-link av-social-link-twitter' ><a target=\"_blank\" aria-label=\"Compartir en Twitter\" href='https:\/\/twitter.com\/share?text=Nuevo%20Hospital%20Dr.%20Leopoldo%20Ortega%20Rodr%C3%ADguez%20de%20Chile%20Chico%20inici%C3%B3%20atenciones%20al%20p%C3%BAblico&#038;url=https:\/\/radiorevelacionfm.cl\/?p=60531' aria-hidden='false' data-av_icon='\ue8f1' data-av_iconfont='entypo-fontello' title='' data-avia-related-tooltip='Compartir en Twitter' rel=\"noopener\"><span class='avia_hidden_link_text'>Compartir en Twitter<\/span><\/a><\/li><li class='av-share-link av-social-link-whatsapp' ><a target=\"_blank\" aria-label=\"Compartir en Whatsapp\" href='https:\/\/api.whatsapp.com\/send?text=https:\/\/radiorevelacionfm.cl\/?p=60531' aria-hidden='false' data-av_icon='\uf232' data-av_iconfont='entypo-fontello' title='' data-avia-related-tooltip='Compartir en Whatsapp' rel=\"noopener\"><span class='avia_hidden_link_text'>Compartir en Whatsapp<\/span><\/a><\/li><li class='av-share-link av-social-link-linkedin' ><a target=\"_blank\" aria-label=\"Compartir en LinkedIn\" href='https:\/\/linkedin.com\/shareArticle?mini=true&#038;title=Nuevo%20Hospital%20Dr.%20Leopoldo%20Ortega%20Rodr%C3%ADguez%20de%20Chile%20Chico%20inici%C3%B3%20atenciones%20al%20p%C3%BAblico&#038;url=https:\/\/radiorevelacionfm.cl\/?p=60531' aria-hidden='false' data-av_icon='\ue8fc' data-av_iconfont='entypo-fontello' title='' data-avia-related-tooltip='Compartir en LinkedIn' rel=\"noopener\"><span class='avia_hidden_link_text'>Compartir en LinkedIn<\/span><\/a><\/li><li class='av-share-link av-social-link-mail' ><a  aria-label=\"Compartir por correo\" href='mailto:?subject=Nuevo%20Hospital%20Dr.%20Leopoldo%20Ortega%20Rodr%C3%ADguez%20de%20Chile%20Chico%20inici%C3%B3%20atenciones%20al%20p%C3%BAblico&#038;body=https:\/\/radiorevelacionfm.cl\/?p=60531' aria-hidden='false' data-av_icon='\ue805' data-av_iconfont='entypo-fontello' title='' data-avia-related-tooltip='Compartir por correo'><span class='avia_hidden_link_text'>Compartir por correo<\/span><\/a><\/li><\/ul><\/div><\/div>\n<div  style='height:50px' class='hr hr-invisible   avia-builder-el-8  el_after_av_social_share  el_before_av_comments_list '><span class='hr-inner ' ><span class='hr-inner-style'><\/span><\/span><\/div>\n<div  class='av-buildercomment  av-blog-meta-html-info-disabled av-blog-meta-tag-disabled  '><\/div>\n","protected":false},"excerpt":{"rendered":"","protected":false},"author":1,"featured_media":60532,"comment_status":"closed","ping_status":"closed","sticky":false,"template":"","format":"standard","meta":{"footnotes":""},"categories":[46],"tags":[],"class_list":["post-60531","post","type-post","status-publish","format-standard","has-post-thumbnail","hentry","category-salud"],"jetpack_featured_media_url":"https:\/\/radiorevelacionfm.cl\/wp-content\/uploads\/2025\/10\/FOTO-HOSPITAL-CHILE-CHICO.-1-1.jpeg","_links":{"self":[{"href":"https:\/\/radiorevelacionfm.cl\/index.php?rest_route=\/wp\/v2\/posts\/60531","targetHints":{"allow":["GET"]}}],"collection":[{"href":"https:\/\/radiorevelacionfm.cl\/index.php?rest_route=\/wp\/v2\/posts"}],"about":[{"href":"https:\/\/radiorevelacionfm.cl\/index.php?rest_route=\/wp\/v2\/types\/post"}],"author":[{"embeddable":true,"href":"https:\/\/radiorevelacionfm.cl\/index.php?rest_route=\/wp\/v2\/users\/1"}],"replies":[{"embeddable":true,"href":"https:\/\/radiorevelacionfm.cl\/index.php?rest_route=%2Fwp%2Fv2%2Fcomments&post=60531"}],"version-history":[{"count":2,"href":"https:\/\/radiorevelacionfm.cl\/index.php?rest_route=\/wp\/v2\/posts\/60531\/revisions"}],"predecessor-version":[{"id":60534,"href":"https:\/\/radiorevelacionfm.cl\/index.php?rest_route=\/wp\/v2\/posts\/60531\/revisions\/60534"}],"wp:featuredmedia":[{"embeddable":true,"href":"https:\/\/radiorevelacionfm.cl\/index.php?rest_route=\/wp\/v2\/media\/60532"}],"wp:attachment":[{"href":"https:\/\/radiorevelacionfm.cl\/index.php?rest_route=%2Fwp%2Fv2%2Fmedia&parent=60531"}],"wp:term":[{"taxonomy":"category","embeddable":true,"href":"https:\/\/radiorevelacionfm.cl\/index.php?rest_route=%2Fwp%2Fv2%2Fcategories&post=60531"},{"taxonomy":"post_tag","embeddable":true,"href":"https:\/\/radiorevelacionfm.cl\/index.php?rest_route=%2Fwp%2Fv2%2Ftags&post=60531"}],"curies":[{"name":"wp","href":"https:\/\/api.w.org\/{rel}","templated":true}]}}