{"id":60528,"date":"2025-10-21T11:08:44","date_gmt":"2025-10-21T14:08:44","guid":{"rendered":"https:\/\/radiorevelacionfm.cl\/?p=60528"},"modified":"2025-10-21T11:08:44","modified_gmt":"2025-10-21T14:08:44","slug":"edelaysen-refuerza-su-compromiso-con-la-seguridad-con-charlas-informativas-en-aysen-y-coyhaique","status":"publish","type":"post","link":"https:\/\/radiorevelacionfm.cl\/?p=60528","title":{"rendered":"Edelaysen refuerza su compromiso con la seguridad con charlas informativas en Ays\u00e9n y Coyhaique"},"content":{"rendered":"<div class=\"flex_column av_one_full  flex_column_div av-zero-column-padding first  avia-builder-el-0  el_before_av_one_full  avia-builder-el-first  \" style='border-radius:0px; '><div  class='avia-image-container  av-styling-    avia-builder-el-1  avia-builder-el-no-sibling  avia-align-center '  itemprop=\"image\" itemscope=\"itemscope\" itemtype=\"https:\/\/schema.org\/ImageObject\"  ><div class='avia-image-container-inner'><div class='avia-image-overlay-wrap'><img decoding=\"async\" class='wp-image-60529 avia-img-lazy-loading-not-60529 avia_image' src=\"https:\/\/radiorevelacionfm.cl\/wp-content\/uploads\/2025\/10\/Programa-Mira-para-arriba-2-1-1.jpeg\" alt='' title='Programa Mira para arriba (2) (1) (1)' height=\"600\" width=\"879\"  itemprop=\"thumbnailUrl\" srcset=\"https:\/\/radiorevelacionfm.cl\/wp-content\/uploads\/2025\/10\/Programa-Mira-para-arriba-2-1-1.jpeg 879w, https:\/\/radiorevelacionfm.cl\/wp-content\/uploads\/2025\/10\/Programa-Mira-para-arriba-2-1-1-300x205.jpeg 300w, https:\/\/radiorevelacionfm.cl\/wp-content\/uploads\/2025\/10\/Programa-Mira-para-arriba-2-1-1-768x524.jpeg 768w, https:\/\/radiorevelacionfm.cl\/wp-content\/uploads\/2025\/10\/Programa-Mira-para-arriba-2-1-1-705x481.jpeg 705w, https:\/\/radiorevelacionfm.cl\/wp-content\/uploads\/2025\/10\/Programa-Mira-para-arriba-2-1-1-450x307.jpeg 450w, https:\/\/radiorevelacionfm.cl\/wp-content\/uploads\/2025\/10\/Programa-Mira-para-arriba-2-1-1-600x410.jpeg 600w\" sizes=\"(max-width: 879px) 100vw, 879px\" \/><\/div><\/div><\/div><\/div><div class=\"flex_column av_one_full  flex_column_div av-zero-column-padding first  avia-builder-el-2  el_after_av_one_full  el_before_av_one_full  column-top-margin\" style='border-radius:0px; '><section class=\"av_textblock_section \"  itemscope=\"itemscope\" itemtype=\"https:\/\/schema.org\/BlogPosting\" itemprop=\"blogPost\" ><div class='avia_textblock  '   itemprop=\"text\" ><p style=\"text-align: center;\"><strong><span style=\"font-size: 18pt;\">Edelaysen refuerza su compromiso con la seguridad con charlas informativas en Ays\u00e9n y Coyhaique<\/span><\/strong><\/p>\n<div id=\"gtx-trans\" style=\"position: absolute; left: -50px; top: 4.31534px;\">\n<div class=\"gtx-trans-icon\"><\/div>\n<\/div>\n<\/div><\/section><\/div><div class=\"flex_column av_one_full  flex_column_div av-zero-column-padding first  avia-builder-el-4  el_after_av_one_full  el_before_av_hr  column-top-margin\" style='border-radius:0px; '><section class=\"av_textblock_section \"  itemscope=\"itemscope\" itemtype=\"https:\/\/schema.org\/BlogPosting\" itemprop=\"blogPost\" ><div class='avia_textblock  '   itemprop=\"text\" ><p style=\"text-align: justify;\"><em>Las actividades forman parte del programa \u201cMira Para Arriba\u201d de Grupo Saesa, iniciativa que promueve la prevenci\u00f3n de riesgos el\u00e9ctricos y la cultura del autocuidado en las comunidades donde la empresa est\u00e1 presente.<\/em><\/p>\n<p style=\"text-align: justify;\">Con el objetivo de fortalecer la cultura preventiva y promover el uso seguro de la energ\u00eda el\u00e9ctrica, Edelaysen desarroll\u00f3 una serie de charlas informativas para empresas locales en las comunas de Ays\u00e9n y Coyhaique, en el marco del programa \u201cMira Para Arriba\u201d de Grupo Saesa.<\/p>\n<p style=\"text-align: justify;\">Durante estas instancias, trabajadores de diversas constructoras y empresas regionales participaron en exposiciones orientadas a prevenir accidentes el\u00e9ctricos y fomentar conductas seguras en sus entornos laborales y cotidianos. Las actividades abordaron tem\u00e1ticas como la importancia del respeto a las zonas de seguridad, la identificaci\u00f3n de riesgos asociados al trabajo en altura y el rol del autocuidado como herramienta clave para evitar incidentes.<\/p>\n<p style=\"text-align: justify;\">\u201cPara Edelaysen, la seguridad es un compromiso permanente que se refleja en acciones concretas. Con Mira Para Arriba buscamos educar y sensibilizar a las personas sobre los riesgos el\u00e9ctricos, entregando herramientas pr\u00e1cticas para prevenir accidentes y proteger vidas\u201d, se\u00f1al\u00f3 Mar\u00eda de los \u00c1ngeles Gajardo, jefa de Servicio al Cliente de Edelaysen.<\/p>\n<p style=\"text-align: justify;\">Adem\u00e1s de las charlas, el programa ha tenido presencia en espacios radiales y actividades comunitarias en la Regi\u00f3n de Ays\u00e9n, donde se ha difundido informaci\u00f3n preventiva y se ha invitado a la comunidad a sumarse a esta iniciativa que busca construir una regi\u00f3n m\u00e1s segura y consciente del uso responsable de la energ\u00eda.<\/p>\n<p style=\"text-align: justify;\">El programa \u201cMira Para Arriba\u201d, impulsado por Grupo Saesa, tiene como prop\u00f3sito educar y concientizar sobre los riesgos el\u00e9ctricos, promoviendo la seguridad en hogares, empresas y espacios p\u00fablicos, reafirmando as\u00ed el compromiso del grupo con el bienestar y desarrollo seguro de las comunidades del sur de Chile.<\/p>\n<\/div><\/section><\/div><div  style='height:50px' class='hr hr-invisible   avia-builder-el-6  el_after_av_one_full  el_before_av_social_share '><span class='hr-inner ' ><span class='hr-inner-style'><\/span><\/span><\/div><\/p>\n<div  class='av-social-sharing-box  avia-builder-el-7  el_after_av_hr  el_before_av_hr  '><div class='av-share-box'><h5 class='av-share-link-description av-no-toc '>Compartir esta noticia<\/h5><ul class='av-share-box-list noLightbox'><li class='av-share-link av-social-link-facebook' ><a target=\"_blank\" aria-label=\"Compartir en Facebook\" href='https:\/\/www.facebook.com\/sharer.php?u=https:\/\/radiorevelacionfm.cl\/?p=60528&#038;t=Edelaysen%20refuerza%20su%20compromiso%20con%20la%20seguridad%20con%20charlas%20informativas%20en%20Ays%C3%A9n%20y%20Coyhaique' aria-hidden='false' data-av_icon='\ue8f3' data-av_iconfont='entypo-fontello' title='' data-avia-related-tooltip='Compartir en Facebook' rel=\"noopener\"><span class='avia_hidden_link_text'>Compartir en Facebook<\/span><\/a><\/li><li class='av-share-link av-social-link-twitter' ><a target=\"_blank\" aria-label=\"Compartir en Twitter\" href='https:\/\/twitter.com\/share?text=Edelaysen%20refuerza%20su%20compromiso%20con%20la%20seguridad%20con%20charlas%20informativas%20en%20Ays%C3%A9n%20y%20Coyhaique&#038;url=https:\/\/radiorevelacionfm.cl\/?p=60528' aria-hidden='false' data-av_icon='\ue8f1' data-av_iconfont='entypo-fontello' title='' data-avia-related-tooltip='Compartir en Twitter' rel=\"noopener\"><span class='avia_hidden_link_text'>Compartir en Twitter<\/span><\/a><\/li><li class='av-share-link av-social-link-whatsapp' ><a target=\"_blank\" aria-label=\"Compartir en Whatsapp\" href='https:\/\/api.whatsapp.com\/send?text=https:\/\/radiorevelacionfm.cl\/?p=60528' aria-hidden='false' data-av_icon='\uf232' data-av_iconfont='entypo-fontello' title='' data-avia-related-tooltip='Compartir en Whatsapp' rel=\"noopener\"><span class='avia_hidden_link_text'>Compartir en Whatsapp<\/span><\/a><\/li><li class='av-share-link av-social-link-linkedin' ><a target=\"_blank\" aria-label=\"Compartir en LinkedIn\" href='https:\/\/linkedin.com\/shareArticle?mini=true&#038;title=Edelaysen%20refuerza%20su%20compromiso%20con%20la%20seguridad%20con%20charlas%20informativas%20en%20Ays%C3%A9n%20y%20Coyhaique&#038;url=https:\/\/radiorevelacionfm.cl\/?p=60528' aria-hidden='false' data-av_icon='\ue8fc' data-av_iconfont='entypo-fontello' title='' data-avia-related-tooltip='Compartir en LinkedIn' rel=\"noopener\"><span class='avia_hidden_link_text'>Compartir en LinkedIn<\/span><\/a><\/li><li class='av-share-link av-social-link-mail' ><a  aria-label=\"Compartir por correo\" href='mailto:?subject=Edelaysen%20refuerza%20su%20compromiso%20con%20la%20seguridad%20con%20charlas%20informativas%20en%20Ays%C3%A9n%20y%20Coyhaique&#038;body=https:\/\/radiorevelacionfm.cl\/?p=60528' aria-hidden='false' data-av_icon='\ue805' data-av_iconfont='entypo-fontello' title='' data-avia-related-tooltip='Compartir por correo'><span class='avia_hidden_link_text'>Compartir por correo<\/span><\/a><\/li><\/ul><\/div><\/div>\n<div  style='height:50px' class='hr hr-invisible   avia-builder-el-8  el_after_av_social_share  el_before_av_comments_list '><span class='hr-inner ' ><span class='hr-inner-style'><\/span><\/span><\/div>\n<div  class='av-buildercomment  av-blog-meta-html-info-disabled av-blog-meta-tag-disabled  '><\/div>\n","protected":false},"excerpt":{"rendered":"","protected":false},"author":1,"featured_media":60529,"comment_status":"closed","ping_status":"closed","sticky":false,"template":"","format":"standard","meta":{"footnotes":""},"categories":[38],"tags":[],"class_list":["post-60528","post","type-post","status-publish","format-standard","has-post-thumbnail","hentry","category-regional"],"jetpack_featured_media_url":"https:\/\/radiorevelacionfm.cl\/wp-content\/uploads\/2025\/10\/Programa-Mira-para-arriba-2-1-1.jpeg","_links":{"self":[{"href":"https:\/\/radiorevelacionfm.cl\/index.php?rest_route=\/wp\/v2\/posts\/60528","targetHints":{"allow":["GET"]}}],"collection":[{"href":"https:\/\/radiorevelacionfm.cl\/index.php?rest_route=\/wp\/v2\/posts"}],"about":[{"href":"https:\/\/radiorevelacionfm.cl\/index.php?rest_route=\/wp\/v2\/types\/post"}],"author":[{"embeddable":true,"href":"https:\/\/radiorevelacionfm.cl\/index.php?rest_route=\/wp\/v2\/users\/1"}],"replies":[{"embeddable":true,"href":"https:\/\/radiorevelacionfm.cl\/index.php?rest_route=%2Fwp%2Fv2%2Fcomments&post=60528"}],"version-history":[{"count":2,"href":"https:\/\/radiorevelacionfm.cl\/index.php?rest_route=\/wp\/v2\/posts\/60528\/revisions"}],"predecessor-version":[{"id":60571,"href":"https:\/\/radiorevelacionfm.cl\/index.php?rest_route=\/wp\/v2\/posts\/60528\/revisions\/60571"}],"wp:featuredmedia":[{"embeddable":true,"href":"https:\/\/radiorevelacionfm.cl\/index.php?rest_route=\/wp\/v2\/media\/60529"}],"wp:attachment":[{"href":"https:\/\/radiorevelacionfm.cl\/index.php?rest_route=%2Fwp%2Fv2%2Fmedia&parent=60528"}],"wp:term":[{"taxonomy":"category","embeddable":true,"href":"https:\/\/radiorevelacionfm.cl\/index.php?rest_route=%2Fwp%2Fv2%2Fcategories&post=60528"},{"taxonomy":"post_tag","embeddable":true,"href":"https:\/\/radiorevelacionfm.cl\/index.php?rest_route=%2Fwp%2Fv2%2Ftags&post=60528"}],"curies":[{"name":"wp","href":"https:\/\/api.w.org\/{rel}","templated":true}]}}