{"id":60524,"date":"2025-10-20T16:05:51","date_gmt":"2025-10-20T19:05:51","guid":{"rendered":"https:\/\/radiorevelacionfm.cl\/?p=60524"},"modified":"2025-10-20T16:05:51","modified_gmt":"2025-10-20T19:05:51","slug":"se-inicio-proceso-de-postulacion-a-salas-cuna-y-jardines-infantiles-de-fundacion-integra","status":"publish","type":"post","link":"https:\/\/radiorevelacionfm.cl\/?p=60524","title":{"rendered":"Se inici\u00f3 proceso de postulaci\u00f3n a salas cuna y jardines infantiles de Fundaci\u00f3n Integra"},"content":{"rendered":"<div class=\"flex_column av_one_full  flex_column_div av-zero-column-padding first  avia-builder-el-0  el_before_av_one_full  avia-builder-el-first  \" style='border-radius:0px; '><div  class='avia-image-container  av-styling-    avia-builder-el-1  avia-builder-el-no-sibling  avia-align-center '  itemprop=\"image\" itemscope=\"itemscope\" itemtype=\"https:\/\/schema.org\/ImageObject\"  ><div class='avia-image-container-inner'><div class='avia-image-overlay-wrap'><img decoding=\"async\" class='wp-image-60525 avia-img-lazy-loading-not-60525 avia_image' src=\"https:\/\/radiorevelacionfm.cl\/wp-content\/uploads\/2025\/10\/mg_6644-1-1_optimized.jpg\" alt='' title='_mg_6644-(1)-(1)_optimized' height=\"600\" width=\"900\"  itemprop=\"thumbnailUrl\" srcset=\"https:\/\/radiorevelacionfm.cl\/wp-content\/uploads\/2025\/10\/mg_6644-1-1_optimized.jpg 900w, https:\/\/radiorevelacionfm.cl\/wp-content\/uploads\/2025\/10\/mg_6644-1-1_optimized-300x200.jpg 300w, https:\/\/radiorevelacionfm.cl\/wp-content\/uploads\/2025\/10\/mg_6644-1-1_optimized-768x512.jpg 768w, https:\/\/radiorevelacionfm.cl\/wp-content\/uploads\/2025\/10\/mg_6644-1-1_optimized-705x470.jpg 705w, https:\/\/radiorevelacionfm.cl\/wp-content\/uploads\/2025\/10\/mg_6644-1-1_optimized-450x300.jpg 450w, https:\/\/radiorevelacionfm.cl\/wp-content\/uploads\/2025\/10\/mg_6644-1-1_optimized-600x400.jpg 600w\" sizes=\"(max-width: 900px) 100vw, 900px\" \/><\/div><\/div><\/div><\/div><div class=\"flex_column av_one_full  flex_column_div av-zero-column-padding first  avia-builder-el-2  el_after_av_one_full  el_before_av_one_full  column-top-margin\" style='border-radius:0px; '><section class=\"av_textblock_section \"  itemscope=\"itemscope\" itemtype=\"https:\/\/schema.org\/BlogPosting\" itemprop=\"blogPost\" ><div class='avia_textblock  '   itemprop=\"text\" ><p style=\"font-weight: 400; text-align: center;\"><strong><span style=\"font-size: 18pt;\">Se inici\u00f3 proceso de postulaci\u00f3n a salas cuna y jardines infantiles de Fundaci\u00f3n Integra<\/span><\/strong><\/p>\n<p style=\"font-weight: 400;\"><strong>\u00a0<\/strong><\/p>\n<div id=\"gtx-trans\" style=\"position: absolute; left: -50px; top: 4.31534px;\">\n<div class=\"gtx-trans-icon\"><\/div>\n<\/div>\n<\/div><\/section><\/div><div class=\"flex_column av_one_full  flex_column_div av-zero-column-padding first  avia-builder-el-4  el_after_av_one_full  el_before_av_hr  column-top-margin\" style='border-radius:0px; '><section class=\"av_textblock_section \"  itemscope=\"itemscope\" itemtype=\"https:\/\/schema.org\/BlogPosting\" itemprop=\"blogPost\" ><div class='avia_textblock  '   itemprop=\"text\" ><p style=\"font-weight: 400; text-align: justify;\"><em>El proceso se extender\u00e1 desde el lunes 20 de octubre al viernes 05 de diciembre y debe realizarse en\u00a0<\/em><a href=\"http:\/\/www.integra.cl\/\" data-saferedirecturl=\"https:\/\/www.google.com\/url?q=http:\/\/www.integra.cl&amp;source=gmail&amp;ust=1761068569633000&amp;usg=AOvVaw0cmzP5OlNd2CBI1ChSOfv5\"><em>www.integra.cl<\/em><\/a><em>. El llamado a las familias es a terminar la postulaci\u00f3n una vez iniciada, junto con recordar que ingresar el primer d\u00eda a la web no otorga prioridad por sobre quienes esperan hasta el final.<\/em><\/p>\n<p style=\"font-weight: 400; text-align: justify;\"><strong>Fundaci\u00f3n Integra<\/strong>\u00a0informa que el proceso de\u00a0<strong>postulaci\u00f3n online<\/strong>\u00a0a las salas cuna y jardines infantiles que la instituci\u00f3n posee, a lo largo del pa\u00eds, se inici\u00f3 este\u00a0<strong>lunes 20 de octubre<\/strong>, y se extender\u00e1 hasta el\u00a0<strong>viernes 05 de diciembre<\/strong>, para lo cual se debe ingresar al sitio web\u00a0<a href=\"http:\/\/www.integra.cl\/\" data-saferedirecturl=\"https:\/\/www.google.com\/url?q=http:\/\/www.integra.cl&amp;source=gmail&amp;ust=1761068569633000&amp;usg=AOvVaw0cmzP5OlNd2CBI1ChSOfv5\">www.integra.cl<\/a>, ya sea desde tel\u00e9fonos celulares, computadores u otros dispositivos.<\/p>\n<p style=\"font-weight: 400; text-align: justify;\">El primer paso\u00a0<strong>es ingresar a la plataforma habilitada<\/strong>\u00a0y presionar \u201cPostula aqu\u00ed\u201d, lo que desplegar\u00e1 la p\u00e1gina\u00a0<strong>Postulaci\u00f3n 2026<\/strong>\u00a0para luego pinchar \u201cEntrar\u201d. Ac\u00e1, se solicitar\u00e1 un correo electr\u00f3nico y contrase\u00f1a. Si es la\u00a0<strong>primera vez<\/strong>\u00a0que se realiza el proceso hay que<strong>\u00a0registrarse<\/strong>, pero quienes\u00a0<strong>ya han postulado antes<\/strong>, pueden utilizar los datos de acceso ya usados en aquellas oportunidades.<\/p>\n<p style=\"font-weight: 400; text-align: justify;\">Luego, las familias\u00a0<strong>deben seguir los pasos\u00a0<\/strong>que indique el sistema e ingresar la informaci\u00f3n solicitada, por ejemplo, el\u00a0<strong>RUN<\/strong>\u00a0de la ni\u00f1a o ni\u00f1o. Si no cuentan con este, la\u00a0<strong>plataforma asignar\u00e1 un n\u00famero provisorio<\/strong>, solo v\u00e1lido para la postulaci\u00f3n.<\/p>\n<p style=\"font-weight: 400; text-align: justify;\">Las familias, para el\u00a0<strong>a\u00f1o parvulario 2026<\/strong>, podr\u00e1n inscribir a ni\u00f1as y ni\u00f1os en los establecimientos que estimen convenientes. Para ello, pueden considerar factores como la cercan\u00eda al hogar, lugar de trabajo o proyecto educativo, entre otros. Tambi\u00e9n podr\u00e1n ordenar las salas cuna y jardines infantiles seg\u00fan su preferencia.<\/p>\n<p style=\"font-weight: 400; text-align: justify;\">La directora regional de Fundaci\u00f3n Integra, Leticia Araya Norambuena destac\u00f3 que \u201ccomenzamos el proceso de Postulaci\u00f3n e invitamos a las familias a postular a nuestros establecimientos ya que ah\u00ed entregamos educaci\u00f3n parvularia p\u00fablica, gratuita y de calidad donde ni\u00f1as y ni\u00f1os son protagonistas en donde se releva el juego. Por lo tanto, la invitaci\u00f3n es que las familias puedan postular en l\u00ednea a los diferentes establecimientos que tenemos en la regi\u00f3n\u201d.<\/p>\n<p style=\"font-weight: 400; text-align: justify;\"><strong>\u00bfA QU\u00c9 NIVEL DEBE ASISTIR MI HIJA O HIJO SEG\u00daN SU EDAD?<\/strong><\/p>\n<ul style=\"text-align: justify;\">\n<li style=\"font-weight: 400;\">Sala Cuna Menor: 0 a 1 a\u00f1o.<\/li>\n<li style=\"font-weight: 400;\">Sala Cuna Mayor: 1 a 2 a\u00f1os (edad cumplida a marzo 2025, 1 a\u00f1o).<\/li>\n<li style=\"font-weight: 400;\">Nivel Medio Menor: 2 a 3 a\u00f1os (edad cumplida a marzo 2025, 2 a\u00f1os).<\/li>\n<li style=\"font-weight: 400;\">Nivel Medio Mayor: 3 a 4 a\u00f1os (edad cumplida a marzo 2025, 3 a\u00f1os).<\/li>\n<\/ul>\n<p style=\"font-weight: 400; text-align: justify;\">Quienes requieran\u00a0<strong>mayor informaci\u00f3n<\/strong>\u00a0sobre el proceso de postulaci\u00f3n, para el\u00a0<strong>a\u00f1o parvulario 2026<\/strong>, pueden consultar en el sitio web\u00a0<a href=\"http:\/\/www.integra.cl\/\" data-saferedirecturl=\"https:\/\/www.google.com\/url?q=http:\/\/www.integra.cl&amp;source=gmail&amp;ust=1761068569633000&amp;usg=AOvVaw0cmzP5OlNd2CBI1ChSOfv5\">www.integra.cl<\/a>, el tel\u00e9fono gratuito\u00a0<strong>800 540 011<\/strong>\u00a0\u2013 opci\u00f3n 1\u2013 o en las redes sociales oficiales de Fundaci\u00f3n Integra.<\/p>\n<p style=\"font-weight: 400; text-align: justify;\">La directora de la sala cuna y jard\u00edn infantil \u201cLas Araucarias\u201d, Pamela Espina Lizana refuerza que \u201cen el jard\u00edn infantil, los ni\u00f1os y ni\u00f1as aprenden a socializar, a convivir, a compartir, a jugar con otros. En el fondo lo que hacemos en el jard\u00edn infantil es prepararlos para la vida y puedan tomar decisiones, pero por sobre todo que lo pasen bien y sea un espacio seguro, de bienestar y muy entretenido\u201d.<\/p>\n<p style=\"font-weight: 400; text-align: justify;\">La directora regional de Fundaci\u00f3n Integra refuerza que \u201csi hay alguna dificultad para poder acceder a la web o no tienen internet o alguna duda con respecto del proceso pueden dirigirse a alg\u00fan jard\u00edn infantil o llamar a Oficina Regional (672264500) donde encontrar\u00e1n el apoyo necesario para desarrollar este proceso de Postulaci\u00f3n\u201d.<\/p>\n<p style=\"font-weight: 400; text-align: justify;\">Por \u00faltimo, el llamado a las familias es a\u00a0<strong>finalizar el proceso de postulaci\u00f3n\u00a0<\/strong>una vez que lo inician, para lo cual es importante que se tengan\u00a0<strong>claro y a mano<\/strong>\u00a0los datos familiares y de la ni\u00f1a o ni\u00f1o que ser\u00e1 postulada o postulado. Adem\u00e1s, si bien la fecha en que se realiza la postulaci\u00f3n\u00a0<strong>no incide en el resultado\u00a0<\/strong>de la misma, es decir, quienes postulan el primer d\u00eda\u00a0<strong>no tienen una prioridad mayor por sobre el resto<\/strong>, se recomienda\u00a0<strong>no esperar hasta el \u00faltimo momento<\/strong>\u00a0para ingresar a la plataforma.<\/p>\n<\/div><\/section><\/div><div  style='height:50px' class='hr hr-invisible   avia-builder-el-6  el_after_av_one_full  el_before_av_social_share '><span class='hr-inner ' ><span class='hr-inner-style'><\/span><\/span><\/div><\/p>\n<div  class='av-social-sharing-box  avia-builder-el-7  el_after_av_hr  el_before_av_hr  '><div class='av-share-box'><h5 class='av-share-link-description av-no-toc '>Compartir esta noticia<\/h5><ul class='av-share-box-list noLightbox'><li class='av-share-link av-social-link-facebook' ><a target=\"_blank\" aria-label=\"Compartir en Facebook\" href='https:\/\/www.facebook.com\/sharer.php?u=https:\/\/radiorevelacionfm.cl\/?p=60524&#038;t=Se%20inici%C3%B3%20proceso%20de%20postulaci%C3%B3n%20a%20salas%20cuna%20y%20jardines%20infantiles%20de%20Fundaci%C3%B3n%20Integra' aria-hidden='false' data-av_icon='\ue8f3' data-av_iconfont='entypo-fontello' title='' data-avia-related-tooltip='Compartir en Facebook' rel=\"noopener\"><span class='avia_hidden_link_text'>Compartir en Facebook<\/span><\/a><\/li><li class='av-share-link av-social-link-twitter' ><a target=\"_blank\" aria-label=\"Compartir en Twitter\" href='https:\/\/twitter.com\/share?text=Se%20inici%C3%B3%20proceso%20de%20postulaci%C3%B3n%20a%20salas%20cuna%20y%20jardines%20infantiles%20de%20Fundaci%C3%B3n%20Integra&#038;url=https:\/\/radiorevelacionfm.cl\/?p=60524' aria-hidden='false' data-av_icon='\ue8f1' data-av_iconfont='entypo-fontello' title='' data-avia-related-tooltip='Compartir en Twitter' rel=\"noopener\"><span class='avia_hidden_link_text'>Compartir en Twitter<\/span><\/a><\/li><li class='av-share-link av-social-link-whatsapp' ><a target=\"_blank\" aria-label=\"Compartir en Whatsapp\" href='https:\/\/api.whatsapp.com\/send?text=https:\/\/radiorevelacionfm.cl\/?p=60524' aria-hidden='false' data-av_icon='\uf232' data-av_iconfont='entypo-fontello' title='' data-avia-related-tooltip='Compartir en Whatsapp' rel=\"noopener\"><span class='avia_hidden_link_text'>Compartir en Whatsapp<\/span><\/a><\/li><li class='av-share-link av-social-link-linkedin' ><a target=\"_blank\" aria-label=\"Compartir en LinkedIn\" href='https:\/\/linkedin.com\/shareArticle?mini=true&#038;title=Se%20inici%C3%B3%20proceso%20de%20postulaci%C3%B3n%20a%20salas%20cuna%20y%20jardines%20infantiles%20de%20Fundaci%C3%B3n%20Integra&#038;url=https:\/\/radiorevelacionfm.cl\/?p=60524' aria-hidden='false' data-av_icon='\ue8fc' data-av_iconfont='entypo-fontello' title='' data-avia-related-tooltip='Compartir en LinkedIn' rel=\"noopener\"><span class='avia_hidden_link_text'>Compartir en LinkedIn<\/span><\/a><\/li><li class='av-share-link av-social-link-mail' ><a  aria-label=\"Compartir por correo\" href='mailto:?subject=Se%20inici%C3%B3%20proceso%20de%20postulaci%C3%B3n%20a%20salas%20cuna%20y%20jardines%20infantiles%20de%20Fundaci%C3%B3n%20Integra&#038;body=https:\/\/radiorevelacionfm.cl\/?p=60524' aria-hidden='false' data-av_icon='\ue805' data-av_iconfont='entypo-fontello' title='' data-avia-related-tooltip='Compartir por correo'><span class='avia_hidden_link_text'>Compartir por correo<\/span><\/a><\/li><\/ul><\/div><\/div>\n<div  style='height:50px' class='hr hr-invisible   avia-builder-el-8  el_after_av_social_share  el_before_av_comments_list '><span class='hr-inner ' ><span class='hr-inner-style'><\/span><\/span><\/div>\n<div  class='av-buildercomment  av-blog-meta-html-info-disabled av-blog-meta-tag-disabled  '><\/div>\n","protected":false},"excerpt":{"rendered":"","protected":false},"author":1,"featured_media":60525,"comment_status":"closed","ping_status":"closed","sticky":false,"template":"","format":"standard","meta":{"footnotes":""},"categories":[49],"tags":[],"class_list":["post-60524","post","type-post","status-publish","format-standard","has-post-thumbnail","hentry","category-educacion"],"jetpack_featured_media_url":"https:\/\/radiorevelacionfm.cl\/wp-content\/uploads\/2025\/10\/mg_6644-1-1_optimized.jpg","_links":{"self":[{"href":"https:\/\/radiorevelacionfm.cl\/index.php?rest_route=\/wp\/v2\/posts\/60524","targetHints":{"allow":["GET"]}}],"collection":[{"href":"https:\/\/radiorevelacionfm.cl\/index.php?rest_route=\/wp\/v2\/posts"}],"about":[{"href":"https:\/\/radiorevelacionfm.cl\/index.php?rest_route=\/wp\/v2\/types\/post"}],"author":[{"embeddable":true,"href":"https:\/\/radiorevelacionfm.cl\/index.php?rest_route=\/wp\/v2\/users\/1"}],"replies":[{"embeddable":true,"href":"https:\/\/radiorevelacionfm.cl\/index.php?rest_route=%2Fwp%2Fv2%2Fcomments&post=60524"}],"version-history":[{"count":2,"href":"https:\/\/radiorevelacionfm.cl\/index.php?rest_route=\/wp\/v2\/posts\/60524\/revisions"}],"predecessor-version":[{"id":60527,"href":"https:\/\/radiorevelacionfm.cl\/index.php?rest_route=\/wp\/v2\/posts\/60524\/revisions\/60527"}],"wp:featuredmedia":[{"embeddable":true,"href":"https:\/\/radiorevelacionfm.cl\/index.php?rest_route=\/wp\/v2\/media\/60525"}],"wp:attachment":[{"href":"https:\/\/radiorevelacionfm.cl\/index.php?rest_route=%2Fwp%2Fv2%2Fmedia&parent=60524"}],"wp:term":[{"taxonomy":"category","embeddable":true,"href":"https:\/\/radiorevelacionfm.cl\/index.php?rest_route=%2Fwp%2Fv2%2Fcategories&post=60524"},{"taxonomy":"post_tag","embeddable":true,"href":"https:\/\/radiorevelacionfm.cl\/index.php?rest_route=%2Fwp%2Fv2%2Ftags&post=60524"}],"curies":[{"name":"wp","href":"https:\/\/api.w.org\/{rel}","templated":true}]}}