{"id":60520,"date":"2025-10-20T15:57:25","date_gmt":"2025-10-20T18:57:25","guid":{"rendered":"https:\/\/radiorevelacionfm.cl\/?p=60520"},"modified":"2025-10-20T15:57:25","modified_gmt":"2025-10-20T18:57:25","slug":"carmen-gutierrez-y-su-emprendimiento-humoss-de-la-patagonia-fue-premiada-como-pyme-destacada-2025-en-santiago","status":"publish","type":"post","link":"https:\/\/radiorevelacionfm.cl\/?p=60520","title":{"rendered":"Carmen Guti\u00e9rrez y su emprendimiento Humoss de la Patagonia, fue premiada como pyme destacada 2025 en Santiago"},"content":{"rendered":"<div class=\"flex_column av_one_full  flex_column_div av-zero-column-padding first  avia-builder-el-0  el_before_av_one_full  avia-builder-el-first  \" style='border-radius:0px; '><div  class='avia-image-container  av-styling-    avia-builder-el-1  avia-builder-el-no-sibling  avia-align-center '  itemprop=\"image\" itemscope=\"itemscope\" itemtype=\"https:\/\/schema.org\/ImageObject\"  ><div class='avia-image-container-inner'><div class='avia-image-overlay-wrap'><img decoding=\"async\" class='wp-image-60521 avia-img-lazy-loading-not-60521 avia_image' src=\"https:\/\/radiorevelacionfm.cl\/wp-content\/uploads\/2025\/10\/p2-1-1_optimized.jpg\" alt='' title='p2-(1)-(1)_optimized' height=\"600\" width=\"1010\"  itemprop=\"thumbnailUrl\" srcset=\"https:\/\/radiorevelacionfm.cl\/wp-content\/uploads\/2025\/10\/p2-1-1_optimized.jpg 1010w, https:\/\/radiorevelacionfm.cl\/wp-content\/uploads\/2025\/10\/p2-1-1_optimized-300x178.jpg 300w, https:\/\/radiorevelacionfm.cl\/wp-content\/uploads\/2025\/10\/p2-1-1_optimized-768x456.jpg 768w, https:\/\/radiorevelacionfm.cl\/wp-content\/uploads\/2025\/10\/p2-1-1_optimized-705x419.jpg 705w, https:\/\/radiorevelacionfm.cl\/wp-content\/uploads\/2025\/10\/p2-1-1_optimized-450x267.jpg 450w, https:\/\/radiorevelacionfm.cl\/wp-content\/uploads\/2025\/10\/p2-1-1_optimized-600x356.jpg 600w\" sizes=\"(max-width: 1010px) 100vw, 1010px\" \/><\/div><\/div><\/div><\/div><div class=\"flex_column av_one_full  flex_column_div av-zero-column-padding first  avia-builder-el-2  el_after_av_one_full  el_before_av_one_full  column-top-margin\" style='border-radius:0px; '><section class=\"av_textblock_section \"  itemscope=\"itemscope\" itemtype=\"https:\/\/schema.org\/BlogPosting\" itemprop=\"blogPost\" ><div class='avia_textblock  '   itemprop=\"text\" ><p style=\"text-align: center;\"><strong><span style=\"font-size: 18pt;\">Carmen Guti\u00e9rrez y su emprendimiento Humoss de la Patagonia, fue premiada como pyme destacada 2025 en Santiago<\/span><\/strong><\/p>\n<div id=\"gtx-trans\" style=\"position: absolute; left: -50px; top: 4.31534px;\">\n<div class=\"gtx-trans-icon\"><\/div>\n<\/div>\n<\/div><\/section><\/div><div class=\"flex_column av_one_full  flex_column_div av-zero-column-padding first  avia-builder-el-4  el_after_av_one_full  el_before_av_hr  column-top-margin\" style='border-radius:0px; '><section class=\"av_textblock_section \"  itemscope=\"itemscope\" itemtype=\"https:\/\/schema.org\/BlogPosting\" itemprop=\"blogPost\" ><div class='avia_textblock  '   itemprop=\"text\" ><p style=\"text-align: justify;\"><em>La<\/em> <em>Semana<\/em> <em>de<\/em> <em>las<\/em> <em>Mipymes<\/em> <em>y<\/em> <em>Cooperativas 2025, es una iniciativa del Ministerio de Econom\u00eda, Fomento y Turismo, que tiene como<\/em> <em>principal<\/em> <em>objetivo<\/em> <em>destacar<\/em> <em>la<\/em> <em>labor <\/em><em>de las micro, peque\u00f1as y medianas empresas y cooperativas en el pa\u00eds.<\/em> <em>Busca dar visibilidad y acercar a estas empresas a los distintos instrumentos de fomento, programas, iniciativas y herramientas que han sido puestos a disposici\u00f3n para potenciar y apoyar a este sector.<\/em><\/p>\n<p style=\"text-align: justify;\">La inauguraci\u00f3n se realiz\u00f3 en la Expo Mipymes y Cooperativas, el d\u00eda lunes 20 de octubre, en la Plaza de la Constituci\u00f3n, en la ciudad de Santiago. En este contexto, se distingui\u00f3 a 16 Mipymes y Cooperativas destacadas de todas las regiones del pa\u00eds. Mipymes que sobresalieron durante este 2025 por su crecimiento empresarial y generaci\u00f3n de vinculaciones comerciales. Estas empresas fueron elegidas tras un proceso de selecci\u00f3n regional y luego nacional, que entreg\u00f3 por resultado a 16 seleccionadas, las que viajaron a Santiago para ser galardonadas en una actividad realizada junto a altas autoridades nacionales, donde tambi\u00e9n pudieron exhibir sus productos.<\/p>\n<p style=\"text-align: justify;\">En este contexto y en representaci\u00f3n de la Regi\u00f3n de Ays\u00e9n, <em>Humoss de la Patagonia<\/em> y su fundadora Carmen Guti\u00e9rrez, fue la empresa seleccionada para ser distinguida como \u201cMipyme destacada 2025\u201d. Este emprendimiento oriundo de Puerto Ays\u00e9n comenz\u00f3 sus operaciones en el a\u00f1o 2022 y se ha abierto un interesante mercado en nuestro territorio, de la mano de una serie de productos. Es as\u00ed como procesan, ah\u00faman, envasan y comercializan salm\u00f3n en diversos formatos, innovando tambi\u00e9n hacia la creaci\u00f3n de otros subproductos que han tenido una excelente acogida regional y tambi\u00e9n nacional. Adem\u00e1s, en su sala de ventas ubicada en Puerto Ays\u00e9n, Carmen ha abierto el espacio para la comercializaci\u00f3n de productos con denominaci\u00f3n de origen Patagonia, creados por otras empresas regionales.<\/p>\n<p style=\"text-align: justify;\">Carmen Guti\u00e9rrez, creadora de Humoss de la Patagonia, se refiri\u00f3 a esta importante distinci\u00f3n, mencionando que: <em>\u201cLa verdad que estoy muy emocionada y orgullosa de la gente que trabaja conmigo, porque en esto no estoy sola, est\u00e1 mi equipo, mi pareja y mi familia que me alienta para seguir adelante. Estoy agradecida de todos quienes me han apoyado durante estos a\u00f1os y por, sobre todo, de Sercotec y la asesor\u00eda del Centro de Negocios de Puerto Ays\u00e9n. Todos han sido muy importantes para haber obtenido esta distinci\u00f3n, que es un hermoso regalo, con el cual espero representar a muchas compa\u00f1eras que tambi\u00e9n se me merecen ser destacadas. Este reconocimiento es un incentivo para seguir trabajando, innovando y mejorar\u201d.<\/em><\/p>\n<p style=\"text-align: justify;\">El Seremi de Econom\u00eda, Fomento y Turismo, Felipe Rojas Pizarro, relev\u00f3 la importancia de esta distinci\u00f3n y puso sobre relieve la realidad del emprendimiento femenino: <em>\u201cCarmen representa a las m\u00faltiples mujeres emprendedoras de Ays\u00e9n. Conocemos el esfuerzo que realizan para salir adelante, sobre todo en una regi\u00f3n tan aislada como la nuestra. Aun as\u00ed, Carmen ha sido capaz de combinar el esfuerzo de la familia y tambi\u00e9n sostener un producto tan importante como es el salm\u00f3n ahumado para sectores relevantes de la regi\u00f3n, c\u00f3mo es el turismo, ya que tambi\u00e9n se les vende a los visitantes y evidentemente al sector de la salmonicultura. Esto nos entrega un mensaje claro; desde Ays\u00e9n es posible vender para el mundo y Carmen lo ha demostrado\u201d. <\/em>Coment\u00f3 la autoridad.<\/p>\n<p style=\"text-align: justify;\">Finalmente, la directora regional de Sercotec Nelly Vargas Mansilla, valor\u00f3 este reconocimiento que destaca a una Mipyme regional, a nivel nacional; <em>\u201cPara nosotros como Sercotec Ays\u00e9n es muy importante este reconocimiento a Carmen Guti\u00e9rrez, porque sabemos que las Mipymes son motores de la econom\u00eda, que generan empleo y que tambi\u00e9n trabajan asociativamente con otros emprendedores. Carmen desde sus inicios ha sido clienta del Centro de Negocios de Puerto Ays\u00e9n y gracias tambi\u00e9n el apoyo de su asesora, ha podido crecer de una manera m\u00e1s r\u00e1pida en este camino. Estamos muy contentos de los logros que Carmen ha ido alcanzando y, adem\u00e1s nos sentimos muy felices y orgullosos del reconocimiento que recibi\u00f3 en Santiago en la Semana de las Mipymes y Cooperativas\u201d.<\/em><\/p>\n<p style=\"text-align: justify;\">La Semana de las Mipymes y Cooperativas 2025, contempla una bater\u00eda de actividades en todo Chile y tambi\u00e9n en la Regi\u00f3n de Ays\u00e9n, las que puedes conocer en <a href=\"http:\/\/www.semanadelapyme.cl\">www.semanadelapyme.cl<\/a><\/p>\n<\/div><\/section><\/div><div  style='height:50px' class='hr hr-invisible   avia-builder-el-6  el_after_av_one_full  el_before_av_social_share '><span class='hr-inner ' ><span class='hr-inner-style'><\/span><\/span><\/div><\/p>\n<div  class='av-social-sharing-box  avia-builder-el-7  el_after_av_hr  el_before_av_hr  '><div class='av-share-box'><h5 class='av-share-link-description av-no-toc '>Compartir esta noticia<\/h5><ul class='av-share-box-list noLightbox'><li class='av-share-link av-social-link-facebook' ><a target=\"_blank\" aria-label=\"Compartir en Facebook\" href='https:\/\/www.facebook.com\/sharer.php?u=https:\/\/radiorevelacionfm.cl\/?p=60520&#038;t=Carmen%20Guti%C3%A9rrez%20y%20su%20emprendimiento%20Humoss%20de%20la%20Patagonia%2C%20fue%20premiada%20como%20pyme%20destacada%202025%20en%20Santiago' aria-hidden='false' data-av_icon='\ue8f3' data-av_iconfont='entypo-fontello' title='' data-avia-related-tooltip='Compartir en Facebook' rel=\"noopener\"><span class='avia_hidden_link_text'>Compartir en Facebook<\/span><\/a><\/li><li class='av-share-link av-social-link-twitter' ><a target=\"_blank\" aria-label=\"Compartir en Twitter\" href='https:\/\/twitter.com\/share?text=Carmen%20Guti%C3%A9rrez%20y%20su%20emprendimiento%20Humoss%20de%20la%20Patagonia%2C%20fue%20premiada%20como%20pyme%20destacada%202025%20en%20Santiago&#038;url=https:\/\/radiorevelacionfm.cl\/?p=60520' aria-hidden='false' data-av_icon='\ue8f1' data-av_iconfont='entypo-fontello' title='' data-avia-related-tooltip='Compartir en Twitter' rel=\"noopener\"><span class='avia_hidden_link_text'>Compartir en Twitter<\/span><\/a><\/li><li class='av-share-link av-social-link-whatsapp' ><a target=\"_blank\" aria-label=\"Compartir en Whatsapp\" href='https:\/\/api.whatsapp.com\/send?text=https:\/\/radiorevelacionfm.cl\/?p=60520' aria-hidden='false' data-av_icon='\uf232' data-av_iconfont='entypo-fontello' title='' data-avia-related-tooltip='Compartir en Whatsapp' rel=\"noopener\"><span class='avia_hidden_link_text'>Compartir en Whatsapp<\/span><\/a><\/li><li class='av-share-link av-social-link-linkedin' ><a target=\"_blank\" aria-label=\"Compartir en LinkedIn\" href='https:\/\/linkedin.com\/shareArticle?mini=true&#038;title=Carmen%20Guti%C3%A9rrez%20y%20su%20emprendimiento%20Humoss%20de%20la%20Patagonia%2C%20fue%20premiada%20como%20pyme%20destacada%202025%20en%20Santiago&#038;url=https:\/\/radiorevelacionfm.cl\/?p=60520' aria-hidden='false' data-av_icon='\ue8fc' data-av_iconfont='entypo-fontello' title='' data-avia-related-tooltip='Compartir en LinkedIn' rel=\"noopener\"><span class='avia_hidden_link_text'>Compartir en LinkedIn<\/span><\/a><\/li><li class='av-share-link av-social-link-mail' ><a  aria-label=\"Compartir por correo\" href='mailto:?subject=Carmen%20Guti%C3%A9rrez%20y%20su%20emprendimiento%20Humoss%20de%20la%20Patagonia%2C%20fue%20premiada%20como%20pyme%20destacada%202025%20en%20Santiago&#038;body=https:\/\/radiorevelacionfm.cl\/?p=60520' aria-hidden='false' data-av_icon='\ue805' data-av_iconfont='entypo-fontello' title='' data-avia-related-tooltip='Compartir por correo'><span class='avia_hidden_link_text'>Compartir por correo<\/span><\/a><\/li><\/ul><\/div><\/div>\n<div  style='height:50px' class='hr hr-invisible   avia-builder-el-8  el_after_av_social_share  el_before_av_comments_list '><span class='hr-inner ' ><span class='hr-inner-style'><\/span><\/span><\/div>\n<div  class='av-buildercomment  av-blog-meta-html-info-disabled av-blog-meta-tag-disabled  '><\/div>\n","protected":false},"excerpt":{"rendered":"","protected":false},"author":1,"featured_media":60521,"comment_status":"closed","ping_status":"closed","sticky":false,"template":"","format":"standard","meta":{"footnotes":""},"categories":[38],"tags":[],"class_list":["post-60520","post","type-post","status-publish","format-standard","has-post-thumbnail","hentry","category-regional"],"jetpack_featured_media_url":"https:\/\/radiorevelacionfm.cl\/wp-content\/uploads\/2025\/10\/p2-1-1_optimized.jpg","_links":{"self":[{"href":"https:\/\/radiorevelacionfm.cl\/index.php?rest_route=\/wp\/v2\/posts\/60520","targetHints":{"allow":["GET"]}}],"collection":[{"href":"https:\/\/radiorevelacionfm.cl\/index.php?rest_route=\/wp\/v2\/posts"}],"about":[{"href":"https:\/\/radiorevelacionfm.cl\/index.php?rest_route=\/wp\/v2\/types\/post"}],"author":[{"embeddable":true,"href":"https:\/\/radiorevelacionfm.cl\/index.php?rest_route=\/wp\/v2\/users\/1"}],"replies":[{"embeddable":true,"href":"https:\/\/radiorevelacionfm.cl\/index.php?rest_route=%2Fwp%2Fv2%2Fcomments&post=60520"}],"version-history":[{"count":2,"href":"https:\/\/radiorevelacionfm.cl\/index.php?rest_route=\/wp\/v2\/posts\/60520\/revisions"}],"predecessor-version":[{"id":60523,"href":"https:\/\/radiorevelacionfm.cl\/index.php?rest_route=\/wp\/v2\/posts\/60520\/revisions\/60523"}],"wp:featuredmedia":[{"embeddable":true,"href":"https:\/\/radiorevelacionfm.cl\/index.php?rest_route=\/wp\/v2\/media\/60521"}],"wp:attachment":[{"href":"https:\/\/radiorevelacionfm.cl\/index.php?rest_route=%2Fwp%2Fv2%2Fmedia&parent=60520"}],"wp:term":[{"taxonomy":"category","embeddable":true,"href":"https:\/\/radiorevelacionfm.cl\/index.php?rest_route=%2Fwp%2Fv2%2Fcategories&post=60520"},{"taxonomy":"post_tag","embeddable":true,"href":"https:\/\/radiorevelacionfm.cl\/index.php?rest_route=%2Fwp%2Fv2%2Ftags&post=60520"}],"curies":[{"name":"wp","href":"https:\/\/api.w.org\/{rel}","templated":true}]}}