{"id":6052,"date":"2021-07-07T21:55:00","date_gmt":"2021-07-08T00:55:00","guid":{"rendered":"https:\/\/radiorevelacionfm.cl\/?p=6052"},"modified":"2021-07-07T21:55:00","modified_gmt":"2021-07-08T00:55:00","slug":"conductor-de-camion-fue-detenido-por-cuasidelito-de-homicidio-en-accidente-de-transito-en-aysen","status":"publish","type":"post","link":"https:\/\/radiorevelacionfm.cl\/?p=6052","title":{"rendered":"Conductor de cami\u00f3n fue detenido por cuasidelito de homicidio en accidente de tr\u00e1nsito en Ays\u00e9n"},"content":{"rendered":"<div class=\"flex_column av_one_full  flex_column_div av-zero-column-padding first  avia-builder-el-0  el_before_av_one_full  avia-builder-el-first  \" style='border-radius:0px; '><div  class='avia-image-container  av-styling-    avia-builder-el-1  avia-builder-el-no-sibling  avia-align-center '  itemprop=\"image\" itemscope=\"itemscope\" itemtype=\"https:\/\/schema.org\/ImageObject\"  ><div class='avia-image-container-inner'><div class='avia-image-overlay-wrap'><img decoding=\"async\" class='wp-image-6053 avia-img-lazy-loading-not-6053 avia_image' src=\"https:\/\/radiorevelacionfm.cl\/wp-content\/uploads\/2021\/07\/Aysen-a5-1.jpg\" alt='' title='Aysen a5 (1)' height=\"600\" width=\"1299\"  itemprop=\"thumbnailUrl\" srcset=\"https:\/\/radiorevelacionfm.cl\/wp-content\/uploads\/2021\/07\/Aysen-a5-1.jpg 1299w, https:\/\/radiorevelacionfm.cl\/wp-content\/uploads\/2021\/07\/Aysen-a5-1-300x139.jpg 300w, https:\/\/radiorevelacionfm.cl\/wp-content\/uploads\/2021\/07\/Aysen-a5-1-1030x476.jpg 1030w, https:\/\/radiorevelacionfm.cl\/wp-content\/uploads\/2021\/07\/Aysen-a5-1-768x355.jpg 768w, https:\/\/radiorevelacionfm.cl\/wp-content\/uploads\/2021\/07\/Aysen-a5-1-705x326.jpg 705w, https:\/\/radiorevelacionfm.cl\/wp-content\/uploads\/2021\/07\/Aysen-a5-1-600x277.jpg 600w\" sizes=\"(max-width: 1299px) 100vw, 1299px\" \/><\/div><\/div><\/div><\/div><div class=\"flex_column av_one_full  flex_column_div av-zero-column-padding first  avia-builder-el-2  el_after_av_one_full  el_before_av_one_full  column-top-margin\" style='border-radius:0px; '><section class=\"av_textblock_section \"  itemscope=\"itemscope\" itemtype=\"https:\/\/schema.org\/BlogPosting\" itemprop=\"blogPost\" ><div class='avia_textblock  '   itemprop=\"text\" ><p style=\"text-align: center;\"><strong><span style=\"font-size: 18pt;\">Conductor de cami\u00f3n fue detenido por cuasidelito de homicidio en accidente de tr\u00e1nsito en Ays\u00e9n<\/span><\/strong><\/p>\n<div id=\"gtx-trans\" style=\"position: absolute; left: -50px; top: 4.31534px;\">\n<div class=\"gtx-trans-icon\"><\/div>\n<\/div>\n<\/div><\/section><\/div><div class=\"flex_column av_one_full  flex_column_div av-zero-column-padding first  avia-builder-el-4  el_after_av_one_full  el_before_av_hr  column-top-margin\" style='border-radius:0px; '><section class=\"av_textblock_section \"  itemscope=\"itemscope\" itemtype=\"https:\/\/schema.org\/BlogPosting\" itemprop=\"blogPost\" ><div class='avia_textblock  '   itemprop=\"text\" ><p class=\"v1MsoNormal\" style=\"text-align: justify;\">Un lamentable accidente de tr\u00e1nsito se registr\u00f3 la tarde del martes en la ciudad de Puerto Ays\u00e9n, luego que \u2013por causas que se investigan- un peat\u00f3n fue atropellado por un cami\u00f3n en la intersecci\u00f3n de las calles Ciro Arredondo con Lago Portales, perdiendo la vida en el lugar.<\/p>\n<p class=\"v1MsoNormal\" style=\"text-align: justify;\">Seg\u00fan los primeros antecedentes, el conductor del veh\u00edculo de carga se habr\u00eda detenido en la citada intersecci\u00f3n, no obstante al reanudar la marcha habr\u00eda escuchado un golpe, deteniendo la marcha de la pesada m\u00e1quina y al descender de este, se percat\u00f3 del hecho, tras lo cual contact\u00f3 a Carabineros, quienes al llegar al lugar procedieron a la detenci\u00f3n del conductor.<\/p>\n<p class=\"v1MsoNormal\" style=\"text-align: justify;\">La persona fallecida \u2013de aproximadamente 39 a\u00f1os de edad- momentos antes se habr\u00eda dirigido hacia el domicilio de un familiar, el cual realiz\u00f3 el cruce de la calzada a trav\u00e9s de un paso peatonal.<\/p>\n<p class=\"v1MsoNormal\" style=\"text-align: justify;\">El hecho se registr\u00f3 alrededor de las 17:30 horas del martes en la intersecci\u00f3n de las calles antes se\u00f1aladas, tras lo cual Carabineros aisl\u00f3 el sitio del suceso, dando cuenta de lo ocurrido a la Fiscal\u00eda local de Puerto Ays\u00e9n, siendo dispuesta la concurrencia de la Secci\u00f3n Investigadora de Accidentes de Tr\u00e1nsito (SIAT) con la finalidad de establecer la din\u00e1mica y causa basal del accidente.<\/p>\n<p class=\"v1MsoNormal\" style=\"text-align: justify;\">El conductor fue detenido por cuasidelito de homicidio en accidente de tr\u00e1nsito, en tanto que los antecedentes del procedimiento fueron puestos a disposici\u00f3n de la Fiscal\u00eda local de esta ciudad que dirige investigaci\u00f3n por este hecho.<\/p>\n<p class=\"v1MsoNormal\" style=\"text-align: justify;\"><b>Colisi\u00f3n con maquinaria agr\u00edcola<\/b><\/p>\n<p class=\"v1MsoNormal\" style=\"text-align: justify;\">En otro \u00e1mbito, un saldo de seis personas lesionadas dej\u00f3 un accidente de tr\u00e1nsito, luego que un furg\u00f3n de pasajeros colisi\u00f3n por la parte posterior con un tractor con remolque, hecho registrado a la altura del Km 25 de la Ruta 7 Sur, cerca del sector El Blanco en la comuna de Coyhaique.<\/p>\n<p class=\"v1MsoNormal\" style=\"text-align: justify;\">Siendo aproximadamente las 19:45 horas, personal de Carabineros del Ret\u00e9n El Blanco se traslad\u00f3 al lugar junto a equipos de emergencia, tras lo cual los lesionados fueron estabilizados y trasladados al hospital regional de Coyhaique.<\/p>\n<p class=\"v1MsoNormal\" style=\"text-align: justify;\">Seg\u00fan informaciones recabadas por Carabineros en el lugar, el coloso no habr\u00eda mantenido las luces reglamentarias en la parte posterior, no siendo divisado por el conductor del veh\u00edculo de pasajeros, siendo colisionado en el lugar, en tanto que el tractor no contaba con documentaci\u00f3n requerida.<\/p>\n<p class=\"v1MsoNormal\" style=\"text-align: justify;\">Los antecedentes del procedimiento fueron remitidos a la Fiscal\u00eda que dirige investigaci\u00f3n por este hecho, siendo m\u00e1s tarde habilitada la v\u00eda en ambos sentidos.<\/p>\n<p class=\"v1MsoNormal\" style=\"text-align: justify;\">Carabineros inst\u00f3 a los conductores a transitar a la defensiva, a una velocidad razonable y prudente, junto con respetar las se\u00f1al\u00e9ticas de tr\u00e1nsito considerando lo resbaladizo de la calzada producto de las condiciones clim\u00e1ticas durante la \u00e9poca invernal.<\/p>\n<\/div><\/section><\/div><div  style='height:50px' class='hr hr-invisible   avia-builder-el-6  el_after_av_one_full  el_before_av_social_share '><span class='hr-inner ' ><span class='hr-inner-style'><\/span><\/span><\/div><\/p>\n<div  class='av-social-sharing-box  avia-builder-el-7  el_after_av_hr  el_before_av_hr  '><div class='av-share-box'><h5 class='av-share-link-description av-no-toc '>Compartir esta noticia<\/h5><ul class='av-share-box-list noLightbox'><li class='av-share-link av-social-link-facebook' ><a target=\"_blank\" aria-label=\"Compartir en Facebook\" href='https:\/\/www.facebook.com\/sharer.php?u=https:\/\/radiorevelacionfm.cl\/?p=6052&#038;t=Conductor%20de%20cami%C3%B3n%20fue%20detenido%20por%20cuasidelito%20de%20homicidio%20en%20accidente%20de%20tr%C3%A1nsito%20en%20Ays%C3%A9n' aria-hidden='false' data-av_icon='\ue8f3' data-av_iconfont='entypo-fontello' title='' data-avia-related-tooltip='Compartir en Facebook' rel=\"noopener\"><span class='avia_hidden_link_text'>Compartir en Facebook<\/span><\/a><\/li><li class='av-share-link av-social-link-twitter' ><a target=\"_blank\" aria-label=\"Compartir en Twitter\" href='https:\/\/twitter.com\/share?text=Conductor%20de%20cami%C3%B3n%20fue%20detenido%20por%20cuasidelito%20de%20homicidio%20en%20accidente%20de%20tr%C3%A1nsito%20en%20Ays%C3%A9n&#038;url=https:\/\/radiorevelacionfm.cl\/?p=6052' aria-hidden='false' data-av_icon='\ue8f1' data-av_iconfont='entypo-fontello' title='' data-avia-related-tooltip='Compartir en Twitter' rel=\"noopener\"><span class='avia_hidden_link_text'>Compartir en Twitter<\/span><\/a><\/li><li class='av-share-link av-social-link-whatsapp' ><a target=\"_blank\" aria-label=\"Compartir en Whatsapp\" href='https:\/\/api.whatsapp.com\/send?text=https:\/\/radiorevelacionfm.cl\/?p=6052' aria-hidden='false' data-av_icon='\uf232' data-av_iconfont='entypo-fontello' title='' data-avia-related-tooltip='Compartir en Whatsapp' rel=\"noopener\"><span class='avia_hidden_link_text'>Compartir en Whatsapp<\/span><\/a><\/li><li class='av-share-link av-social-link-linkedin' ><a target=\"_blank\" aria-label=\"Compartir en LinkedIn\" href='https:\/\/linkedin.com\/shareArticle?mini=true&#038;title=Conductor%20de%20cami%C3%B3n%20fue%20detenido%20por%20cuasidelito%20de%20homicidio%20en%20accidente%20de%20tr%C3%A1nsito%20en%20Ays%C3%A9n&#038;url=https:\/\/radiorevelacionfm.cl\/?p=6052' aria-hidden='false' data-av_icon='\ue8fc' data-av_iconfont='entypo-fontello' title='' data-avia-related-tooltip='Compartir en LinkedIn' rel=\"noopener\"><span class='avia_hidden_link_text'>Compartir en LinkedIn<\/span><\/a><\/li><li class='av-share-link av-social-link-mail' ><a  aria-label=\"Compartir por correo\" href='mailto:?subject=Conductor%20de%20cami%C3%B3n%20fue%20detenido%20por%20cuasidelito%20de%20homicidio%20en%20accidente%20de%20tr%C3%A1nsito%20en%20Ays%C3%A9n&#038;body=https:\/\/radiorevelacionfm.cl\/?p=6052' aria-hidden='false' data-av_icon='\ue805' data-av_iconfont='entypo-fontello' title='' data-avia-related-tooltip='Compartir por correo'><span class='avia_hidden_link_text'>Compartir por correo<\/span><\/a><\/li><\/ul><\/div><\/div>\n<div  style='height:50px' class='hr hr-invisible   avia-builder-el-8  el_after_av_social_share  el_before_av_comments_list '><span class='hr-inner ' ><span class='hr-inner-style'><\/span><\/span><\/div>\n<div  class='av-buildercomment  av-blog-meta-html-info-disabled av-blog-meta-tag-disabled  '><\/div>\n","protected":false},"excerpt":{"rendered":"","protected":false},"author":1,"featured_media":6053,"comment_status":"open","ping_status":"open","sticky":false,"template":"","format":"standard","meta":{"footnotes":""},"categories":[36],"tags":[],"class_list":["post-6052","post","type-post","status-publish","format-standard","has-post-thumbnail","hentry","category-policial"],"jetpack_featured_media_url":"https:\/\/radiorevelacionfm.cl\/wp-content\/uploads\/2021\/07\/Aysen-a5-1.jpg","_links":{"self":[{"href":"https:\/\/radiorevelacionfm.cl\/index.php?rest_route=\/wp\/v2\/posts\/6052","targetHints":{"allow":["GET"]}}],"collection":[{"href":"https:\/\/radiorevelacionfm.cl\/index.php?rest_route=\/wp\/v2\/posts"}],"about":[{"href":"https:\/\/radiorevelacionfm.cl\/index.php?rest_route=\/wp\/v2\/types\/post"}],"author":[{"embeddable":true,"href":"https:\/\/radiorevelacionfm.cl\/index.php?rest_route=\/wp\/v2\/users\/1"}],"replies":[{"embeddable":true,"href":"https:\/\/radiorevelacionfm.cl\/index.php?rest_route=%2Fwp%2Fv2%2Fcomments&post=6052"}],"version-history":[{"count":1,"href":"https:\/\/radiorevelacionfm.cl\/index.php?rest_route=\/wp\/v2\/posts\/6052\/revisions"}],"predecessor-version":[{"id":6054,"href":"https:\/\/radiorevelacionfm.cl\/index.php?rest_route=\/wp\/v2\/posts\/6052\/revisions\/6054"}],"wp:featuredmedia":[{"embeddable":true,"href":"https:\/\/radiorevelacionfm.cl\/index.php?rest_route=\/wp\/v2\/media\/6053"}],"wp:attachment":[{"href":"https:\/\/radiorevelacionfm.cl\/index.php?rest_route=%2Fwp%2Fv2%2Fmedia&parent=6052"}],"wp:term":[{"taxonomy":"category","embeddable":true,"href":"https:\/\/radiorevelacionfm.cl\/index.php?rest_route=%2Fwp%2Fv2%2Fcategories&post=6052"},{"taxonomy":"post_tag","embeddable":true,"href":"https:\/\/radiorevelacionfm.cl\/index.php?rest_route=%2Fwp%2Fv2%2Ftags&post=6052"}],"curies":[{"name":"wp","href":"https:\/\/api.w.org\/{rel}","templated":true}]}}