{"id":60511,"date":"2025-10-20T15:11:04","date_gmt":"2025-10-20T18:11:04","guid":{"rendered":"https:\/\/radiorevelacionfm.cl\/?p=60511"},"modified":"2025-10-20T15:11:04","modified_gmt":"2025-10-20T18:11:04","slug":"region-de-aysen-alcanza-mas-de-500-examenes-de-endoscopia-para-fortalecer-la-pesquisa-y-reducir-tiempos-de-espera","status":"publish","type":"post","link":"https:\/\/radiorevelacionfm.cl\/?p=60511","title":{"rendered":"Regi\u00f3n de Ays\u00e9n alcanza m\u00e1s de 500 ex\u00e1menes de endoscop\u00eda para fortalecer la pesquisa y reducir tiempos de espera"},"content":{"rendered":"<div class=\"flex_column av_one_full  flex_column_div av-zero-column-padding first  avia-builder-el-0  el_before_av_one_full  avia-builder-el-first  \" style='border-radius:0px; '><div  class='avia-image-container  av-styling-    avia-builder-el-1  avia-builder-el-no-sibling  avia-align-center '  itemprop=\"image\" itemscope=\"itemscope\" itemtype=\"https:\/\/schema.org\/ImageObject\"  ><div class='avia-image-container-inner'><div class='avia-image-overlay-wrap'><img decoding=\"async\" class='wp-image-60512 avia-img-lazy-loading-not-60512 avia_image' src=\"https:\/\/radiorevelacionfm.cl\/wp-content\/uploads\/2025\/10\/image00004-8-1_optimized.jpeg\" alt='' title='image00004-(8)-(1)_optimized' height=\"600\" width=\"920\"  itemprop=\"thumbnailUrl\" srcset=\"https:\/\/radiorevelacionfm.cl\/wp-content\/uploads\/2025\/10\/image00004-8-1_optimized.jpeg 920w, https:\/\/radiorevelacionfm.cl\/wp-content\/uploads\/2025\/10\/image00004-8-1_optimized-300x196.jpeg 300w, https:\/\/radiorevelacionfm.cl\/wp-content\/uploads\/2025\/10\/image00004-8-1_optimized-768x501.jpeg 768w, https:\/\/radiorevelacionfm.cl\/wp-content\/uploads\/2025\/10\/image00004-8-1_optimized-705x460.jpeg 705w, https:\/\/radiorevelacionfm.cl\/wp-content\/uploads\/2025\/10\/image00004-8-1_optimized-450x293.jpeg 450w, https:\/\/radiorevelacionfm.cl\/wp-content\/uploads\/2025\/10\/image00004-8-1_optimized-600x391.jpeg 600w\" sizes=\"(max-width: 920px) 100vw, 920px\" \/><\/div><\/div><\/div><\/div><div class=\"flex_column av_one_full  flex_column_div av-zero-column-padding first  avia-builder-el-2  el_after_av_one_full  el_before_av_one_full  column-top-margin\" style='border-radius:0px; '><section class=\"av_textblock_section \"  itemscope=\"itemscope\" itemtype=\"https:\/\/schema.org\/BlogPosting\" itemprop=\"blogPost\" ><div class='avia_textblock  '   itemprop=\"text\" ><p style=\"text-align: center;\"><span style=\"font-size: 18pt;\"><b>Regi\u00f3n de Ays\u00e9n alcanza m\u00e1s de 500 ex\u00e1menes de endoscop\u00eda para fortalecer la pesquisa y reducir tiempos de espera<\/b><\/span><\/p>\n<div id=\"gtx-trans\" style=\"position: absolute; left: -50px; top: 4.31534px;\">\n<div class=\"gtx-trans-icon\"><\/div>\n<\/div>\n<\/div><\/section><\/div><div class=\"flex_column av_one_full  flex_column_div av-zero-column-padding first  avia-builder-el-4  el_after_av_one_full  el_before_av_hr  column-top-margin\" style='border-radius:0px; '><section class=\"av_textblock_section \"  itemscope=\"itemscope\" itemtype=\"https:\/\/schema.org\/BlogPosting\" itemprop=\"blogPost\" ><div class='avia_textblock  '   itemprop=\"text\" ><p style=\"font-weight: 400; text-align: justify;\"><em>La estrategia contempla una meta regional cercana a 1.200 procedimientos a diciembre, con foco en territorios de dif\u00edcil acceso y en la pesquisa temprana de patolog\u00edas digestivas de alta prevalencia.<\/em><\/p>\n<p style=\"font-weight: 400; text-align: justify;\">Vecinas y vecinos de la comuna de Cisnes, provenientes de La Junta, Puyuhuapi y sectores aleda\u00f1os, accedieron recientemente a ex\u00e1menes de endoscop\u00edas digestivas altas en Hospital Regional Coyhaique, en el marco del Programa de Resolutividad de la Atenci\u00f3n Primaria en Salud impulsado por Servicio de Salud Ays\u00e9n.<\/p>\n<p style=\"font-weight: 400; text-align: justify;\">La estrategia contempla una meta regional cercana a 1.200 procedimientos a diciembre, con el objetivo de fortalecer la pesquisa temprana de c\u00e1ncer y otras patolog\u00edas digestivas de alta prevalencia, adem\u00e1s de reducir tiempos de espera para diagn\u00f3stico y tratamiento en toda la red asistencial, con especial foco en territorios de dif\u00edcil acceso.<\/p>\n<p style=\"font-weight: 400; text-align: justify;\">Hasta la fecha, la comuna de Cisnes registra 123 endoscop\u00edas realizadas, mientras que la red de salud rural acumula 147 procedimientos. En total, el avance regional alcanza 565 ex\u00e1menes efectuados, reflejando el despliegue y capacidad resolutiva de la red en distintos puntos de la regi\u00f3n.<\/p>\n<p style=\"font-weight: 400; text-align: justify;\">\u201cMuy linda iniciativa, sobre todo por la parte del traslado, que es bien complicado para moverse en temas de salud. Lo encuentro muy bueno lo que se est\u00e1 haciendo ahora\u201d, coment\u00f3 V\u00edctor C\u00e1rcamo, vecino del sector Queulat, 24 kil\u00f3metros al sur de Puyuhuapi.<\/p>\n<p style=\"font-weight: 400; text-align: justify;\">Desde La Junta, Urania Contreras valor\u00f3 la oportunidad que brinda este operativo: \u201cHay personas que no tienen la posibilidad de venir desde La Junta o de otros pueblos, porque llegar a Coyhaique son seis horas de viaje. Esto motiva a la gente a hacerse los ex\u00e1menes.\u201d<\/p>\n<p style=\"font-weight: 400; text-align: justify;\">Tambi\u00e9n desde Puyuhuapi, Mar\u00eda Manuela Lep\u00edo Leg\u00fce destac\u00f3 la rapidez de la gesti\u00f3n: \u201cLo m\u00e1s relevante es que fue s\u00faper r\u00e1pido. Me llamaron de la posta y al fin de semana ya est\u00e1bamos aqu\u00ed esperando para hacernos el examen.\u201d<\/p>\n<p style=\"font-weight: 400; text-align: justify;\">Felipe Silva, m\u00e9dico Gastroenter\u00f3logo, destac\u00f3 la relevancia sanitaria de esta estrategia: \u201cLa endoscop\u00eda es una herramienta fundamental para detectar lesiones en etapas iniciales, cuando el tratamiento de los c\u00e1nceres g\u00e1stricos es m\u00e1s efectivo. Cada examen significa prevenir, acortar tiempos de espera y mejorar la calidad de vida de las personas.\u201d<\/p>\n<p style=\"font-weight: 400; text-align: justify;\">En esa misma l\u00ednea, Juan Pablo Bravo Quintana, director del Servicio de Salud Ays\u00e9n, destac\u00f3 \u201ccon este trabajo estamos acortando brechas, fortaleciendo la Atenci\u00f3n Primaria y asegurando diagn\u00f3sticos oportunos y de calidad para toda la regi\u00f3n. Esto es justamente lo que representa nuestra tarea: avanzar con equidad y resolutividad en salud p\u00fablica para Ays\u00e9n\u201d.<\/p>\n<p style=\"font-weight: 400; text-align: justify;\">El operativo cont\u00f3 con el apoyo log\u00edstico de la Ilustre Municipalidad de Cisnes, que colabor\u00f3 en el traslado y acompa\u00f1amiento de los usuarios y usuarias durante toda la jornada, asegurando viajes seguros de ida y regreso. \u201cEste trabajo colaborativo significa que el Servicio de Salud presta el servicio de endoscop\u00eda, y nosotros como municipio aportamos la log\u00edstica y todo el apoyo necesario para acompa\u00f1ar a nuestros vecinos en sus ex\u00e1menes y atenciones\u201d, se\u00f1al\u00f3 Francisco Roncagliolo, alcalde de la comuna de Cisnes.<\/p>\n<p style=\"font-weight: 400; text-align: justify;\">La encargada regional del programa, Daniela Mansilla, subray\u00f3 la relevancia t\u00e9cnica y sanitaria de esta iniciativa. \u201cDesde agosto estamos desplegando esta acci\u00f3n junto a los equipos de la red asistencial. A diciembre proyectamos alcanzar cerca de 1.200 endoscop\u00edas, avanzando en pesquisa activa, diagn\u00f3stico precoz y prevenci\u00f3n de patolog\u00edas digestivas graves. Este trabajo demuestra el compromiso y la capacidad resolutiva de la Atenci\u00f3n Primaria en la Regi\u00f3n de Ays\u00e9n\u201d, acot\u00f3.<\/p>\n<p style=\"font-weight: 400; text-align: justify;\">Con este avance, el Servicio de Salud Ays\u00e9n sigue reduciendo los tiempos de espera, acercando la salud a las comunidades y fortaleciendo la pesquisa temprana de enfermedades digestivas en toda la regi\u00f3n.<\/p>\n<\/div><\/section><\/div><div  style='height:50px' class='hr hr-invisible   avia-builder-el-6  el_after_av_one_full  el_before_av_social_share '><span class='hr-inner ' ><span class='hr-inner-style'><\/span><\/span><\/div><\/p>\n<div  class='av-social-sharing-box  avia-builder-el-7  el_after_av_hr  el_before_av_hr  '><div class='av-share-box'><h5 class='av-share-link-description av-no-toc '>Compartir esta noticia<\/h5><ul class='av-share-box-list noLightbox'><li class='av-share-link av-social-link-facebook' ><a target=\"_blank\" aria-label=\"Compartir en Facebook\" href='https:\/\/www.facebook.com\/sharer.php?u=https:\/\/radiorevelacionfm.cl\/?p=60511&#038;t=Regi%C3%B3n%20de%20Ays%C3%A9n%20alcanza%20m%C3%A1s%20de%20500%20ex%C3%A1menes%20de%20endoscop%C3%ADa%20para%20fortalecer%20la%20pesquisa%20y%20reducir%20tiempos%20de%20espera' aria-hidden='false' data-av_icon='\ue8f3' data-av_iconfont='entypo-fontello' title='' data-avia-related-tooltip='Compartir en Facebook' rel=\"noopener\"><span class='avia_hidden_link_text'>Compartir en Facebook<\/span><\/a><\/li><li class='av-share-link av-social-link-twitter' ><a target=\"_blank\" aria-label=\"Compartir en Twitter\" href='https:\/\/twitter.com\/share?text=Regi%C3%B3n%20de%20Ays%C3%A9n%20alcanza%20m%C3%A1s%20de%20500%20ex%C3%A1menes%20de%20endoscop%C3%ADa%20para%20fortalecer%20la%20pesquisa%20y%20reducir%20tiempos%20de%20espera&#038;url=https:\/\/radiorevelacionfm.cl\/?p=60511' aria-hidden='false' data-av_icon='\ue8f1' data-av_iconfont='entypo-fontello' title='' data-avia-related-tooltip='Compartir en Twitter' rel=\"noopener\"><span class='avia_hidden_link_text'>Compartir en Twitter<\/span><\/a><\/li><li class='av-share-link av-social-link-whatsapp' ><a target=\"_blank\" aria-label=\"Compartir en Whatsapp\" href='https:\/\/api.whatsapp.com\/send?text=https:\/\/radiorevelacionfm.cl\/?p=60511' aria-hidden='false' data-av_icon='\uf232' data-av_iconfont='entypo-fontello' title='' data-avia-related-tooltip='Compartir en Whatsapp' rel=\"noopener\"><span class='avia_hidden_link_text'>Compartir en Whatsapp<\/span><\/a><\/li><li class='av-share-link av-social-link-linkedin' ><a target=\"_blank\" aria-label=\"Compartir en LinkedIn\" href='https:\/\/linkedin.com\/shareArticle?mini=true&#038;title=Regi%C3%B3n%20de%20Ays%C3%A9n%20alcanza%20m%C3%A1s%20de%20500%20ex%C3%A1menes%20de%20endoscop%C3%ADa%20para%20fortalecer%20la%20pesquisa%20y%20reducir%20tiempos%20de%20espera&#038;url=https:\/\/radiorevelacionfm.cl\/?p=60511' aria-hidden='false' data-av_icon='\ue8fc' data-av_iconfont='entypo-fontello' title='' data-avia-related-tooltip='Compartir en LinkedIn' rel=\"noopener\"><span class='avia_hidden_link_text'>Compartir en LinkedIn<\/span><\/a><\/li><li class='av-share-link av-social-link-mail' ><a  aria-label=\"Compartir por correo\" href='mailto:?subject=Regi%C3%B3n%20de%20Ays%C3%A9n%20alcanza%20m%C3%A1s%20de%20500%20ex%C3%A1menes%20de%20endoscop%C3%ADa%20para%20fortalecer%20la%20pesquisa%20y%20reducir%20tiempos%20de%20espera&#038;body=https:\/\/radiorevelacionfm.cl\/?p=60511' aria-hidden='false' data-av_icon='\ue805' data-av_iconfont='entypo-fontello' title='' data-avia-related-tooltip='Compartir por correo'><span class='avia_hidden_link_text'>Compartir por correo<\/span><\/a><\/li><\/ul><\/div><\/div>\n<div  style='height:50px' class='hr hr-invisible   avia-builder-el-8  el_after_av_social_share  el_before_av_comments_list '><span class='hr-inner ' ><span class='hr-inner-style'><\/span><\/span><\/div>\n<div  class='av-buildercomment  av-blog-meta-html-info-disabled av-blog-meta-tag-disabled  '><\/div>\n","protected":false},"excerpt":{"rendered":"","protected":false},"author":1,"featured_media":60512,"comment_status":"closed","ping_status":"closed","sticky":false,"template":"","format":"standard","meta":{"footnotes":""},"categories":[46],"tags":[],"class_list":["post-60511","post","type-post","status-publish","format-standard","has-post-thumbnail","hentry","category-salud"],"jetpack_featured_media_url":"https:\/\/radiorevelacionfm.cl\/wp-content\/uploads\/2025\/10\/image00004-8-1_optimized.jpeg","_links":{"self":[{"href":"https:\/\/radiorevelacionfm.cl\/index.php?rest_route=\/wp\/v2\/posts\/60511","targetHints":{"allow":["GET"]}}],"collection":[{"href":"https:\/\/radiorevelacionfm.cl\/index.php?rest_route=\/wp\/v2\/posts"}],"about":[{"href":"https:\/\/radiorevelacionfm.cl\/index.php?rest_route=\/wp\/v2\/types\/post"}],"author":[{"embeddable":true,"href":"https:\/\/radiorevelacionfm.cl\/index.php?rest_route=\/wp\/v2\/users\/1"}],"replies":[{"embeddable":true,"href":"https:\/\/radiorevelacionfm.cl\/index.php?rest_route=%2Fwp%2Fv2%2Fcomments&post=60511"}],"version-history":[{"count":2,"href":"https:\/\/radiorevelacionfm.cl\/index.php?rest_route=\/wp\/v2\/posts\/60511\/revisions"}],"predecessor-version":[{"id":60514,"href":"https:\/\/radiorevelacionfm.cl\/index.php?rest_route=\/wp\/v2\/posts\/60511\/revisions\/60514"}],"wp:featuredmedia":[{"embeddable":true,"href":"https:\/\/radiorevelacionfm.cl\/index.php?rest_route=\/wp\/v2\/media\/60512"}],"wp:attachment":[{"href":"https:\/\/radiorevelacionfm.cl\/index.php?rest_route=%2Fwp%2Fv2%2Fmedia&parent=60511"}],"wp:term":[{"taxonomy":"category","embeddable":true,"href":"https:\/\/radiorevelacionfm.cl\/index.php?rest_route=%2Fwp%2Fv2%2Fcategories&post=60511"},{"taxonomy":"post_tag","embeddable":true,"href":"https:\/\/radiorevelacionfm.cl\/index.php?rest_route=%2Fwp%2Fv2%2Ftags&post=60511"}],"curies":[{"name":"wp","href":"https:\/\/api.w.org\/{rel}","templated":true}]}}