{"id":60507,"date":"2025-10-20T12:42:45","date_gmt":"2025-10-20T15:42:45","guid":{"rendered":"https:\/\/radiorevelacionfm.cl\/?p=60507"},"modified":"2025-10-20T12:42:45","modified_gmt":"2025-10-20T15:42:45","slug":"minvu-iniciara-ejecucion-de-proyectos-urbanos-por-casi-2-mil-millones-de-pesos-en-la-region-de-aysen","status":"publish","type":"post","link":"https:\/\/radiorevelacionfm.cl\/?p=60507","title":{"rendered":"Minvu iniciar\u00e1 ejecuci\u00f3n de proyectos urbanos por casi 2 mil millones de pesos en la regi\u00f3n de Ays\u00e9n"},"content":{"rendered":"<div class=\"flex_column av_one_full  flex_column_div av-zero-column-padding first  avia-builder-el-0  el_before_av_one_full  avia-builder-el-first  \" style='border-radius:0px; '><div  class='avia-image-container  av-styling-    avia-builder-el-1  avia-builder-el-no-sibling  avia-align-center '  itemprop=\"image\" itemscope=\"itemscope\" itemtype=\"https:\/\/schema.org\/ImageObject\"  ><div class='avia-image-container-inner'><div class='avia-image-overlay-wrap'><img decoding=\"async\" class='wp-image-60508 avia-img-lazy-loading-not-60508 avia_image' src=\"https:\/\/radiorevelacionfm.cl\/wp-content\/uploads\/2025\/10\/archivo-pasarelas-programa-pavimentos-participativos-tortel-1_optimized-1.jpeg\" alt='' title='archivo-pasarelas-programa-pavimentos-participativos-tortel-(1)_optimized (1)' height=\"600\" width=\"800\"  itemprop=\"thumbnailUrl\" srcset=\"https:\/\/radiorevelacionfm.cl\/wp-content\/uploads\/2025\/10\/archivo-pasarelas-programa-pavimentos-participativos-tortel-1_optimized-1.jpeg 800w, https:\/\/radiorevelacionfm.cl\/wp-content\/uploads\/2025\/10\/archivo-pasarelas-programa-pavimentos-participativos-tortel-1_optimized-1-300x225.jpeg 300w, https:\/\/radiorevelacionfm.cl\/wp-content\/uploads\/2025\/10\/archivo-pasarelas-programa-pavimentos-participativos-tortel-1_optimized-1-768x576.jpeg 768w, https:\/\/radiorevelacionfm.cl\/wp-content\/uploads\/2025\/10\/archivo-pasarelas-programa-pavimentos-participativos-tortel-1_optimized-1-705x529.jpeg 705w, https:\/\/radiorevelacionfm.cl\/wp-content\/uploads\/2025\/10\/archivo-pasarelas-programa-pavimentos-participativos-tortel-1_optimized-1-450x338.jpeg 450w, https:\/\/radiorevelacionfm.cl\/wp-content\/uploads\/2025\/10\/archivo-pasarelas-programa-pavimentos-participativos-tortel-1_optimized-1-600x450.jpeg 600w\" sizes=\"(max-width: 800px) 100vw, 800px\" \/><\/div><\/div><\/div><\/div><div class=\"flex_column av_one_full  flex_column_div av-zero-column-padding first  avia-builder-el-2  el_after_av_one_full  el_before_av_one_full  column-top-margin\" style='border-radius:0px; '><section class=\"av_textblock_section \"  itemscope=\"itemscope\" itemtype=\"https:\/\/schema.org\/BlogPosting\" itemprop=\"blogPost\" ><div class='avia_textblock  '   itemprop=\"text\" ><p style=\"text-align: center;\"><strong><span style=\"font-size: 18pt;\">Minvu iniciar\u00e1 ejecuci\u00f3n de proyectos urbanos por casi 2 mil millones de pesos en la regi\u00f3n de Ays\u00e9n<\/span><\/strong><\/p>\n<div id=\"gtx-trans\" style=\"position: absolute; left: -50px; top: 4.31534px;\">\n<div class=\"gtx-trans-icon\"><\/div>\n<\/div>\n<\/div><\/section><\/div><div class=\"flex_column av_one_full  flex_column_div av-zero-column-padding first  avia-builder-el-4  el_after_av_one_full  el_before_av_hr  column-top-margin\" style='border-radius:0px; '><section class=\"av_textblock_section \"  itemscope=\"itemscope\" itemtype=\"https:\/\/schema.org\/BlogPosting\" itemprop=\"blogPost\" ><div class='avia_textblock  '   itemprop=\"text\" ><p style=\"text-align: justify;\">M\u00e1s de mil 935 millones de pesos invertir\u00e1 el Ministerio de Vivienda y Urbanismo (Minvu) en la pronta ejecuci\u00f3n de importantes obras de desarrollo urbano que beneficiar\u00e1n a las familias de diferentes comunas de la regi\u00f3n de Ays\u00e9n.<\/p>\n<p style=\"text-align: justify;\">De acuerdo a lo informado por la Seremi de Vivienda y Urbanismo, Paulina Ruz Delf\u00edn, se trata de obras que ya fueron licitadas y adjudicadas por el Serviu regional, por lo que su ejecuci\u00f3n podr\u00eda empezar en las pr\u00f3ximas semanas, con el positivo impacto para la econom\u00eda y el desarrollo regional.<\/p>\n<p style=\"text-align: justify;\">Los proyectos que pronto se empezar\u00e1n a hacer realidad son: la pavimentaci\u00f3n de diversas calles de Villa La Tapera, en la comuna de Lago Verde, por un monto que bordea los 683 millones de pesos y la pavimentaci\u00f3n de diversas calles seleccionadas en el llamado n\u00famero 34 del Programa de Pavimentaci\u00f3n Participativa del Minvu, el cual contempla una inversi\u00f3n que supera los 721 millones de pesos y donde se incluyen calles, pasajes y veredas de varias ciudades.<\/p>\n<p style=\"text-align: justify;\">Por otra parte, agreg\u00f3 la Seremi Paulina Ruz, se ejecutar\u00e1n dos grandes proyectos que tienen que ver con el mejoramiento de espacios p\u00fablicos. El primero es la conservaci\u00f3n de la plaza Baquedano de Coyhaique, m\u00e1s conocida como plaza del Pionero, con recursos del Programa de Espacios P\u00fablicos del Minvu por un monto cercano a los 171 millones de pesos. El segundo proyecto tiene que ver con la conservaci\u00f3n del Parque Costanera R\u00edo Simpson de Coyhaique, a trav\u00e9s del Programa de Conservaci\u00f3n de Parques Urbanos del Minvu, por un monto que alcanza los 358 millones de pesos, aproximadamente. En este \u00faltimo caso se trata de una inversi\u00f3n a tres a\u00f1os donde se contemplan obras como el corte de pasto, limpieza, eliminaci\u00f3n de grafitis y renovaci\u00f3n del mobiliario urbano, entre otros.<\/p>\n<p style=\"text-align: justify;\">\u201cEstamos hablando de una inversi\u00f3n ministerial de casi dos mil millones de pesos en proyectos que ser\u00e1n muy relevantes para mejorar la calidad de vida de nuestras familias. Por un lado, tenemos la pavimentaci\u00f3n de calles en varias comunas, donde destaca el proyecto que iniciaremos esta semana en Villa La Tapera, localidad de la comuna de Lago Verde, donde ser\u00e1n intervenidos m\u00e1s de 500 metros lineales de calles y veredas. Por otra parte, est\u00e1 el mejoramiento de dos espacios p\u00fablicos muy visitados por nuestras familias de Coyhaique y el resto de la regi\u00f3n, como son el Parque Costanera R\u00edo Simpson y la Plaza Baquedano, m\u00e1s conocida como la Plaza del Pionero. Estas obras est\u00e1n destinadas a ofrecer alternativas de esparcimiento y vida sana que son muy demandadas y valoradas por nuestras familias, especialmente en \u00e9pocas de primavera y de verano\u201d, se\u00f1al\u00f3.<\/p>\n<p style=\"text-align: justify;\">Finalmente, la Seremi Paulina Ruz enfatiz\u00f3 en que la ejecuci\u00f3n de estos proyectos se traducir\u00e1 no solo en una mejor calidad de vida para las familias de sectores urbanos y rurales, sino que tambi\u00e9n un mayor dinamismo para las econom\u00edas locales, abriendo nuevas opciones de trabajo para las empresas constructoras regionales y en paralelo generando nuevos puestos de trabajo, los que muchas veces son ocupados por personas de las mismas localidades.<\/p>\n<\/div><\/section><\/div><div  style='height:50px' class='hr hr-invisible   avia-builder-el-6  el_after_av_one_full  el_before_av_social_share '><span class='hr-inner ' ><span class='hr-inner-style'><\/span><\/span><\/div><\/p>\n<div  class='av-social-sharing-box  avia-builder-el-7  el_after_av_hr  el_before_av_hr  '><div class='av-share-box'><h5 class='av-share-link-description av-no-toc '>Compartir esta noticia<\/h5><ul class='av-share-box-list noLightbox'><li class='av-share-link av-social-link-facebook' ><a target=\"_blank\" aria-label=\"Compartir en Facebook\" href='https:\/\/www.facebook.com\/sharer.php?u=https:\/\/radiorevelacionfm.cl\/?p=60507&#038;t=Minvu%20iniciar%C3%A1%20ejecuci%C3%B3n%20de%20proyectos%20urbanos%20por%20casi%202%20mil%20millones%20de%20pesos%20en%20la%20regi%C3%B3n%20de%20Ays%C3%A9n' aria-hidden='false' data-av_icon='\ue8f3' data-av_iconfont='entypo-fontello' title='' data-avia-related-tooltip='Compartir en Facebook' rel=\"noopener\"><span class='avia_hidden_link_text'>Compartir en Facebook<\/span><\/a><\/li><li class='av-share-link av-social-link-twitter' ><a target=\"_blank\" aria-label=\"Compartir en Twitter\" href='https:\/\/twitter.com\/share?text=Minvu%20iniciar%C3%A1%20ejecuci%C3%B3n%20de%20proyectos%20urbanos%20por%20casi%202%20mil%20millones%20de%20pesos%20en%20la%20regi%C3%B3n%20de%20Ays%C3%A9n&#038;url=https:\/\/radiorevelacionfm.cl\/?p=60507' aria-hidden='false' data-av_icon='\ue8f1' data-av_iconfont='entypo-fontello' title='' data-avia-related-tooltip='Compartir en Twitter' rel=\"noopener\"><span class='avia_hidden_link_text'>Compartir en Twitter<\/span><\/a><\/li><li class='av-share-link av-social-link-whatsapp' ><a target=\"_blank\" aria-label=\"Compartir en Whatsapp\" href='https:\/\/api.whatsapp.com\/send?text=https:\/\/radiorevelacionfm.cl\/?p=60507' aria-hidden='false' data-av_icon='\uf232' data-av_iconfont='entypo-fontello' title='' data-avia-related-tooltip='Compartir en Whatsapp' rel=\"noopener\"><span class='avia_hidden_link_text'>Compartir en Whatsapp<\/span><\/a><\/li><li class='av-share-link av-social-link-linkedin' ><a target=\"_blank\" aria-label=\"Compartir en LinkedIn\" href='https:\/\/linkedin.com\/shareArticle?mini=true&#038;title=Minvu%20iniciar%C3%A1%20ejecuci%C3%B3n%20de%20proyectos%20urbanos%20por%20casi%202%20mil%20millones%20de%20pesos%20en%20la%20regi%C3%B3n%20de%20Ays%C3%A9n&#038;url=https:\/\/radiorevelacionfm.cl\/?p=60507' aria-hidden='false' data-av_icon='\ue8fc' data-av_iconfont='entypo-fontello' title='' data-avia-related-tooltip='Compartir en LinkedIn' rel=\"noopener\"><span class='avia_hidden_link_text'>Compartir en LinkedIn<\/span><\/a><\/li><li class='av-share-link av-social-link-mail' ><a  aria-label=\"Compartir por correo\" href='mailto:?subject=Minvu%20iniciar%C3%A1%20ejecuci%C3%B3n%20de%20proyectos%20urbanos%20por%20casi%202%20mil%20millones%20de%20pesos%20en%20la%20regi%C3%B3n%20de%20Ays%C3%A9n&#038;body=https:\/\/radiorevelacionfm.cl\/?p=60507' aria-hidden='false' data-av_icon='\ue805' data-av_iconfont='entypo-fontello' title='' data-avia-related-tooltip='Compartir por correo'><span class='avia_hidden_link_text'>Compartir por correo<\/span><\/a><\/li><\/ul><\/div><\/div>\n<div  style='height:50px' class='hr hr-invisible   avia-builder-el-8  el_after_av_social_share  el_before_av_comments_list '><span class='hr-inner ' ><span class='hr-inner-style'><\/span><\/span><\/div>\n<div  class='av-buildercomment  av-blog-meta-html-info-disabled av-blog-meta-tag-disabled  '><\/div>\n","protected":false},"excerpt":{"rendered":"","protected":false},"author":1,"featured_media":60508,"comment_status":"closed","ping_status":"closed","sticky":false,"template":"","format":"standard","meta":{"footnotes":""},"categories":[57],"tags":[],"class_list":["post-60507","post","type-post","status-publish","format-standard","has-post-thumbnail","hentry","category-vivienda"],"jetpack_featured_media_url":"https:\/\/radiorevelacionfm.cl\/wp-content\/uploads\/2025\/10\/archivo-pasarelas-programa-pavimentos-participativos-tortel-1_optimized-1.jpeg","_links":{"self":[{"href":"https:\/\/radiorevelacionfm.cl\/index.php?rest_route=\/wp\/v2\/posts\/60507","targetHints":{"allow":["GET"]}}],"collection":[{"href":"https:\/\/radiorevelacionfm.cl\/index.php?rest_route=\/wp\/v2\/posts"}],"about":[{"href":"https:\/\/radiorevelacionfm.cl\/index.php?rest_route=\/wp\/v2\/types\/post"}],"author":[{"embeddable":true,"href":"https:\/\/radiorevelacionfm.cl\/index.php?rest_route=\/wp\/v2\/users\/1"}],"replies":[{"embeddable":true,"href":"https:\/\/radiorevelacionfm.cl\/index.php?rest_route=%2Fwp%2Fv2%2Fcomments&post=60507"}],"version-history":[{"count":2,"href":"https:\/\/radiorevelacionfm.cl\/index.php?rest_route=\/wp\/v2\/posts\/60507\/revisions"}],"predecessor-version":[{"id":60510,"href":"https:\/\/radiorevelacionfm.cl\/index.php?rest_route=\/wp\/v2\/posts\/60507\/revisions\/60510"}],"wp:featuredmedia":[{"embeddable":true,"href":"https:\/\/radiorevelacionfm.cl\/index.php?rest_route=\/wp\/v2\/media\/60508"}],"wp:attachment":[{"href":"https:\/\/radiorevelacionfm.cl\/index.php?rest_route=%2Fwp%2Fv2%2Fmedia&parent=60507"}],"wp:term":[{"taxonomy":"category","embeddable":true,"href":"https:\/\/radiorevelacionfm.cl\/index.php?rest_route=%2Fwp%2Fv2%2Fcategories&post=60507"},{"taxonomy":"post_tag","embeddable":true,"href":"https:\/\/radiorevelacionfm.cl\/index.php?rest_route=%2Fwp%2Fv2%2Ftags&post=60507"}],"curies":[{"name":"wp","href":"https:\/\/api.w.org\/{rel}","templated":true}]}}