{"id":60503,"date":"2025-10-20T10:44:27","date_gmt":"2025-10-20T13:44:27","guid":{"rendered":"https:\/\/radiorevelacionfm.cl\/?p=60503"},"modified":"2025-10-20T10:44:27","modified_gmt":"2025-10-20T13:44:27","slug":"destacan-avance-del-proyecto-de-mejoramiento-termico-en-la-escuela-jose-miguel-carrera-de-lago-verde","status":"publish","type":"post","link":"https:\/\/radiorevelacionfm.cl\/?p=60503","title":{"rendered":"Destacan avance del proyecto de mejoramiento t\u00e9rmico en la Escuela Jos\u00e9 Miguel Carrera de Lago Verde"},"content":{"rendered":"<div class=\"flex_column av_one_full  flex_column_div av-zero-column-padding first  avia-builder-el-0  el_before_av_one_full  avia-builder-el-first  \" style='border-radius:0px; '><div  class='avia-image-container  av-styling-    avia-builder-el-1  avia-builder-el-no-sibling  avia-align-center '  itemprop=\"image\" itemscope=\"itemscope\" itemtype=\"https:\/\/schema.org\/ImageObject\"  ><div class='avia-image-container-inner'><div class='avia-image-overlay-wrap'><img decoding=\"async\" class='wp-image-60504 avia-img-lazy-loading-not-60504 avia_image' src=\"https:\/\/radiorevelacionfm.cl\/wp-content\/uploads\/2025\/10\/IMG-20251020-WA0001-1-1.jpg\" alt='' title='IMG-20251020-WA0001 (1) (1)' height=\"600\" width=\"841\"  itemprop=\"thumbnailUrl\" srcset=\"https:\/\/radiorevelacionfm.cl\/wp-content\/uploads\/2025\/10\/IMG-20251020-WA0001-1-1.jpg 841w, https:\/\/radiorevelacionfm.cl\/wp-content\/uploads\/2025\/10\/IMG-20251020-WA0001-1-1-300x214.jpg 300w, https:\/\/radiorevelacionfm.cl\/wp-content\/uploads\/2025\/10\/IMG-20251020-WA0001-1-1-768x548.jpg 768w, https:\/\/radiorevelacionfm.cl\/wp-content\/uploads\/2025\/10\/IMG-20251020-WA0001-1-1-260x185.jpg 260w, https:\/\/radiorevelacionfm.cl\/wp-content\/uploads\/2025\/10\/IMG-20251020-WA0001-1-1-705x503.jpg 705w, https:\/\/radiorevelacionfm.cl\/wp-content\/uploads\/2025\/10\/IMG-20251020-WA0001-1-1-450x321.jpg 450w, https:\/\/radiorevelacionfm.cl\/wp-content\/uploads\/2025\/10\/IMG-20251020-WA0001-1-1-600x428.jpg 600w\" sizes=\"(max-width: 841px) 100vw, 841px\" \/><\/div><\/div><\/div><\/div><div class=\"flex_column av_one_full  flex_column_div av-zero-column-padding first  avia-builder-el-2  el_after_av_one_full  el_before_av_one_full  column-top-margin\" style='border-radius:0px; '><section class=\"av_textblock_section \"  itemscope=\"itemscope\" itemtype=\"https:\/\/schema.org\/BlogPosting\" itemprop=\"blogPost\" ><div class='avia_textblock  '   itemprop=\"text\" ><p style=\"text-align: center;\"><strong><span style=\"font-size: 18pt;\">Destacan avance del proyecto de mejoramiento t\u00e9rmico en la Escuela Jos\u00e9 Miguel Carrera de Lago Verde<\/span><\/strong><\/p>\n<div id=\"gtx-trans\" style=\"position: absolute; left: -50px; top: 4.31534px;\">\n<div class=\"gtx-trans-icon\"><\/div>\n<\/div>\n<\/div><\/section><\/div><div class=\"flex_column av_one_full  flex_column_div av-zero-column-padding first  avia-builder-el-4  el_after_av_one_full  el_before_av_hr  column-top-margin\" style='border-radius:0px; '><section class=\"av_textblock_section \"  itemscope=\"itemscope\" itemtype=\"https:\/\/schema.org\/BlogPosting\" itemprop=\"blogPost\" ><div class='avia_textblock  '   itemprop=\"text\" ><p style=\"text-align: justify;\">La seremi de Educaci\u00f3n, Katherine Miqueles, junto a la alcaldesa de Lago Verde, Claudia Vald\u00e9s, visitaron la Escuela Jos\u00e9 Miguel Carrera para conocer en terreno los avances del proyecto de mejoramiento de la envolvente t\u00e9rmica del establecimiento, iniciativa que beneficiar\u00e1 directamente a la comunidad educativa del recinto dependiente del Servicio Local de Educaci\u00f3n P\u00fablica Ays\u00e9n.<\/p>\n<p style=\"text-align: justify;\">El proyecto, actualmente en proceso de firma del contrato de ejecuci\u00f3n de obras, considera una inversi\u00f3n de $419.068.586, financiada por la Direcci\u00f3n de Educaci\u00f3n P\u00fablica (DEP) y ejecutada por la Municipalidad de Lago Verde. Se estima que la entrega de terreno se realice en las pr\u00f3ximas semanas, dando inicio formal a los trabajos.<\/p>\n<p style=\"text-align: justify;\">La intervenci\u00f3n contempla el mejoramiento t\u00e9rmico de 1.437 metros cuadrados, abarcando las \u00e1reas de aulas, patios, comedor, biblioteca, servicios higi\u00e9nicos y el \u00e1rea administrativa. Entre las principales partidas se incluyen la reposici\u00f3n de las ventanas existentes por termo panel de PVC, la incorporaci\u00f3n de aislaci\u00f3n t\u00e9rmica en cielos y muros, y la renovaci\u00f3n del sistema de calefacci\u00f3n central, que considera nuevas calderas y red de distribuci\u00f3n.<\/p>\n<p style=\"text-align: justify;\">Estas obras permitir\u00e1n optimizar las condiciones t\u00e9rmicas del establecimiento, asegurando mayor confort y eficiencia energ\u00e9tica para estudiantes, docentes y asistentes de la educaci\u00f3n, especialmente en una comuna caracterizada por su riguroso clima cordillerano. As\u00ed lo destac\u00f3 la titular de Educaci\u00f3n en la regi\u00f3n Katherine Miqueles.<\/p>\n<p style=\"text-align: justify;\">\u201cEste proyecto es una muestra del compromiso del Ministerio de Educaci\u00f3n y del Servicio Local de Educaci\u00f3n P\u00fablica Ays\u00e9n con las comunidades rurales. Queremos que nuestras ni\u00f1as y ni\u00f1os aprendan en espacios dignos, abrigados y con condiciones adecuadas para su desarrollo integral. Destacamos la colaboraci\u00f3n permanente de la Municipalidad de Lago Verde, con su alcaldesa Claudia Vald\u00e9s que hoy nos acompa\u00f1a en la visita a la Escuela. Este es un proyecto de infraestructura que entregar\u00e1 mayor confort a los estudiantes para que desarrollen su proceso de ense\u00f1anza y aprendizaje, gracias a una inversi\u00f3n del Ministerio de Educaci\u00f3n que supera a los 400 millones de pesos, iniciativa que considera envolvente t\u00e9rmico, cambio de cubierta y ventanas. Esperamos que tambi\u00e9n esto contribuya al mejoramiento de la asistencia escolar que es una de las preocupaciones que tenemos como Ministerio de Educaci\u00f3n\u201d, se\u00f1al\u00f3 la autoridad sectorial regional.<\/p>\n<p style=\"text-align: justify;\">Por su parte, la alcaldesa de Lago Verde, Claudia Vald\u00e9s, destac\u00f3 el trabajo conjunto que ha hecho posible esta inversi\u00f3n:<\/p>\n<p style=\"text-align: justify;\">\u201cEsta iniciativa es muy importante para nosotros como municipalidad esta iniciativa y podemos informar a la comunidad que ya estamos en la etapa de adjudicaci\u00f3n de obra y firma de contrato para el inicio de obras de mejoramiento de infraestructura de infraestructura de la Escuela Jos\u00e9 Miguel Carrera. Adem\u00e1s, destacamos la labor de nuestra Oficina Local de la Ni\u00f1ez que viene trabajando en distintas mesas junto al equipo directivo de la escuela para un trabajo con las familias de nuestros estudiantes, acercando as\u00ed el municipio con sus equipos t\u00e9cnicos en colaboraci\u00f3n con los establecimientos educacionales de la comuna\u201d.<\/p>\n<p style=\"text-align: justify;\">Con esta visita, las autoridades reafirmaron su compromiso de seguir impulsando proyectos que fortalezcan la infraestructura educativa en la Regi\u00f3n de Ays\u00e9n, priorizando establecimientos rurales y de alta complejidad clim\u00e1tica.<\/p>\n<\/div><\/section><\/div><div  style='height:50px' class='hr hr-invisible   avia-builder-el-6  el_after_av_one_full  el_before_av_social_share '><span class='hr-inner ' ><span class='hr-inner-style'><\/span><\/span><\/div><\/p>\n<div  class='av-social-sharing-box  avia-builder-el-7  el_after_av_hr  el_before_av_hr  '><div class='av-share-box'><h5 class='av-share-link-description av-no-toc '>Compartir esta noticia<\/h5><ul class='av-share-box-list noLightbox'><li class='av-share-link av-social-link-facebook' ><a target=\"_blank\" aria-label=\"Compartir en Facebook\" href='https:\/\/www.facebook.com\/sharer.php?u=https:\/\/radiorevelacionfm.cl\/?p=60503&#038;t=Destacan%20avance%20del%20proyecto%20de%20mejoramiento%20t%C3%A9rmico%20en%20la%20Escuela%20Jos%C3%A9%20Miguel%20Carrera%20de%20Lago%20Verde' aria-hidden='false' data-av_icon='\ue8f3' data-av_iconfont='entypo-fontello' title='' data-avia-related-tooltip='Compartir en Facebook' rel=\"noopener\"><span class='avia_hidden_link_text'>Compartir en Facebook<\/span><\/a><\/li><li class='av-share-link av-social-link-twitter' ><a target=\"_blank\" aria-label=\"Compartir en Twitter\" href='https:\/\/twitter.com\/share?text=Destacan%20avance%20del%20proyecto%20de%20mejoramiento%20t%C3%A9rmico%20en%20la%20Escuela%20Jos%C3%A9%20Miguel%20Carrera%20de%20Lago%20Verde&#038;url=https:\/\/radiorevelacionfm.cl\/?p=60503' aria-hidden='false' data-av_icon='\ue8f1' data-av_iconfont='entypo-fontello' title='' data-avia-related-tooltip='Compartir en Twitter' rel=\"noopener\"><span class='avia_hidden_link_text'>Compartir en Twitter<\/span><\/a><\/li><li class='av-share-link av-social-link-whatsapp' ><a target=\"_blank\" aria-label=\"Compartir en Whatsapp\" href='https:\/\/api.whatsapp.com\/send?text=https:\/\/radiorevelacionfm.cl\/?p=60503' aria-hidden='false' data-av_icon='\uf232' data-av_iconfont='entypo-fontello' title='' data-avia-related-tooltip='Compartir en Whatsapp' rel=\"noopener\"><span class='avia_hidden_link_text'>Compartir en Whatsapp<\/span><\/a><\/li><li class='av-share-link av-social-link-linkedin' ><a target=\"_blank\" aria-label=\"Compartir en LinkedIn\" href='https:\/\/linkedin.com\/shareArticle?mini=true&#038;title=Destacan%20avance%20del%20proyecto%20de%20mejoramiento%20t%C3%A9rmico%20en%20la%20Escuela%20Jos%C3%A9%20Miguel%20Carrera%20de%20Lago%20Verde&#038;url=https:\/\/radiorevelacionfm.cl\/?p=60503' aria-hidden='false' data-av_icon='\ue8fc' data-av_iconfont='entypo-fontello' title='' data-avia-related-tooltip='Compartir en LinkedIn' rel=\"noopener\"><span class='avia_hidden_link_text'>Compartir en LinkedIn<\/span><\/a><\/li><li class='av-share-link av-social-link-mail' ><a  aria-label=\"Compartir por correo\" href='mailto:?subject=Destacan%20avance%20del%20proyecto%20de%20mejoramiento%20t%C3%A9rmico%20en%20la%20Escuela%20Jos%C3%A9%20Miguel%20Carrera%20de%20Lago%20Verde&#038;body=https:\/\/radiorevelacionfm.cl\/?p=60503' aria-hidden='false' data-av_icon='\ue805' data-av_iconfont='entypo-fontello' title='' data-avia-related-tooltip='Compartir por correo'><span class='avia_hidden_link_text'>Compartir por correo<\/span><\/a><\/li><\/ul><\/div><\/div>\n<div  style='height:50px' class='hr hr-invisible   avia-builder-el-8  el_after_av_social_share  el_before_av_comments_list '><span class='hr-inner ' ><span class='hr-inner-style'><\/span><\/span><\/div>\n<div  class='av-buildercomment  av-blog-meta-html-info-disabled av-blog-meta-tag-disabled  '><\/div>\n","protected":false},"excerpt":{"rendered":"","protected":false},"author":1,"featured_media":60504,"comment_status":"closed","ping_status":"closed","sticky":false,"template":"","format":"standard","meta":{"footnotes":""},"categories":[49],"tags":[],"class_list":["post-60503","post","type-post","status-publish","format-standard","has-post-thumbnail","hentry","category-educacion"],"jetpack_featured_media_url":"https:\/\/radiorevelacionfm.cl\/wp-content\/uploads\/2025\/10\/IMG-20251020-WA0001-1-1.jpg","_links":{"self":[{"href":"https:\/\/radiorevelacionfm.cl\/index.php?rest_route=\/wp\/v2\/posts\/60503","targetHints":{"allow":["GET"]}}],"collection":[{"href":"https:\/\/radiorevelacionfm.cl\/index.php?rest_route=\/wp\/v2\/posts"}],"about":[{"href":"https:\/\/radiorevelacionfm.cl\/index.php?rest_route=\/wp\/v2\/types\/post"}],"author":[{"embeddable":true,"href":"https:\/\/radiorevelacionfm.cl\/index.php?rest_route=\/wp\/v2\/users\/1"}],"replies":[{"embeddable":true,"href":"https:\/\/radiorevelacionfm.cl\/index.php?rest_route=%2Fwp%2Fv2%2Fcomments&post=60503"}],"version-history":[{"count":2,"href":"https:\/\/radiorevelacionfm.cl\/index.php?rest_route=\/wp\/v2\/posts\/60503\/revisions"}],"predecessor-version":[{"id":60506,"href":"https:\/\/radiorevelacionfm.cl\/index.php?rest_route=\/wp\/v2\/posts\/60503\/revisions\/60506"}],"wp:featuredmedia":[{"embeddable":true,"href":"https:\/\/radiorevelacionfm.cl\/index.php?rest_route=\/wp\/v2\/media\/60504"}],"wp:attachment":[{"href":"https:\/\/radiorevelacionfm.cl\/index.php?rest_route=%2Fwp%2Fv2%2Fmedia&parent=60503"}],"wp:term":[{"taxonomy":"category","embeddable":true,"href":"https:\/\/radiorevelacionfm.cl\/index.php?rest_route=%2Fwp%2Fv2%2Fcategories&post=60503"},{"taxonomy":"post_tag","embeddable":true,"href":"https:\/\/radiorevelacionfm.cl\/index.php?rest_route=%2Fwp%2Fv2%2Ftags&post=60503"}],"curies":[{"name":"wp","href":"https:\/\/api.w.org\/{rel}","templated":true}]}}