{"id":60499,"date":"2025-10-20T10:22:10","date_gmt":"2025-10-20T13:22:10","guid":{"rendered":"https:\/\/radiorevelacionfm.cl\/?p=60499"},"modified":"2025-10-20T10:22:10","modified_gmt":"2025-10-20T13:22:10","slug":"inauguran-reposicion-del-sistema-de-calefaccion-central-en-cdp-de-puerto-aysen","status":"publish","type":"post","link":"https:\/\/radiorevelacionfm.cl\/?p=60499","title":{"rendered":"Inauguran reposici\u00f3n del sistema de calefacci\u00f3n central en CDP de Puerto Ays\u00e9n"},"content":{"rendered":"<div class=\"flex_column av_one_full  flex_column_div av-zero-column-padding first  avia-builder-el-0  el_before_av_one_full  avia-builder-el-first  \" style='border-radius:0px; '><div  class='avia-image-container  av-styling-    avia-builder-el-1  avia-builder-el-no-sibling  avia-align-center '  itemprop=\"image\" itemscope=\"itemscope\" itemtype=\"https:\/\/schema.org\/ImageObject\"  ><div class='avia-image-container-inner'><div class='avia-image-overlay-wrap'><img decoding=\"async\" class='wp-image-60500 avia-img-lazy-loading-not-60500 avia_image' src=\"https:\/\/radiorevelacionfm.cl\/wp-content\/uploads\/2025\/10\/calefaccion-3-1-1-1.jpg\" alt='' title='calefacci\u00f3n 3 (1) (1) (1)' height=\"600\" width=\"900\"  itemprop=\"thumbnailUrl\" srcset=\"https:\/\/radiorevelacionfm.cl\/wp-content\/uploads\/2025\/10\/calefaccion-3-1-1-1.jpg 900w, https:\/\/radiorevelacionfm.cl\/wp-content\/uploads\/2025\/10\/calefaccion-3-1-1-1-300x200.jpg 300w, https:\/\/radiorevelacionfm.cl\/wp-content\/uploads\/2025\/10\/calefaccion-3-1-1-1-768x512.jpg 768w, https:\/\/radiorevelacionfm.cl\/wp-content\/uploads\/2025\/10\/calefaccion-3-1-1-1-705x470.jpg 705w, https:\/\/radiorevelacionfm.cl\/wp-content\/uploads\/2025\/10\/calefaccion-3-1-1-1-450x300.jpg 450w, https:\/\/radiorevelacionfm.cl\/wp-content\/uploads\/2025\/10\/calefaccion-3-1-1-1-600x400.jpg 600w\" sizes=\"(max-width: 900px) 100vw, 900px\" \/><\/div><\/div><\/div><\/div><div class=\"flex_column av_one_full  flex_column_div av-zero-column-padding first  avia-builder-el-2  el_after_av_one_full  el_before_av_one_full  column-top-margin\" style='border-radius:0px; '><section class=\"av_textblock_section \"  itemscope=\"itemscope\" itemtype=\"https:\/\/schema.org\/BlogPosting\" itemprop=\"blogPost\" ><div class='avia_textblock  '   itemprop=\"text\" ><p style=\"text-align: center;\"><strong><span style=\"font-size: 18pt;\">Inauguran reposici\u00f3n del sistema de calefacci\u00f3n central en CDP de Puerto Ays\u00e9n<\/span><\/strong><\/p>\n<div id=\"gtx-trans\" style=\"position: absolute; left: -50px; top: 4.31534px;\">\n<div class=\"gtx-trans-icon\"><\/div>\n<\/div>\n<\/div><\/section><\/div><div class=\"flex_column av_one_full  flex_column_div av-zero-column-padding first  avia-builder-el-4  el_after_av_one_full  el_before_av_hr  column-top-margin\" style='border-radius:0px; '><section class=\"av_textblock_section \"  itemscope=\"itemscope\" itemtype=\"https:\/\/schema.org\/BlogPosting\" itemprop=\"blogPost\" ><div class='avia_textblock  '   itemprop=\"text\" ><p style=\"text-align: justify;\">Recientemente se llev\u00f3 a cabo la inauguraci\u00f3n de la reposici\u00f3n del sistema de calefacci\u00f3n central del Centro de Detenci\u00f3n Preventiva de Puerto Ays\u00e9n, infraestructura que viene a suplir una importante necesidad entregando dignidad y mejores condiciones de habitabilidad para las personas privadas de libertad y funcionarios que habitan este recinto penitenciario.<\/p>\n<p style=\"text-align: justify;\">Cabe mencionar que la actividad estuvo encabezada por el seremi de Justicia y Derechos Humanos Samuel Navarro Castro, el Defensor Regional Jorge Moraga Torres, el director regional (s) de Gendarmer\u00eda de Chile coronel Mario Ben\u00edtez Cofr\u00e9, el jefe regional del Instituto Nacional de Derechos Humanos Joaqu\u00edn Bizama, adem\u00e1s de los concejales Luis Otth, Tatiana Villarroel y Basilio Becerra y del representante del delegado Presidencial provincial de Ays\u00e9n, Marcos Co\u00f1oecar.<\/p>\n<p style=\"text-align: justify;\">Respecto a la importancia de este hito, el Director Regional (s) de Gendarmer\u00eda de Chile, Coronel Mario Ben\u00edtez indic\u00f3 que \u201cla regi\u00f3n de Ays\u00e9n es una zona extrema y con clima bastante adverso, claramente el sistema de calefacci\u00f3n era muy necesario se requer\u00eda invertir en la renovaci\u00f3n de este sistema de calefacci\u00f3n se dispuso de una inversi\u00f3n de 120 millones de pesos lo que beneficia no solo a la poblaci\u00f3n penal que se encuentra en el recinto, sino tambi\u00e9n a nuestros funcionarios que tienen en su lugar de trabajo algo tan b\u00e1sico como la calefacci\u00f3n que es necesario ya que las c\u00e1rceles en si son recintos muy fr\u00edos, as\u00ed que estamos contentos porque Gendarmer\u00eda dispuso los recursos se ejecutaron de manera r\u00e1pida y eficiente y hoy d\u00eda cuenta la unidad con un sistema de calefacci\u00f3n moderno que permite adem\u00e1s generar ahorro de combustible, ya que el sistema sectoriza los horarios y las dependencias que necesitan calefacci\u00f3n, esperamos que este elemento vital para esta unidad penal se mantenga en buenas condiciones\u201d.<\/p>\n<p style=\"text-align: justify;\">Por su parte, el seremi de Justicia y Derechos Humanos, Samuel Navarro explic\u00f3 que \u201cse concret\u00f3 un proyecto bastante anhelado no solamente para mejorar las condiciones de habitabilidad de las personas privadas de libertad que est\u00e1n tanto en calidad de condenado como imputados en el centro penitenciario de Puerto Ays\u00e9n, sino que tambi\u00e9n para los funcionarios que all\u00ed prestan sus funciones por parte de Gendarmer\u00eda de Chile, en este sentido continuamos avanzando con lo que dice relaci\u00f3n con las mejoras de las unidades penitenciarias que est\u00e1n presentes en la regi\u00f3n, estamos ad portas de iniciar en estos d\u00edas el proyecto de conservaci\u00f3n de la unidad penitenciaria de Coyhaique y otras mejoras que hemos estado haciendo durante nuestro gobierno para avanzar en tener condiciones y habitabilidad de mejor calidad para las personas privadas de libertad, lo anterior sin renunciar a nuestro proyecto emblem\u00e1tico en ir avanzando en un nuevo centro penitenciario que tambi\u00e9n ha ido avanzado importantemente y algunas mejoras que tambi\u00e9n nos quedan pendientes de concretar en los espacios penitenciarios, as\u00ed como la labor que permanentemente estamos haciendo en esos centros de reclusi\u00f3n\u201d.<\/p>\n<p style=\"text-align: justify;\">En tanto, el defensor regional de Ays\u00e9n, Jorge Moraga Torres se\u00f1al\u00f3 que \u201cson instancias de la mayor relevancia sobre todo en estos tiempos donde la preocupaci\u00f3n por la seguridad p\u00fablica se ha tomado la primera importancia a nivel de la comunidad, dado que esa importancia no puede ir de la mano\u00a0 con perdernos o minimizar la relevancia que tiene y la condici\u00f3n irrenunciable y el trato digno que se le debe dar\u00e1 cada una de las personas que est\u00e1n en estos recintos carcelarios, podemos encerrar a mas y mas gente pero eso no puede en ning\u00fan caso ir de la mano con reducir los est\u00e1ndares m\u00ednimos de un trato humanitario, un trato digno, no solo porque son seres humanos los que estamos encerrando mas all\u00e1 de lo que puedan haber hecho sino que adem\u00e1s por razones de seguridad p\u00fablica, todas estas personas el d\u00eda de ma\u00f1ana van a salir y es importante que salgan igual o mejor que como entraron y no peor, m\u00e1s degradado y con rabia por haber sido tratado de manera inhumana mientras estuvieron cumpliendo una condena\u201d.<\/p>\n<p style=\"text-align: justify;\">Cabe mencionar que el proyecto contempl\u00f3 la\u00a0reposici\u00f3n completa del sistema anterior, incorporando\u00a0tres calderas murales de condensaci\u00f3n a gas licuado, de\u00a0alta eficiencia energ\u00e9tica\u00a0y un sistema de operaci\u00f3n modular que se espera garantice un funcionamiento continuo y seguro durante los meses de invierno, siempre y cuando la infraestructura sea cuidada, se instalaron\u00a073 radiadores, distribuidos en todos los recintos del establecimiento, de los cuales 58 son nuevos y 15 fueron reciclados, junto con\u00a0m\u00e1s de 700 metros lineales de tuber\u00edas\u00a0completamente aisladas con revestimiento t\u00e9rmico, lo que asegura un mejor rendimiento y una importante reducci\u00f3n del consumo energ\u00e9tico.<\/p>\n<p style=\"text-align: justify;\">Finalmente, se\u00f1alar que el nuevo sistema cumple plenamente con las normativas del\u00a0Ministerio de Salud y la Superintendencia de Electricidad y Combustibles, incorporando adem\u00e1s, un dise\u00f1o que prioriza la seguridad, la eficiencia y la habitabilidad tanto para los funcionarios como para la poblaci\u00f3n penal, lo que representa un avance concreto hacia la modernizaci\u00f3n de la infraestructura penitenciaria en la regi\u00f3n de Ays\u00e9n, mejorando significativamente las condiciones t\u00e9rmicas, el confort y la sostenibilidad de las instalaciones y se enmarca en un plan regional que se viene desarrollando desde el a\u00f1o 2021.<\/p>\n<\/div><\/section><\/div><div  style='height:50px' class='hr hr-invisible   avia-builder-el-6  el_after_av_one_full  el_before_av_social_share '><span class='hr-inner ' ><span class='hr-inner-style'><\/span><\/span><\/div><\/p>\n<div  class='av-social-sharing-box  avia-builder-el-7  el_after_av_hr  el_before_av_hr  '><div class='av-share-box'><h5 class='av-share-link-description av-no-toc '>Compartir esta noticia<\/h5><ul class='av-share-box-list noLightbox'><li class='av-share-link av-social-link-facebook' ><a target=\"_blank\" aria-label=\"Compartir en Facebook\" href='https:\/\/www.facebook.com\/sharer.php?u=https:\/\/radiorevelacionfm.cl\/?p=60499&#038;t=Inauguran%20reposici%C3%B3n%20del%20sistema%20de%20calefacci%C3%B3n%20central%20en%20CDP%20de%20Puerto%20Ays%C3%A9n' aria-hidden='false' data-av_icon='\ue8f3' data-av_iconfont='entypo-fontello' title='' data-avia-related-tooltip='Compartir en Facebook' rel=\"noopener\"><span class='avia_hidden_link_text'>Compartir en Facebook<\/span><\/a><\/li><li class='av-share-link av-social-link-twitter' ><a target=\"_blank\" aria-label=\"Compartir en Twitter\" href='https:\/\/twitter.com\/share?text=Inauguran%20reposici%C3%B3n%20del%20sistema%20de%20calefacci%C3%B3n%20central%20en%20CDP%20de%20Puerto%20Ays%C3%A9n&#038;url=https:\/\/radiorevelacionfm.cl\/?p=60499' aria-hidden='false' data-av_icon='\ue8f1' data-av_iconfont='entypo-fontello' title='' data-avia-related-tooltip='Compartir en Twitter' rel=\"noopener\"><span class='avia_hidden_link_text'>Compartir en Twitter<\/span><\/a><\/li><li class='av-share-link av-social-link-whatsapp' ><a target=\"_blank\" aria-label=\"Compartir en Whatsapp\" href='https:\/\/api.whatsapp.com\/send?text=https:\/\/radiorevelacionfm.cl\/?p=60499' aria-hidden='false' data-av_icon='\uf232' data-av_iconfont='entypo-fontello' title='' data-avia-related-tooltip='Compartir en Whatsapp' rel=\"noopener\"><span class='avia_hidden_link_text'>Compartir en Whatsapp<\/span><\/a><\/li><li class='av-share-link av-social-link-linkedin' ><a target=\"_blank\" aria-label=\"Compartir en LinkedIn\" href='https:\/\/linkedin.com\/shareArticle?mini=true&#038;title=Inauguran%20reposici%C3%B3n%20del%20sistema%20de%20calefacci%C3%B3n%20central%20en%20CDP%20de%20Puerto%20Ays%C3%A9n&#038;url=https:\/\/radiorevelacionfm.cl\/?p=60499' aria-hidden='false' data-av_icon='\ue8fc' data-av_iconfont='entypo-fontello' title='' data-avia-related-tooltip='Compartir en LinkedIn' rel=\"noopener\"><span class='avia_hidden_link_text'>Compartir en LinkedIn<\/span><\/a><\/li><li class='av-share-link av-social-link-mail' ><a  aria-label=\"Compartir por correo\" href='mailto:?subject=Inauguran%20reposici%C3%B3n%20del%20sistema%20de%20calefacci%C3%B3n%20central%20en%20CDP%20de%20Puerto%20Ays%C3%A9n&#038;body=https:\/\/radiorevelacionfm.cl\/?p=60499' aria-hidden='false' data-av_icon='\ue805' data-av_iconfont='entypo-fontello' title='' data-avia-related-tooltip='Compartir por correo'><span class='avia_hidden_link_text'>Compartir por correo<\/span><\/a><\/li><\/ul><\/div><\/div>\n<div  style='height:50px' class='hr hr-invisible   avia-builder-el-8  el_after_av_social_share  el_before_av_comments_list '><span class='hr-inner ' ><span class='hr-inner-style'><\/span><\/span><\/div>\n<div  class='av-buildercomment  av-blog-meta-html-info-disabled av-blog-meta-tag-disabled  '><\/div>\n","protected":false},"excerpt":{"rendered":"","protected":false},"author":1,"featured_media":60500,"comment_status":"closed","ping_status":"closed","sticky":false,"template":"","format":"standard","meta":{"footnotes":""},"categories":[55],"tags":[],"class_list":["post-60499","post","type-post","status-publish","format-standard","has-post-thumbnail","hentry","category-justicia"],"jetpack_featured_media_url":"https:\/\/radiorevelacionfm.cl\/wp-content\/uploads\/2025\/10\/calefaccion-3-1-1-1.jpg","_links":{"self":[{"href":"https:\/\/radiorevelacionfm.cl\/index.php?rest_route=\/wp\/v2\/posts\/60499","targetHints":{"allow":["GET"]}}],"collection":[{"href":"https:\/\/radiorevelacionfm.cl\/index.php?rest_route=\/wp\/v2\/posts"}],"about":[{"href":"https:\/\/radiorevelacionfm.cl\/index.php?rest_route=\/wp\/v2\/types\/post"}],"author":[{"embeddable":true,"href":"https:\/\/radiorevelacionfm.cl\/index.php?rest_route=\/wp\/v2\/users\/1"}],"replies":[{"embeddable":true,"href":"https:\/\/radiorevelacionfm.cl\/index.php?rest_route=%2Fwp%2Fv2%2Fcomments&post=60499"}],"version-history":[{"count":2,"href":"https:\/\/radiorevelacionfm.cl\/index.php?rest_route=\/wp\/v2\/posts\/60499\/revisions"}],"predecessor-version":[{"id":60502,"href":"https:\/\/radiorevelacionfm.cl\/index.php?rest_route=\/wp\/v2\/posts\/60499\/revisions\/60502"}],"wp:featuredmedia":[{"embeddable":true,"href":"https:\/\/radiorevelacionfm.cl\/index.php?rest_route=\/wp\/v2\/media\/60500"}],"wp:attachment":[{"href":"https:\/\/radiorevelacionfm.cl\/index.php?rest_route=%2Fwp%2Fv2%2Fmedia&parent=60499"}],"wp:term":[{"taxonomy":"category","embeddable":true,"href":"https:\/\/radiorevelacionfm.cl\/index.php?rest_route=%2Fwp%2Fv2%2Fcategories&post=60499"},{"taxonomy":"post_tag","embeddable":true,"href":"https:\/\/radiorevelacionfm.cl\/index.php?rest_route=%2Fwp%2Fv2%2Ftags&post=60499"}],"curies":[{"name":"wp","href":"https:\/\/api.w.org\/{rel}","templated":true}]}}