{"id":60492,"date":"2025-10-19T17:54:34","date_gmt":"2025-10-19T20:54:34","guid":{"rendered":"https:\/\/radiorevelacionfm.cl\/?p=60492"},"modified":"2025-10-19T17:54:34","modified_gmt":"2025-10-19T20:54:34","slug":"familias-de-amuyen-3-junto-a-autoridades-de-gobierno-y-municipio-visitan-avance-de-sus-casas-en-puerto-aysen","status":"publish","type":"post","link":"https:\/\/radiorevelacionfm.cl\/?p=60492","title":{"rendered":"Familias de \u201cAmuyen 3\u201d junto a autoridades de Gobierno y Municipio visitan avance de sus casas en Puerto Ays\u00e9n"},"content":{"rendered":"<div class=\"flex_column av_one_full  flex_column_div av-zero-column-padding first  avia-builder-el-0  el_before_av_one_full  avia-builder-el-first  \" style='border-radius:0px; '><div  class='avia-image-container  av-styling-    avia-builder-el-1  avia-builder-el-no-sibling  avia-align-center '  itemprop=\"image\" itemscope=\"itemscope\" itemtype=\"https:\/\/schema.org\/ImageObject\"  ><div class='avia-image-container-inner'><div class='avia-image-overlay-wrap'><img decoding=\"async\" class='wp-image-60493 avia-img-lazy-loading-not-60493 avia_image' src=\"https:\/\/radiorevelacionfm.cl\/wp-content\/uploads\/2025\/10\/visita-amuyen-1-1_optimized-1.jpg\" alt='' title='visita-amuyen-1-(1)_optimized (1)' height=\"600\" width=\"1067\"  itemprop=\"thumbnailUrl\" srcset=\"https:\/\/radiorevelacionfm.cl\/wp-content\/uploads\/2025\/10\/visita-amuyen-1-1_optimized-1.jpg 1067w, https:\/\/radiorevelacionfm.cl\/wp-content\/uploads\/2025\/10\/visita-amuyen-1-1_optimized-1-300x169.jpg 300w, https:\/\/radiorevelacionfm.cl\/wp-content\/uploads\/2025\/10\/visita-amuyen-1-1_optimized-1-1030x579.jpg 1030w, https:\/\/radiorevelacionfm.cl\/wp-content\/uploads\/2025\/10\/visita-amuyen-1-1_optimized-1-768x432.jpg 768w, https:\/\/radiorevelacionfm.cl\/wp-content\/uploads\/2025\/10\/visita-amuyen-1-1_optimized-1-705x396.jpg 705w, https:\/\/radiorevelacionfm.cl\/wp-content\/uploads\/2025\/10\/visita-amuyen-1-1_optimized-1-450x253.jpg 450w, https:\/\/radiorevelacionfm.cl\/wp-content\/uploads\/2025\/10\/visita-amuyen-1-1_optimized-1-600x337.jpg 600w\" sizes=\"(max-width: 1067px) 100vw, 1067px\" \/><\/div><\/div><\/div><\/div><div class=\"flex_column av_one_full  flex_column_div av-zero-column-padding first  avia-builder-el-2  el_after_av_one_full  el_before_av_one_full  column-top-margin\" style='border-radius:0px; '><section class=\"av_textblock_section \"  itemscope=\"itemscope\" itemtype=\"https:\/\/schema.org\/BlogPosting\" itemprop=\"blogPost\" ><div class='avia_textblock  '   itemprop=\"text\" ><p style=\"text-align: center;\"><strong><span style=\"font-size: 18pt;\">Familias de \u201cAmuyen 3\u201d junto a autoridades de Gobierno y Municipio visitan avance de sus casas en Puerto Ays\u00e9n<\/span><\/strong><\/p>\n<div id=\"gtx-trans\" style=\"position: absolute; left: -50px; top: 4.31534px;\">\n<div class=\"gtx-trans-icon\"><\/div>\n<\/div>\n<\/div><\/section><\/div><div class=\"flex_column av_one_full  flex_column_div av-zero-column-padding first  avia-builder-el-4  el_after_av_one_full  el_before_av_hr  column-top-margin\" style='border-radius:0px; '><section class=\"av_textblock_section \"  itemscope=\"itemscope\" itemtype=\"https:\/\/schema.org\/BlogPosting\" itemprop=\"blogPost\" ><div class='avia_textblock  '   itemprop=\"text\" ><p style=\"text-align: justify;\"><em>Un 35% de avance contemplas las obras, con varias viviendas ya construidas, como as\u00ed tambi\u00e9n, parte de la urbanizaci\u00f3n.<\/em><\/p>\n<p style=\"text-align: justify;\">Hasta calle Pangal llegaron las 57 familias del comit\u00e9 \u201cAmuyen 3\u201d, quienes divididas en grupo realizaron la visita correspondiente al 35% de avance de sus viviendas. Instancia en la que fueron acompa\u00f1adas por el delegado presidencial provincial de Ays\u00e9n Rodrigo Moreno, la seremi de vivienda y urbanismo Paulina Ruz, el alcalde Luis Mart\u00ednez y representantes de la entidad patrocinante Dalco.<\/p>\n<p style=\"text-align: justify;\">Sin duda, este es un momento emotivo y de alegr\u00eda para que han esperado por a\u00f1os cumplir el sue\u00f1o de la casa propia.<\/p>\n<p style=\"text-align: justify;\">\u201cEstamos muy contentos como gobierno de poder hacer esta visita y ver c\u00f3mo avanza esta construcci\u00f3n. Tuvimos la oportunidad de estar hace 6 meses atr\u00e1s viendo el inicio de obra y hoy d\u00eda ya con las casas casi ya listas, con los detalles ya casi terminados, as\u00ed que pronto llegar\u00e1 el momento de la entrega. Estamos muy felices de poder ver la sonrisa de las familias, quienes han podido visitar y conocer d\u00f3nde van a vivir a futuro junto a sus seres queridos. Felicitar a todas las partes que hacen posible que esto llegue al mejor de los resultados, a la Seremi, al Serviu, a todo el equipo de funcionarios p\u00fablicos que trabajaron para hacer posible esto. Pero ello no es posible si los comit\u00e9s no van a la par trabajando con lo con las distintas instituciones que se requiere como el Serviu y el Ministerio de Vivienda. Estos comit\u00e9s llevan un tiempo, tienen la paciencia y han podido ir trabajando en conjunto para llegar a los resultados que hoy podemos ver\u201d, manifest\u00f3 el delegado presidencial provincial de Ays\u00e9n, Rodrigo Moreno.<\/p>\n<p style=\"text-align: justify;\">La seremi de vivienda y urbanismo de la regi\u00f3n de Ays\u00e9n, Paulina Ruz, confirmaba que el avance de las obras alcanza un 35%. \u201cUn 35% avance en la obra, para 57 familias de la ciudad de Puerto Ays\u00e9n, un proyecto que nace en este gobierno y que se va a concretar pronto. La verdad es que para nosotros esto es muy satisfactorio, a la fecha gracias al plan de emergencia habitacional llevamos m\u00e1s de 1000 viviendas en ejecuci\u00f3n como algo hist\u00f3rico, pero tambi\u00e9n como un legado que garantiza el acceso a la vivienda de las familias. En el caso del comit\u00e9 Amuyen 3, comenzamos con ellos en el a\u00f1o 2022, logramos a trav\u00e9s del financiamiento ministerial adquirir el terreno de la se\u00f1ora Erica Barr\u00eda, que era la due\u00f1a, luego gracias a este proyecto logramos dejar un sustento que fue a aumentar el subsidio base para todos los proyectos de la regi\u00f3n de Ays\u00e9n y que este pudiera ser financiado. Iniciamos las obras, entregamos los certificados de subsidio en enero y ya vemos al d\u00eda de hoy c\u00f3mo est\u00e1 avanzando la urbanizaci\u00f3n y tambi\u00e9n la ejecuci\u00f3n de las viviendas\u201d.<\/p>\n<p style=\"text-align: justify;\">El alcalde de la comuna de Ays\u00e9n, Luis Mart\u00ednez, agradeci\u00f3 la invitaci\u00f3n de las familias a esta importante instancia y destac\u00f3 que, \u201cen 3 a\u00f1os van a tener su casa y son de primer nivel con revestimiento, con cierre perimetral. Esto es lo que se merece una persona cuando espera tanto tiempo. Hay otros comit\u00e9s que no tienen la misma suerte, pero este es un comit\u00e9 muy tranquilo, un comit\u00e9 que no tuvo que hacer grandes manifestaciones, pero es porque les toc\u00f3 diferente, porque ten\u00edan un apoyo diferente, un lugar diferente y un terreno que fue apto. As\u00ed que estoy muy feliz porque son vecinos nuestros que empiezan a ver este sue\u00f1o hecho realidad\u201d.<\/p>\n<p style=\"text-align: justify;\">Ximena Santana, presidenta comit\u00e9 \u201cAmuyen 3\u201d, se mostr\u00f3 feliz y emocionada al ver el avance de sus futuras casas, la materialidad, los distintos espacios y la urbanizaci\u00f3n. \u201cEs maravilloso ver las casas por dentro como est\u00e1n de bonitas, amplias, un sitio tambi\u00e9n amplio. No tengo palabras para agradecerle, por ejemplo, a la EP Dalco, ellos nos han guiado en todo, a la Seremi, yo no puedo dejar de no nombrarla porque este proyecto es de ella, o sea, si no hubiese sido por todo lo que se lo jug\u00f3 y luch\u00f3 por sacar adelante esto, este proyecto no estar\u00eda funcionando, no estar\u00edamos hoy en d\u00eda ac\u00e1 viendo nuestras casas\u201d.<\/p>\n<p style=\"text-align: justify;\">Desde el gobierno, el delegado presidencial provincial de Ays\u00e9n, Rodrigo Moreno, destac\u00f3 el buen trabajo logrado entre los organismos del estado y el comit\u00e9 \u201cAmuyen 3\u201d, lo que permiti\u00f3 avanzar y llegar hoy en d\u00eda a un importante porcentaje de avance en las obras de las 57 viviendas que considera el proyecto.<\/p>\n<\/div><\/section><\/div><div  style='height:50px' class='hr hr-invisible   avia-builder-el-6  el_after_av_one_full  el_before_av_social_share '><span class='hr-inner ' ><span class='hr-inner-style'><\/span><\/span><\/div><\/p>\n<div  class='av-social-sharing-box  avia-builder-el-7  el_after_av_hr  el_before_av_hr  '><div class='av-share-box'><h5 class='av-share-link-description av-no-toc '>Compartir esta noticia<\/h5><ul class='av-share-box-list noLightbox'><li class='av-share-link av-social-link-facebook' ><a target=\"_blank\" aria-label=\"Compartir en Facebook\" href='https:\/\/www.facebook.com\/sharer.php?u=https:\/\/radiorevelacionfm.cl\/?p=60492&#038;t=Familias%20de%20%E2%80%9CAmuyen%203%E2%80%9D%20junto%20a%20autoridades%20de%20Gobierno%20y%20Municipio%20visitan%20avance%20de%20sus%20casas%20en%20Puerto%20Ays%C3%A9n' aria-hidden='false' data-av_icon='\ue8f3' data-av_iconfont='entypo-fontello' title='' data-avia-related-tooltip='Compartir en Facebook' rel=\"noopener\"><span class='avia_hidden_link_text'>Compartir en Facebook<\/span><\/a><\/li><li class='av-share-link av-social-link-twitter' ><a target=\"_blank\" aria-label=\"Compartir en Twitter\" href='https:\/\/twitter.com\/share?text=Familias%20de%20%E2%80%9CAmuyen%203%E2%80%9D%20junto%20a%20autoridades%20de%20Gobierno%20y%20Municipio%20visitan%20avance%20de%20sus%20casas%20en%20Puerto%20Ays%C3%A9n&#038;url=https:\/\/radiorevelacionfm.cl\/?p=60492' aria-hidden='false' data-av_icon='\ue8f1' data-av_iconfont='entypo-fontello' title='' data-avia-related-tooltip='Compartir en Twitter' rel=\"noopener\"><span class='avia_hidden_link_text'>Compartir en Twitter<\/span><\/a><\/li><li class='av-share-link av-social-link-whatsapp' ><a target=\"_blank\" aria-label=\"Compartir en Whatsapp\" href='https:\/\/api.whatsapp.com\/send?text=https:\/\/radiorevelacionfm.cl\/?p=60492' aria-hidden='false' data-av_icon='\uf232' data-av_iconfont='entypo-fontello' title='' data-avia-related-tooltip='Compartir en Whatsapp' rel=\"noopener\"><span class='avia_hidden_link_text'>Compartir en Whatsapp<\/span><\/a><\/li><li class='av-share-link av-social-link-linkedin' ><a target=\"_blank\" aria-label=\"Compartir en LinkedIn\" href='https:\/\/linkedin.com\/shareArticle?mini=true&#038;title=Familias%20de%20%E2%80%9CAmuyen%203%E2%80%9D%20junto%20a%20autoridades%20de%20Gobierno%20y%20Municipio%20visitan%20avance%20de%20sus%20casas%20en%20Puerto%20Ays%C3%A9n&#038;url=https:\/\/radiorevelacionfm.cl\/?p=60492' aria-hidden='false' data-av_icon='\ue8fc' data-av_iconfont='entypo-fontello' title='' data-avia-related-tooltip='Compartir en LinkedIn' rel=\"noopener\"><span class='avia_hidden_link_text'>Compartir en LinkedIn<\/span><\/a><\/li><li class='av-share-link av-social-link-mail' ><a  aria-label=\"Compartir por correo\" href='mailto:?subject=Familias%20de%20%E2%80%9CAmuyen%203%E2%80%9D%20junto%20a%20autoridades%20de%20Gobierno%20y%20Municipio%20visitan%20avance%20de%20sus%20casas%20en%20Puerto%20Ays%C3%A9n&#038;body=https:\/\/radiorevelacionfm.cl\/?p=60492' aria-hidden='false' data-av_icon='\ue805' data-av_iconfont='entypo-fontello' title='' data-avia-related-tooltip='Compartir por correo'><span class='avia_hidden_link_text'>Compartir por correo<\/span><\/a><\/li><\/ul><\/div><\/div>\n<div  style='height:50px' class='hr hr-invisible   avia-builder-el-8  el_after_av_social_share  el_before_av_comments_list '><span class='hr-inner ' ><span class='hr-inner-style'><\/span><\/span><\/div>\n<div  class='av-buildercomment  av-blog-meta-html-info-disabled av-blog-meta-tag-disabled  '><\/div>\n","protected":false},"excerpt":{"rendered":"","protected":false},"author":1,"featured_media":60493,"comment_status":"closed","ping_status":"closed","sticky":false,"template":"","format":"standard","meta":{"footnotes":""},"categories":[38],"tags":[],"class_list":["post-60492","post","type-post","status-publish","format-standard","has-post-thumbnail","hentry","category-regional"],"jetpack_featured_media_url":"https:\/\/radiorevelacionfm.cl\/wp-content\/uploads\/2025\/10\/visita-amuyen-1-1_optimized-1.jpg","_links":{"self":[{"href":"https:\/\/radiorevelacionfm.cl\/index.php?rest_route=\/wp\/v2\/posts\/60492","targetHints":{"allow":["GET"]}}],"collection":[{"href":"https:\/\/radiorevelacionfm.cl\/index.php?rest_route=\/wp\/v2\/posts"}],"about":[{"href":"https:\/\/radiorevelacionfm.cl\/index.php?rest_route=\/wp\/v2\/types\/post"}],"author":[{"embeddable":true,"href":"https:\/\/radiorevelacionfm.cl\/index.php?rest_route=\/wp\/v2\/users\/1"}],"replies":[{"embeddable":true,"href":"https:\/\/radiorevelacionfm.cl\/index.php?rest_route=%2Fwp%2Fv2%2Fcomments&post=60492"}],"version-history":[{"count":2,"href":"https:\/\/radiorevelacionfm.cl\/index.php?rest_route=\/wp\/v2\/posts\/60492\/revisions"}],"predecessor-version":[{"id":60495,"href":"https:\/\/radiorevelacionfm.cl\/index.php?rest_route=\/wp\/v2\/posts\/60492\/revisions\/60495"}],"wp:featuredmedia":[{"embeddable":true,"href":"https:\/\/radiorevelacionfm.cl\/index.php?rest_route=\/wp\/v2\/media\/60493"}],"wp:attachment":[{"href":"https:\/\/radiorevelacionfm.cl\/index.php?rest_route=%2Fwp%2Fv2%2Fmedia&parent=60492"}],"wp:term":[{"taxonomy":"category","embeddable":true,"href":"https:\/\/radiorevelacionfm.cl\/index.php?rest_route=%2Fwp%2Fv2%2Fcategories&post=60492"},{"taxonomy":"post_tag","embeddable":true,"href":"https:\/\/radiorevelacionfm.cl\/index.php?rest_route=%2Fwp%2Fv2%2Ftags&post=60492"}],"curies":[{"name":"wp","href":"https:\/\/api.w.org\/{rel}","templated":true}]}}