{"id":6049,"date":"2021-07-08T11:17:04","date_gmt":"2021-07-08T14:17:04","guid":{"rendered":"https:\/\/radiorevelacionfm.cl\/?p=6049"},"modified":"2021-07-08T11:17:04","modified_gmt":"2021-07-08T14:17:04","slug":"despliegue-en-terreno-realizara-inspeccion-del-trabajo-la-proxima-semana-en-chile-chico","status":"publish","type":"post","link":"https:\/\/radiorevelacionfm.cl\/?p=6049","title":{"rendered":"Despliegue en terreno realizar\u00e1 Inspecci\u00f3n del Trabajo la pr\u00f3xima semana en Chile Chico"},"content":{"rendered":"<div class=\"flex_column av_one_full  flex_column_div av-zero-column-padding first  avia-builder-el-0  el_before_av_one_full  avia-builder-el-first  \" style='border-radius:0px; '><div  class='avia-image-container  av-styling-    avia-builder-el-1  avia-builder-el-no-sibling  avia-align-center '  itemprop=\"image\" itemscope=\"itemscope\" itemtype=\"https:\/\/schema.org\/ImageObject\"  ><div class='avia-image-container-inner'><div class='avia-image-overlay-wrap'><img decoding=\"async\" class='wp-image-6050 avia-img-lazy-loading-not-6050 avia_image' src=\"https:\/\/radiorevelacionfm.cl\/wp-content\/uploads\/2021\/07\/chilechico-1-1_optimized.jpg\" alt='' title='chilechico-(1)-(1)_optimized' height=\"600\" width=\"961\"  itemprop=\"thumbnailUrl\" srcset=\"https:\/\/radiorevelacionfm.cl\/wp-content\/uploads\/2021\/07\/chilechico-1-1_optimized.jpg 961w, https:\/\/radiorevelacionfm.cl\/wp-content\/uploads\/2021\/07\/chilechico-1-1_optimized-300x187.jpg 300w, https:\/\/radiorevelacionfm.cl\/wp-content\/uploads\/2021\/07\/chilechico-1-1_optimized-768x480.jpg 768w, https:\/\/radiorevelacionfm.cl\/wp-content\/uploads\/2021\/07\/chilechico-1-1_optimized-705x440.jpg 705w, https:\/\/radiorevelacionfm.cl\/wp-content\/uploads\/2021\/07\/chilechico-1-1_optimized-600x375.jpg 600w\" sizes=\"(max-width: 961px) 100vw, 961px\" \/><\/div><\/div><\/div><\/div>\n<div class=\"flex_column av_one_full  flex_column_div av-zero-column-padding first  avia-builder-el-2  el_after_av_one_full  el_before_av_one_full  column-top-margin\" style='border-radius:0px; '><section class=\"av_textblock_section \"  itemscope=\"itemscope\" itemtype=\"https:\/\/schema.org\/BlogPosting\" itemprop=\"blogPost\" ><div class='avia_textblock  '   itemprop=\"text\" ><p style=\"text-align: center;\"><strong><span style=\"font-size: 18pt;\">Despliegue en terreno realizar\u00e1 Inspecci\u00f3n del Trabajo la pr\u00f3xima semana en Chile Chico<\/span><\/strong><\/p>\n<div id=\"gtx-trans\" style=\"position: absolute; left: -50px; top: 4.31534px;\">\n<div class=\"gtx-trans-icon\"><\/div>\n<\/div>\n<\/div><\/section><\/div><div class=\"flex_column av_one_full  flex_column_div av-zero-column-padding first  avia-builder-el-4  el_after_av_one_full  el_before_av_hr  column-top-margin\" style='border-radius:0px; '><section class=\"av_textblock_section \"  itemscope=\"itemscope\" itemtype=\"https:\/\/schema.org\/BlogPosting\" itemprop=\"blogPost\" ><div class='avia_textblock  '   itemprop=\"text\" ><p class=\"v1MsoNormal\" style=\"text-align: justify;\"><span lang=\"ES\">Los d\u00edas martes 13 y mi\u00e9rcoles 14 estar\u00e1 atendiendo la Inspecci\u00f3n del Trabajo en la comuna de Chile Chico, espec\u00edficamente en la oficina intermitente que posee la instituci\u00f3n en la ciudad del sol, ubicada en Ram\u00f3n Freire n\u00b080, de 9:00 a 14:00 hrs.<\/span><\/p>\n<p class=\"v1MsoNormal\" style=\"text-align: justify;\">La Gobernadora de la Provincia de General Carrera, Vanessa V\u00e1squez, se refiri\u00f3 a este cometido, \u00ab<span lang=\"ES\">M\u00e1s all\u00e1 de evitar cualquier tipo de cuestionamiento hacia el alcalde, en cuanto a las desvinculaciones desde que asumi\u00f3, como Gobierno manifestamos una preocupaci\u00f3n con respecto a la p\u00e9rdida de fuentes de empleo en Chile Chico, lo que genera un impacto importante en m\u00e1s de 100 familias, desde un punto de vista social y econ\u00f3mico. Es por ello que, con la finalidad de darle una peque\u00f1a tranquilidad y orientaci\u00f3n a las familias, es que a trav\u00e9s de gestiones realizadas desde la gobernaci\u00f3n y, agradeciendo la buena recepci\u00f3n tanto de la Seremi del Trabajo y Previsi\u00f3n Social como de la Direcci\u00f3n del Trabajo, es que la otra semana, la Inspecci\u00f3n del Trabajo estar\u00e1 realizando un apoyo y asesor\u00eda directa a todas aquellas personas que necesiten de su cooperaci\u00f3n. No tan s\u00f3lo a quienes perdieron su trabajo recientemente, sino que asesor\u00eda a todos los trabajadores que as\u00ed lo requieran en Chile Chico. Agradecemos que la instituci\u00f3n viaje y se acerque a nuestra comunidad, en terreno\u00bb, afirm\u00f3.<\/span><\/p>\n<p class=\"v1MsoNormal\" style=\"text-align: justify;\"><span lang=\"ES\">Por su parte, la Seremi Andrea Ponce, de Trabajo y Previsi\u00f3n Social, hizo un llamado a todos los trabajadores a concurrir a la atenci\u00f3n en terreno de los funcionarios de la Inspecci\u00f3n del Trabajo, resguardando las medidas sanitarias: \u00abComo funcionarios p\u00fablicos, debemos estar cerca de nuestros usuarios y es as\u00ed como agradecemos la atenci\u00f3n que realizar\u00e1n la pr\u00f3xima semana en Chile Chico los funcionarios de la Inspecci\u00f3n del Trabajo, el apoyo y coordinaci\u00f3n de la Gobernaci\u00f3n y de la Gobernadora Vanessa V\u00e1squez, haciendo un llamado a todos los trabajadores y trabajadoras que necesiten una orientaci\u00f3n o realizar tr\u00e1mites, a aprovechar esta oportunidad y acudir a la oficina intermitente de la Direcci\u00f3n del Trabajo. Junto con ello, quisiera solicitarles tambi\u00e9n que asistan cumpliendo con todas las medidas exigidas por la autoridad sanitaria: uso de mascarilla, distanciamiento f\u00edsico y lavado frecuente de manos o uso de alcohol gel, para resguardar as\u00ed su salud y la de nuestros funcionarios\u00bb, mencion\u00f3.<\/span><\/p>\n<p class=\"v1MsoNormal\" style=\"text-align: justify;\"><span lang=\"ES\">Sobre los tr\u00e1mites que se podr\u00e1n realizar, el Director(s) Regional del Trabajo, Christian Aros, coment\u00f3 \u00abLa pr\u00f3xima semana, a contar del d\u00eda martes, estaremos atendiendo en la oficina intermitente de la ciudad de Chile Chico, ubicada en Ram\u00f3n Freire n\u00b0 80, los d\u00edas martes, mi\u00e9rcoles para retornar el d\u00eda jueves. Los fiscalizadores atender\u00e1n todas las consultas, los tr\u00e1mites, las denuncias y los reclamos que los trabajadores pudieran tener durante este periodo en que no hemos podido visitar por causa de la emergencia sanitaria\u00bb, enfatiz\u00f3.\u00a0\u00a0<\/span><\/p>\n<\/div><\/section><\/div><\/p>\n<div  style='height:50px' class='hr hr-invisible   avia-builder-el-6  el_after_av_one_full  el_before_av_social_share '><span class='hr-inner ' ><span class='hr-inner-style'><\/span><\/span><\/div>\n<div  class='av-social-sharing-box  avia-builder-el-7  el_after_av_hr  el_before_av_hr  '><div class='av-share-box'><h5 class='av-share-link-description av-no-toc '>Compartir esta noticia<\/h5><ul class='av-share-box-list noLightbox'><li class='av-share-link av-social-link-facebook' ><a target=\"_blank\" aria-label=\"Compartir en Facebook\" href='https:\/\/www.facebook.com\/sharer.php?u=https:\/\/radiorevelacionfm.cl\/?p=6049&#038;t=Despliegue%20en%20terreno%20realizar%C3%A1%20Inspecci%C3%B3n%20del%20Trabajo%20la%20pr%C3%B3xima%20semana%20en%20Chile%20Chico' aria-hidden='false' data-av_icon='\ue8f3' data-av_iconfont='entypo-fontello' title='' data-avia-related-tooltip='Compartir en Facebook' rel=\"noopener\"><span class='avia_hidden_link_text'>Compartir en Facebook<\/span><\/a><\/li><li class='av-share-link av-social-link-twitter' ><a target=\"_blank\" aria-label=\"Compartir en Twitter\" href='https:\/\/twitter.com\/share?text=Despliegue%20en%20terreno%20realizar%C3%A1%20Inspecci%C3%B3n%20del%20Trabajo%20la%20pr%C3%B3xima%20semana%20en%20Chile%20Chico&#038;url=https:\/\/radiorevelacionfm.cl\/?p=6049' aria-hidden='false' data-av_icon='\ue8f1' data-av_iconfont='entypo-fontello' title='' data-avia-related-tooltip='Compartir en Twitter' rel=\"noopener\"><span class='avia_hidden_link_text'>Compartir en Twitter<\/span><\/a><\/li><li class='av-share-link av-social-link-whatsapp' ><a target=\"_blank\" aria-label=\"Compartir en Whatsapp\" href='https:\/\/api.whatsapp.com\/send?text=https:\/\/radiorevelacionfm.cl\/?p=6049' aria-hidden='false' data-av_icon='\uf232' data-av_iconfont='entypo-fontello' title='' data-avia-related-tooltip='Compartir en Whatsapp' rel=\"noopener\"><span class='avia_hidden_link_text'>Compartir en Whatsapp<\/span><\/a><\/li><li class='av-share-link av-social-link-linkedin' ><a target=\"_blank\" aria-label=\"Compartir en LinkedIn\" href='https:\/\/linkedin.com\/shareArticle?mini=true&#038;title=Despliegue%20en%20terreno%20realizar%C3%A1%20Inspecci%C3%B3n%20del%20Trabajo%20la%20pr%C3%B3xima%20semana%20en%20Chile%20Chico&#038;url=https:\/\/radiorevelacionfm.cl\/?p=6049' aria-hidden='false' data-av_icon='\ue8fc' data-av_iconfont='entypo-fontello' title='' data-avia-related-tooltip='Compartir en LinkedIn' rel=\"noopener\"><span class='avia_hidden_link_text'>Compartir en LinkedIn<\/span><\/a><\/li><li class='av-share-link av-social-link-mail' ><a  aria-label=\"Compartir por correo\" href='mailto:?subject=Despliegue%20en%20terreno%20realizar%C3%A1%20Inspecci%C3%B3n%20del%20Trabajo%20la%20pr%C3%B3xima%20semana%20en%20Chile%20Chico&#038;body=https:\/\/radiorevelacionfm.cl\/?p=6049' aria-hidden='false' data-av_icon='\ue805' data-av_iconfont='entypo-fontello' title='' data-avia-related-tooltip='Compartir por correo'><span class='avia_hidden_link_text'>Compartir por correo<\/span><\/a><\/li><\/ul><\/div><\/div>\n<div  style='height:50px' class='hr hr-invisible   avia-builder-el-8  el_after_av_social_share  el_before_av_comments_list '><span class='hr-inner ' ><span class='hr-inner-style'><\/span><\/span><\/div>\n<div  class='av-buildercomment  av-blog-meta-html-info-disabled av-blog-meta-tag-disabled  '><\/div>\n","protected":false},"excerpt":{"rendered":"","protected":false},"author":1,"featured_media":6050,"comment_status":"open","ping_status":"open","sticky":false,"template":"","format":"standard","meta":{"footnotes":""},"categories":[56],"tags":[],"class_list":["post-6049","post","type-post","status-publish","format-standard","has-post-thumbnail","hentry","category-trabajo"],"jetpack_featured_media_url":"https:\/\/radiorevelacionfm.cl\/wp-content\/uploads\/2021\/07\/chilechico-1-1_optimized.jpg","_links":{"self":[{"href":"https:\/\/radiorevelacionfm.cl\/index.php?rest_route=\/wp\/v2\/posts\/6049","targetHints":{"allow":["GET"]}}],"collection":[{"href":"https:\/\/radiorevelacionfm.cl\/index.php?rest_route=\/wp\/v2\/posts"}],"about":[{"href":"https:\/\/radiorevelacionfm.cl\/index.php?rest_route=\/wp\/v2\/types\/post"}],"author":[{"embeddable":true,"href":"https:\/\/radiorevelacionfm.cl\/index.php?rest_route=\/wp\/v2\/users\/1"}],"replies":[{"embeddable":true,"href":"https:\/\/radiorevelacionfm.cl\/index.php?rest_route=%2Fwp%2Fv2%2Fcomments&post=6049"}],"version-history":[{"count":2,"href":"https:\/\/radiorevelacionfm.cl\/index.php?rest_route=\/wp\/v2\/posts\/6049\/revisions"}],"predecessor-version":[{"id":6058,"href":"https:\/\/radiorevelacionfm.cl\/index.php?rest_route=\/wp\/v2\/posts\/6049\/revisions\/6058"}],"wp:featuredmedia":[{"embeddable":true,"href":"https:\/\/radiorevelacionfm.cl\/index.php?rest_route=\/wp\/v2\/media\/6050"}],"wp:attachment":[{"href":"https:\/\/radiorevelacionfm.cl\/index.php?rest_route=%2Fwp%2Fv2%2Fmedia&parent=6049"}],"wp:term":[{"taxonomy":"category","embeddable":true,"href":"https:\/\/radiorevelacionfm.cl\/index.php?rest_route=%2Fwp%2Fv2%2Fcategories&post=6049"},{"taxonomy":"post_tag","embeddable":true,"href":"https:\/\/radiorevelacionfm.cl\/index.php?rest_route=%2Fwp%2Fv2%2Ftags&post=6049"}],"curies":[{"name":"wp","href":"https:\/\/api.w.org\/{rel}","templated":true}]}}