{"id":60489,"date":"2025-10-19T17:23:48","date_gmt":"2025-10-19T20:23:48","guid":{"rendered":"https:\/\/radiorevelacionfm.cl\/?p=60489"},"modified":"2025-10-19T17:23:48","modified_gmt":"2025-10-19T20:23:48","slug":"columna-de-opinion-cuidarnos-entre-todos-el-valor-de-la-prevencion-y-la-salud-publica","status":"publish","type":"post","link":"https:\/\/radiorevelacionfm.cl\/?p=60489","title":{"rendered":"Columna de Opini\u00f3n| \u00abCuidarnos entre todos: el valor de la prevenci\u00f3n y la salud p\u00fablica\u00bb"},"content":{"rendered":"<div class=\"flex_column av_one_full  flex_column_div av-zero-column-padding first  avia-builder-el-0  el_before_av_one_full  avia-builder-el-first  \" style='border-radius:0px; '><div  class='avia-image-container  av-styling-    avia-builder-el-1  avia-builder-el-no-sibling  avia-align-center '  itemprop=\"image\" itemscope=\"itemscope\" itemtype=\"https:\/\/schema.org\/ImageObject\"  ><div class='avia-image-container-inner'><div class='avia-image-overlay-wrap'><img decoding=\"async\" class='wp-image-51176 avia-img-lazy-loading-not-51176 avia_image' src=\"https:\/\/radiorevelacionfm.cl\/wp-content\/uploads\/2025\/03\/voceria-1-1.jpg\" alt='' title='voceria (1) (1)' height=\"605\" width=\"803\"  itemprop=\"thumbnailUrl\" srcset=\"https:\/\/radiorevelacionfm.cl\/wp-content\/uploads\/2025\/03\/voceria-1-1.jpg 803w, https:\/\/radiorevelacionfm.cl\/wp-content\/uploads\/2025\/03\/voceria-1-1-300x226.jpg 300w, https:\/\/radiorevelacionfm.cl\/wp-content\/uploads\/2025\/03\/voceria-1-1-768x579.jpg 768w, https:\/\/radiorevelacionfm.cl\/wp-content\/uploads\/2025\/03\/voceria-1-1-705x531.jpg 705w, https:\/\/radiorevelacionfm.cl\/wp-content\/uploads\/2025\/03\/voceria-1-1-450x339.jpg 450w, https:\/\/radiorevelacionfm.cl\/wp-content\/uploads\/2025\/03\/voceria-1-1-600x452.jpg 600w\" sizes=\"(max-width: 803px) 100vw, 803px\" \/><\/div><\/div><\/div><\/div><div class=\"flex_column av_one_full  flex_column_div av-zero-column-padding first  avia-builder-el-2  el_after_av_one_full  el_before_av_one_full  column-top-margin\" style='border-radius:0px; '><section class=\"av_textblock_section \"  itemscope=\"itemscope\" itemtype=\"https:\/\/schema.org\/BlogPosting\" itemprop=\"blogPost\" ><div class='avia_textblock  '   itemprop=\"text\" ><p style=\"text-align: center;\"><span style=\"font-size: 18pt;\"><strong>Columna de Opini\u00f3n| \u00abCuidarnos entre todos: el valor de la prevenci\u00f3n y la salud p\u00fablica\u00bb<\/strong><\/span><\/p>\n<div id=\"gtx-trans\" style=\"position: absolute; left: -50px; top: 4.31534px;\">\n<div class=\"gtx-trans-icon\"><\/div>\n<\/div>\n<\/div><\/section><\/div><div class=\"flex_column av_one_full  flex_column_div av-zero-column-padding first  avia-builder-el-4  el_after_av_one_full  el_before_av_hr  column-top-margin\" style='border-radius:0px; '><section class=\"av_textblock_section \"  itemscope=\"itemscope\" itemtype=\"https:\/\/schema.org\/BlogPosting\" itemprop=\"blogPost\" ><div class='avia_textblock  '   itemprop=\"text\" ><p style=\"text-align: justify;\"><em>Por \u00darsula Mix Jim\u00e9nez, seremi de Gobierno de Ays\u00e9n<\/em><\/p>\n<p style=\"text-align: justify;\">La salud es un derecho fundamental, y en la regi\u00f3n de Ays\u00e9n hemos trabajado incansablemente para promover una cultura de prevenci\u00f3n y cuidado mutuo. Las campa\u00f1as de salud p\u00fablica que hemos impulsado durante los \u00faltimos meses son un claro reflejo de este compromiso, record\u00e1ndonos que la salud es una tarea que nos involucra a todos, desde el Estado hasta cada uno de los miembros de nuestra comunidad.<\/p>\n<p style=\"text-align: justify;\">Un claro ejemplo de esta labor es la campa\u00f1a del C\u00e1ncer de Mama, que no solo busca sensibilizar, sino tambi\u00e9n educar sobre la importancia del autoexamen y los controles preventivos. Es una invitaci\u00f3n a romper el silencio, a vencer los miedos y a tomar medidas concretas para la detecci\u00f3n temprana. En este \u00e1mbito, el rol del Estado es esencial, pues garantiza el acceso a la atenci\u00f3n m\u00e9dica y a los ex\u00e1menes necesarios, pero es la comunidad la que da el paso m\u00e1s importante: actuar y cuidarse mutuamente.<\/p>\n<p style=\"text-align: justify;\">En el mismo sentido, la campa\u00f1a de vacunaci\u00f3n demuestra que la prevenci\u00f3n es la herramienta m\u00e1s poderosa que poseemos. Ya sea contra cualquier enfermedad invernal como la influenza\u00a0 o cualquier otro virus, las vacunas nos protegen individualmente y, al mismo tiempo, fortalecen nuestra salud colectiva. Nos protegen a todos, especialmente a los grupos m\u00e1s vulnerables, como los adultos mayores, las personas con enfermedades cr\u00f3nicas y a los menores de edad. El Estado, con su planificaci\u00f3n y log\u00edstica, pone a disposici\u00f3n las vacunas, pero es la responsabilidad de cada ciudadano acudir a los centros de salud y completar sus esquemas de vacunaci\u00f3n.<\/p>\n<p style=\"text-align: justify;\">Con respecto a la salud mental, en el Gobierno del Presidente Gabriel Boric, los recientes esfuerzos en salud mental han sido cruciales. Nuestro gobierno ha tomado este tema como una bandera de lucha, porque sabemos que la salud no es s\u00f3lo la ausencia de enfermedades f\u00edsicas, sino un completo estado de bienestar. Por ello, es imperativo visibilizar las problem\u00e1ticas de salud mental y ofrecer espacios de apoyo y di\u00e1logo. El Gobierno ha puesto en marcha iniciativas y plataformas, pero es la solidaridad y empat\u00eda de nuestra comunidad las que permiten que quienes sufren en silencio puedan sentirse seguros para pedir ayuda. Tal como indica la campa\u00f1a que lanzamos la semana pasada: \u00ab\u201cEstigmatizar cierra puertas. Abramos la conversaci\u00f3n a la salud mental\u201d, el Ministerio de Salud busca instalar de manera concreta la conversaci\u00f3n sobre el tema.<\/p>\n<p style=\"text-align: justify;\">Desde el Gobierno, seguiremos garantizando que los recursos y las herramientas est\u00e9n disponibles para toda la comunidad. Pero la verdadera fuerza de la salud p\u00fablica radica en el compromiso de cada uno de nosotros: en el vecino que recuerda a otro su cita m\u00e9dica, en la familia que se preocupa por la salud mental de un ser querido, y en la comunidad que se organiza para informar. La prevenci\u00f3n no es una acci\u00f3n, sino un valor que construimos entre todos.<\/p>\n<\/div><\/section><\/div><div  style='height:50px' class='hr hr-invisible   avia-builder-el-6  el_after_av_one_full  el_before_av_social_share '><span class='hr-inner ' ><span class='hr-inner-style'><\/span><\/span><\/div><\/p>\n<div  class='av-social-sharing-box  avia-builder-el-7  el_after_av_hr  el_before_av_hr  '><div class='av-share-box'><h5 class='av-share-link-description av-no-toc '>Compartir esta noticia<\/h5><ul class='av-share-box-list noLightbox'><li class='av-share-link av-social-link-facebook' ><a target=\"_blank\" aria-label=\"Compartir en Facebook\" href='https:\/\/www.facebook.com\/sharer.php?u=https:\/\/radiorevelacionfm.cl\/?p=60489&#038;t=Columna%20de%20Opini%C3%B3n%7C%20%C2%ABCuidarnos%20entre%20todos%3A%20el%20valor%20de%20la%20prevenci%C3%B3n%20y%20la%20salud%20p%C3%BAblica%C2%BB' aria-hidden='false' data-av_icon='\ue8f3' data-av_iconfont='entypo-fontello' title='' data-avia-related-tooltip='Compartir en Facebook' rel=\"noopener\"><span class='avia_hidden_link_text'>Compartir en Facebook<\/span><\/a><\/li><li class='av-share-link av-social-link-twitter' ><a target=\"_blank\" aria-label=\"Compartir en Twitter\" href='https:\/\/twitter.com\/share?text=Columna%20de%20Opini%C3%B3n%7C%20%C2%ABCuidarnos%20entre%20todos%3A%20el%20valor%20de%20la%20prevenci%C3%B3n%20y%20la%20salud%20p%C3%BAblica%C2%BB&#038;url=https:\/\/radiorevelacionfm.cl\/?p=60489' aria-hidden='false' data-av_icon='\ue8f1' data-av_iconfont='entypo-fontello' title='' data-avia-related-tooltip='Compartir en Twitter' rel=\"noopener\"><span class='avia_hidden_link_text'>Compartir en Twitter<\/span><\/a><\/li><li class='av-share-link av-social-link-whatsapp' ><a target=\"_blank\" aria-label=\"Compartir en Whatsapp\" href='https:\/\/api.whatsapp.com\/send?text=https:\/\/radiorevelacionfm.cl\/?p=60489' aria-hidden='false' data-av_icon='\uf232' data-av_iconfont='entypo-fontello' title='' data-avia-related-tooltip='Compartir en Whatsapp' rel=\"noopener\"><span class='avia_hidden_link_text'>Compartir en Whatsapp<\/span><\/a><\/li><li class='av-share-link av-social-link-linkedin' ><a target=\"_blank\" aria-label=\"Compartir en LinkedIn\" href='https:\/\/linkedin.com\/shareArticle?mini=true&#038;title=Columna%20de%20Opini%C3%B3n%7C%20%C2%ABCuidarnos%20entre%20todos%3A%20el%20valor%20de%20la%20prevenci%C3%B3n%20y%20la%20salud%20p%C3%BAblica%C2%BB&#038;url=https:\/\/radiorevelacionfm.cl\/?p=60489' aria-hidden='false' data-av_icon='\ue8fc' data-av_iconfont='entypo-fontello' title='' data-avia-related-tooltip='Compartir en LinkedIn' rel=\"noopener\"><span class='avia_hidden_link_text'>Compartir en LinkedIn<\/span><\/a><\/li><li class='av-share-link av-social-link-mail' ><a  aria-label=\"Compartir por correo\" href='mailto:?subject=Columna%20de%20Opini%C3%B3n%7C%20%C2%ABCuidarnos%20entre%20todos%3A%20el%20valor%20de%20la%20prevenci%C3%B3n%20y%20la%20salud%20p%C3%BAblica%C2%BB&#038;body=https:\/\/radiorevelacionfm.cl\/?p=60489' aria-hidden='false' data-av_icon='\ue805' data-av_iconfont='entypo-fontello' title='' data-avia-related-tooltip='Compartir por correo'><span class='avia_hidden_link_text'>Compartir por correo<\/span><\/a><\/li><\/ul><\/div><\/div>\n<div  style='height:50px' class='hr hr-invisible   avia-builder-el-8  el_after_av_social_share  el_before_av_comments_list '><span class='hr-inner ' ><span class='hr-inner-style'><\/span><\/span><\/div>\n<div  class='av-buildercomment  av-blog-meta-html-info-disabled av-blog-meta-tag-disabled  '><\/div>\n","protected":false},"excerpt":{"rendered":"","protected":false},"author":1,"featured_media":51176,"comment_status":"closed","ping_status":"closed","sticky":false,"template":"","format":"standard","meta":{"footnotes":""},"categories":[50],"tags":[],"class_list":["post-60489","post","type-post","status-publish","format-standard","has-post-thumbnail","hentry","category-cartas-y-opinion"],"jetpack_featured_media_url":"https:\/\/radiorevelacionfm.cl\/wp-content\/uploads\/2025\/03\/voceria-1-1.jpg","_links":{"self":[{"href":"https:\/\/radiorevelacionfm.cl\/index.php?rest_route=\/wp\/v2\/posts\/60489","targetHints":{"allow":["GET"]}}],"collection":[{"href":"https:\/\/radiorevelacionfm.cl\/index.php?rest_route=\/wp\/v2\/posts"}],"about":[{"href":"https:\/\/radiorevelacionfm.cl\/index.php?rest_route=\/wp\/v2\/types\/post"}],"author":[{"embeddable":true,"href":"https:\/\/radiorevelacionfm.cl\/index.php?rest_route=\/wp\/v2\/users\/1"}],"replies":[{"embeddable":true,"href":"https:\/\/radiorevelacionfm.cl\/index.php?rest_route=%2Fwp%2Fv2%2Fcomments&post=60489"}],"version-history":[{"count":2,"href":"https:\/\/radiorevelacionfm.cl\/index.php?rest_route=\/wp\/v2\/posts\/60489\/revisions"}],"predecessor-version":[{"id":60491,"href":"https:\/\/radiorevelacionfm.cl\/index.php?rest_route=\/wp\/v2\/posts\/60489\/revisions\/60491"}],"wp:featuredmedia":[{"embeddable":true,"href":"https:\/\/radiorevelacionfm.cl\/index.php?rest_route=\/wp\/v2\/media\/51176"}],"wp:attachment":[{"href":"https:\/\/radiorevelacionfm.cl\/index.php?rest_route=%2Fwp%2Fv2%2Fmedia&parent=60489"}],"wp:term":[{"taxonomy":"category","embeddable":true,"href":"https:\/\/radiorevelacionfm.cl\/index.php?rest_route=%2Fwp%2Fv2%2Fcategories&post=60489"},{"taxonomy":"post_tag","embeddable":true,"href":"https:\/\/radiorevelacionfm.cl\/index.php?rest_route=%2Fwp%2Fv2%2Ftags&post=60489"}],"curies":[{"name":"wp","href":"https:\/\/api.w.org\/{rel}","templated":true}]}}