{"id":60486,"date":"2025-10-19T15:31:38","date_gmt":"2025-10-19T18:31:38","guid":{"rendered":"https:\/\/radiorevelacionfm.cl\/?p=60486"},"modified":"2025-10-19T15:31:38","modified_gmt":"2025-10-19T18:31:38","slug":"juzgado-de-garantia-de-puerto-aysen-decreta-la-prision-preventiva-de-imputado-por-homicidio-y-ultraje-de-cadaver","status":"publish","type":"post","link":"https:\/\/radiorevelacionfm.cl\/?p=60486","title":{"rendered":"Juzgado de Garant\u00eda de Puerto Ays\u00e9n decreta la prisi\u00f3n preventiva de imputado por homicidio y ultraje de cad\u00e1ver"},"content":{"rendered":"<div class=\"flex_column av_one_full  flex_column_div av-zero-column-padding first  avia-builder-el-0  el_before_av_one_full  avia-builder-el-first  \" style='border-radius:0px; '><div  class='avia-image-container  av-styling-    avia-builder-el-1  avia-builder-el-no-sibling  avia-align-center '  itemprop=\"image\" itemscope=\"itemscope\" itemtype=\"https:\/\/schema.org\/ImageObject\"  ><div class='avia-image-container-inner'><div class='avia-image-overlay-wrap'><img decoding=\"async\" class='wp-image-54190 avia-img-lazy-loading-not-54190 avia_image' src=\"https:\/\/radiorevelacionfm.cl\/wp-content\/uploads\/2025\/05\/juzgado-aysen-1_optimized-1.jpg\" alt='' title='juzgado-aysen-(1)_optimized (1)' height=\"600\" width=\"941\"  itemprop=\"thumbnailUrl\" srcset=\"https:\/\/radiorevelacionfm.cl\/wp-content\/uploads\/2025\/05\/juzgado-aysen-1_optimized-1.jpg 941w, https:\/\/radiorevelacionfm.cl\/wp-content\/uploads\/2025\/05\/juzgado-aysen-1_optimized-1-300x191.jpg 300w, https:\/\/radiorevelacionfm.cl\/wp-content\/uploads\/2025\/05\/juzgado-aysen-1_optimized-1-768x490.jpg 768w, https:\/\/radiorevelacionfm.cl\/wp-content\/uploads\/2025\/05\/juzgado-aysen-1_optimized-1-705x450.jpg 705w, https:\/\/radiorevelacionfm.cl\/wp-content\/uploads\/2025\/05\/juzgado-aysen-1_optimized-1-450x287.jpg 450w, https:\/\/radiorevelacionfm.cl\/wp-content\/uploads\/2025\/05\/juzgado-aysen-1_optimized-1-600x383.jpg 600w\" sizes=\"(max-width: 941px) 100vw, 941px\" \/><\/div><\/div><\/div><\/div><div class=\"flex_column av_one_full  flex_column_div av-zero-column-padding first  avia-builder-el-2  el_after_av_one_full  el_before_av_one_full  column-top-margin\" style='border-radius:0px; '><section class=\"av_textblock_section \"  itemscope=\"itemscope\" itemtype=\"https:\/\/schema.org\/BlogPosting\" itemprop=\"blogPost\" ><div class='avia_textblock  '   itemprop=\"text\" ><p style=\"text-align: center;\"><span style=\"font-size: 18pt;\"><b>Juzgado de Garant\u00eda de Puerto Ays\u00e9n decreta la prisi\u00f3n preventiva de imputado por homicidio y ultraje de cad\u00e1ver<\/b><\/span><\/p>\n<div id=\"gtx-trans\" style=\"position: absolute; left: -50px; top: 4.31534px;\">\n<div class=\"gtx-trans-icon\"><\/div>\n<\/div>\n<\/div><\/section><\/div><div class=\"flex_column av_one_full  flex_column_div av-zero-column-padding first  avia-builder-el-4  el_after_av_one_full  el_before_av_hr  column-top-margin\" style='border-radius:0px; '><section class=\"av_textblock_section \"  itemscope=\"itemscope\" itemtype=\"https:\/\/schema.org\/BlogPosting\" itemprop=\"blogPost\" ><div class='avia_textblock  '   itemprop=\"text\" ><p style=\"font-weight: 400; text-align: justify;\">El Juzgado de Garant\u00eda de Puerto Ays\u00e9n dej\u00f3 hoy \u2013domingo 19 de octubre\u2013 sujeto a la medida cautelar de prisi\u00f3n preventiva a L.A.L.F., imputado por el Ministerio P\u00fablico como autor de los delitos consumados de homicidio simple, ultraje de cad\u00e1ver, ocupaci\u00f3n ilegal de inmueble, usurpaci\u00f3n de identidad y estafa. Il\u00edcitos perpetrados entre fines de septiembre y el viernes de la semana reci\u00e9n pasada, en la ciudad.<\/p>\n<p style=\"font-weight: 400; text-align: justify;\">En la audiencia de formalizaci\u00f3n (causa rol 1.509-2025), el magistrado Rodrigo Grez orden\u00f3 el ingreso de L.A.L.F. al Centro de Detenci\u00f3n Preventiva de Puerto Ays\u00e9n, al considerar que la libertad del imputado constituye un peligro para la seguridad de la sociedad. Adem\u00e1s, fij\u00f3 en 120 d\u00edas el plazo de investigaci\u00f3n.<\/p>\n<p style=\"font-weight: 400; text-align: justify;\">Seg\u00fan el ente persecutor, a fines de septiembre de 2025, el imputado habr\u00eda dado muerte a P.R.E.S., due\u00f1o del inmueble donde resid\u00eda. Cuerpo que, con el prop\u00f3sito de ocultar el crimen y asegurar su impunidad, habr\u00eda descuartizado e incinerado en una estufa a le\u00f1a, utilizando para ello herramientas y elementos acelerantes, tales como bencina y pinturas.<\/p>\n<p style=\"font-weight: 400; text-align: justify;\">Tras dar muerte de la v\u00edctima, el imputado se mantuvo ocupando ilegalmente la vivienda y ofreci\u00f3 en arriendo habitaciones de la casa principal y dos departamentos aleda\u00f1os, haci\u00e9ndose pasar por su verdadero due\u00f1o. Ardid que le permiti\u00f3 enga\u00f1ar a un arrendatario, quien le pag\u00f3 $250.000.<\/p>\n<p style=\"font-weight: 400; text-align: justify;\">L.A.L.F. fue detenido alrededor de las 14 horas del 10 de octubre de 2025, por funcionarios de la Polic\u00eda de Investigaciones (PDI), quien llegaron hasta el domicilio en cumplimiento en las diligencias ordenadas ante la denuncia por presunta desgracia presentada por un hijo de la v\u00edctima.<\/p>\n<\/div><\/section><\/div><div  style='height:50px' class='hr hr-invisible   avia-builder-el-6  el_after_av_one_full  el_before_av_social_share '><span class='hr-inner ' ><span class='hr-inner-style'><\/span><\/span><\/div><\/p>\n<div  class='av-social-sharing-box  avia-builder-el-7  el_after_av_hr  el_before_av_hr  '><div class='av-share-box'><h5 class='av-share-link-description av-no-toc '>Compartir esta noticia<\/h5><ul class='av-share-box-list noLightbox'><li class='av-share-link av-social-link-facebook' ><a target=\"_blank\" aria-label=\"Compartir en Facebook\" href='https:\/\/www.facebook.com\/sharer.php?u=https:\/\/radiorevelacionfm.cl\/?p=60486&#038;t=Juzgado%20de%20Garant%C3%ADa%20de%20Puerto%20Ays%C3%A9n%20decreta%20la%20prisi%C3%B3n%20preventiva%20de%20imputado%20por%20homicidio%20y%20ultraje%20de%20cad%C3%A1ver' aria-hidden='false' data-av_icon='\ue8f3' data-av_iconfont='entypo-fontello' title='' data-avia-related-tooltip='Compartir en Facebook' rel=\"noopener\"><span class='avia_hidden_link_text'>Compartir en Facebook<\/span><\/a><\/li><li class='av-share-link av-social-link-twitter' ><a target=\"_blank\" aria-label=\"Compartir en Twitter\" href='https:\/\/twitter.com\/share?text=Juzgado%20de%20Garant%C3%ADa%20de%20Puerto%20Ays%C3%A9n%20decreta%20la%20prisi%C3%B3n%20preventiva%20de%20imputado%20por%20homicidio%20y%20ultraje%20de%20cad%C3%A1ver&#038;url=https:\/\/radiorevelacionfm.cl\/?p=60486' aria-hidden='false' data-av_icon='\ue8f1' data-av_iconfont='entypo-fontello' title='' data-avia-related-tooltip='Compartir en Twitter' rel=\"noopener\"><span class='avia_hidden_link_text'>Compartir en Twitter<\/span><\/a><\/li><li class='av-share-link av-social-link-whatsapp' ><a target=\"_blank\" aria-label=\"Compartir en Whatsapp\" href='https:\/\/api.whatsapp.com\/send?text=https:\/\/radiorevelacionfm.cl\/?p=60486' aria-hidden='false' data-av_icon='\uf232' data-av_iconfont='entypo-fontello' title='' data-avia-related-tooltip='Compartir en Whatsapp' rel=\"noopener\"><span class='avia_hidden_link_text'>Compartir en Whatsapp<\/span><\/a><\/li><li class='av-share-link av-social-link-linkedin' ><a target=\"_blank\" aria-label=\"Compartir en LinkedIn\" href='https:\/\/linkedin.com\/shareArticle?mini=true&#038;title=Juzgado%20de%20Garant%C3%ADa%20de%20Puerto%20Ays%C3%A9n%20decreta%20la%20prisi%C3%B3n%20preventiva%20de%20imputado%20por%20homicidio%20y%20ultraje%20de%20cad%C3%A1ver&#038;url=https:\/\/radiorevelacionfm.cl\/?p=60486' aria-hidden='false' data-av_icon='\ue8fc' data-av_iconfont='entypo-fontello' title='' data-avia-related-tooltip='Compartir en LinkedIn' rel=\"noopener\"><span class='avia_hidden_link_text'>Compartir en LinkedIn<\/span><\/a><\/li><li class='av-share-link av-social-link-mail' ><a  aria-label=\"Compartir por correo\" href='mailto:?subject=Juzgado%20de%20Garant%C3%ADa%20de%20Puerto%20Ays%C3%A9n%20decreta%20la%20prisi%C3%B3n%20preventiva%20de%20imputado%20por%20homicidio%20y%20ultraje%20de%20cad%C3%A1ver&#038;body=https:\/\/radiorevelacionfm.cl\/?p=60486' aria-hidden='false' data-av_icon='\ue805' data-av_iconfont='entypo-fontello' title='' data-avia-related-tooltip='Compartir por correo'><span class='avia_hidden_link_text'>Compartir por correo<\/span><\/a><\/li><\/ul><\/div><\/div>\n<div  style='height:50px' class='hr hr-invisible   avia-builder-el-8  el_after_av_social_share  el_before_av_comments_list '><span class='hr-inner ' ><span class='hr-inner-style'><\/span><\/span><\/div>\n<div  class='av-buildercomment  av-blog-meta-html-info-disabled av-blog-meta-tag-disabled  '><\/div>\n","protected":false},"excerpt":{"rendered":"","protected":false},"author":1,"featured_media":54190,"comment_status":"closed","ping_status":"closed","sticky":false,"template":"","format":"standard","meta":{"footnotes":""},"categories":[55],"tags":[],"class_list":["post-60486","post","type-post","status-publish","format-standard","has-post-thumbnail","hentry","category-justicia"],"jetpack_featured_media_url":"https:\/\/radiorevelacionfm.cl\/wp-content\/uploads\/2025\/05\/juzgado-aysen-1_optimized-1.jpg","_links":{"self":[{"href":"https:\/\/radiorevelacionfm.cl\/index.php?rest_route=\/wp\/v2\/posts\/60486","targetHints":{"allow":["GET"]}}],"collection":[{"href":"https:\/\/radiorevelacionfm.cl\/index.php?rest_route=\/wp\/v2\/posts"}],"about":[{"href":"https:\/\/radiorevelacionfm.cl\/index.php?rest_route=\/wp\/v2\/types\/post"}],"author":[{"embeddable":true,"href":"https:\/\/radiorevelacionfm.cl\/index.php?rest_route=\/wp\/v2\/users\/1"}],"replies":[{"embeddable":true,"href":"https:\/\/radiorevelacionfm.cl\/index.php?rest_route=%2Fwp%2Fv2%2Fcomments&post=60486"}],"version-history":[{"count":2,"href":"https:\/\/radiorevelacionfm.cl\/index.php?rest_route=\/wp\/v2\/posts\/60486\/revisions"}],"predecessor-version":[{"id":60488,"href":"https:\/\/radiorevelacionfm.cl\/index.php?rest_route=\/wp\/v2\/posts\/60486\/revisions\/60488"}],"wp:featuredmedia":[{"embeddable":true,"href":"https:\/\/radiorevelacionfm.cl\/index.php?rest_route=\/wp\/v2\/media\/54190"}],"wp:attachment":[{"href":"https:\/\/radiorevelacionfm.cl\/index.php?rest_route=%2Fwp%2Fv2%2Fmedia&parent=60486"}],"wp:term":[{"taxonomy":"category","embeddable":true,"href":"https:\/\/radiorevelacionfm.cl\/index.php?rest_route=%2Fwp%2Fv2%2Fcategories&post=60486"},{"taxonomy":"post_tag","embeddable":true,"href":"https:\/\/radiorevelacionfm.cl\/index.php?rest_route=%2Fwp%2Fv2%2Ftags&post=60486"}],"curies":[{"name":"wp","href":"https:\/\/api.w.org\/{rel}","templated":true}]}}