{"id":60482,"date":"2025-10-19T15:15:08","date_gmt":"2025-10-19T18:15:08","guid":{"rendered":"https:\/\/radiorevelacionfm.cl\/?p=60482"},"modified":"2025-10-19T15:15:08","modified_gmt":"2025-10-19T18:15:08","slug":"puerto-aysen-formalizan-a-imputado-por-homicidio-y-otros-cuatro-delitos","status":"publish","type":"post","link":"https:\/\/radiorevelacionfm.cl\/?p=60482","title":{"rendered":"Puerto Ays\u00e9n: Formalizan a imputado por homicidio y otros cuatro delitos"},"content":{"rendered":"<div class=\"flex_column av_one_full  flex_column_div av-zero-column-padding first  avia-builder-el-0  el_before_av_one_full  avia-builder-el-first  \" style='border-radius:0px; '><div  class='avia-image-container  av-styling-    avia-builder-el-1  avia-builder-el-no-sibling  avia-align-center '  itemprop=\"image\" itemscope=\"itemscope\" itemtype=\"https:\/\/schema.org\/ImageObject\"  ><div class='avia-image-container-inner'><div class='avia-image-overlay-wrap'><img decoding=\"async\" class='wp-image-60483 avia-img-lazy-loading-not-60483 avia_image' src=\"https:\/\/radiorevelacionfm.cl\/wp-content\/uploads\/2025\/10\/foto-1-1-6-1_optimized.jpg\" alt='' title='foto-1-(1)-(6)-(1)_optimized' height=\"600\" width=\"1095\"  itemprop=\"thumbnailUrl\" srcset=\"https:\/\/radiorevelacionfm.cl\/wp-content\/uploads\/2025\/10\/foto-1-1-6-1_optimized.jpg 1095w, https:\/\/radiorevelacionfm.cl\/wp-content\/uploads\/2025\/10\/foto-1-1-6-1_optimized-300x164.jpg 300w, https:\/\/radiorevelacionfm.cl\/wp-content\/uploads\/2025\/10\/foto-1-1-6-1_optimized-1030x564.jpg 1030w, https:\/\/radiorevelacionfm.cl\/wp-content\/uploads\/2025\/10\/foto-1-1-6-1_optimized-768x421.jpg 768w, https:\/\/radiorevelacionfm.cl\/wp-content\/uploads\/2025\/10\/foto-1-1-6-1_optimized-705x386.jpg 705w, https:\/\/radiorevelacionfm.cl\/wp-content\/uploads\/2025\/10\/foto-1-1-6-1_optimized-450x247.jpg 450w, https:\/\/radiorevelacionfm.cl\/wp-content\/uploads\/2025\/10\/foto-1-1-6-1_optimized-600x329.jpg 600w\" sizes=\"(max-width: 1095px) 100vw, 1095px\" \/><\/div><\/div><\/div><\/div><div class=\"flex_column av_one_full  flex_column_div av-zero-column-padding first  avia-builder-el-2  el_after_av_one_full  el_before_av_one_full  column-top-margin\" style='border-radius:0px; '><section class=\"av_textblock_section \"  itemscope=\"itemscope\" itemtype=\"https:\/\/schema.org\/BlogPosting\" itemprop=\"blogPost\" ><div class='avia_textblock  '   itemprop=\"text\" ><p style=\"text-align: center;\"><span style=\"font-size: 18pt;\"><b><span lang=\"ES-TRAD\">Puerto Ays\u00e9n: Formalizan a imputado por homicidio y otros cuatro delitos<\/span><\/b><\/span><\/p>\n<div id=\"gtx-trans\" style=\"position: absolute; left: -50px; top: 4.31534px;\">\n<div class=\"gtx-trans-icon\"><\/div>\n<\/div>\n<\/div><\/section><\/div><div class=\"flex_column av_one_full  flex_column_div av-zero-column-padding first  avia-builder-el-4  el_after_av_one_full  el_before_av_hr  column-top-margin\" style='border-radius:0px; '><section class=\"av_textblock_section \"  itemscope=\"itemscope\" itemtype=\"https:\/\/schema.org\/BlogPosting\" itemprop=\"blogPost\" ><div class='avia_textblock  '   itemprop=\"text\" ><p style=\"font-weight: 400; text-align: justify;\"><em>Sujeto de 54 a\u00f1os, fue puesto en prisi\u00f3n preventiva y se decret\u00f3 un plazo de investigaci\u00f3n de 120 d\u00edas.<\/em><\/p>\n<p style=\"font-weight: 400; text-align: justify;\">Tras una investigaci\u00f3n coordinada entre la Fiscal\u00eda Local de Ays\u00e9n-Cisnes y la Polic\u00eda de Investigaciones, fue formalizado este domingo un imputado de 54 a\u00f1os como autor de cinco delitos que afectaron a una v\u00edctima de 78 a\u00f1os, los cuales corresponden a homicidio simple, usurpaci\u00f3n de inmueble, ultraje de cad\u00e1ver, usurpaci\u00f3n de identidad y estafa residual, hechos ocurridos entre el 20 de septiembre y el 10 de octubre de este a\u00f1o. El imputado fue detenido el pasado viernes 10 de octubre.<\/p>\n<p style=\"font-weight: 400; text-align: justify;\">Las diligencias de este caso fueron efectuadas por la Brigada de Homicidios Coyhaique, Bicrim de Puerto Ays\u00e9n y el Laboratorio de Criminal\u00edstica de la PDI, sumado a profesionales del Servicio M\u00e9dico Legal y peritos qu\u00edmicos y bioqu\u00edmicos del Laboratorio de Criminal\u00edstica Central de la PDI.<\/p>\n<p style=\"font-weight: 400; text-align: justify;\">FORMALIZACI\u00d3N<\/p>\n<p style=\"font-weight: 400; text-align: justify;\">De acuerdo a lo expuesto en la formalizaci\u00f3n por el Fiscal Pedro Poblete Viejo, quien estuvo acompa\u00f1ado por el fiscal \u00c1lex Olivero N\u00fa\u00f1ez, en d\u00edas y horas no precisadas entre el 20 de septiembre y 10 de octubre del a\u00f1o 2025 -en base a las diligencias realizadas por la PDI-, en el interior de un domicilio ubicado en calle Galvarino Riveros de Puerto Ays\u00e9n, el imputado despleg\u00f3 acciones id\u00f3neas para dar muerte a la v\u00edctima, logrando su cometido.<\/p>\n<p style=\"font-weight: 400; text-align: justify;\">El fiscal Poblete agreg\u00f3 que, tras privar de su vida a la v\u00edctima, el imputado, quien arrendaba uno de los departamentos exteriores ubicados en el domicilio de la persona afectada, se traslad\u00f3 hasta la vivienda principal, ocupando ilegalmente su vivienda.<\/p>\n<p style=\"font-weight: 400; text-align: justify;\">En un tiempo posterior a dar muerte a la v\u00edctima, dentro del per\u00edodo antes indicado y con la finalidad de ocultar el hecho, asegurar su impunidad y aprovecharse de los bienes del afectado, tom\u00f3 su cad\u00e1ver y realiz\u00f3 una serie de acciones para ocultar el homicidio y hacer desaparecer las evidencias.<\/p>\n<p style=\"font-weight: 400; text-align: justify;\">La presente investigaci\u00f3n se origin\u00f3 en el marco de una investigaci\u00f3n para dar con el paradero de la v\u00edctima, tras una denuncia por presunta desgracia realizada por parte de su hijo, mencion\u00f3 el fiscal Jefe de Puerto Ays\u00e9n-Cisnes.<\/p>\n<p style=\"font-weight: 400; text-align: justify;\">Adem\u00e1s, el imputado mientras ocupaba ilegalmente la vivienda, ofreci\u00f3 en arriendo los departamentos ubicados en el inmueble, realizando la oferta mediante una publicaci\u00f3n de Facebook. Producto de esta publicaci\u00f3n, otra persona result\u00f3 afectada, siendo perjudicada en $250.000 pesos.<\/p>\n<p style=\"font-weight: 400; text-align: justify;\">En la audiencia de formalizaci\u00f3n, realizada desde las 11.00 de la ma\u00f1ana de hoy, la Fiscal\u00eda solicit\u00f3 la prisi\u00f3n preventiva del imputado por peligro de fuga, la suma de delitos y por peligro para la seguridad de la sociedad, medida cautelar a la que accedi\u00f3 el juez Rodrigo Grez, quien fij\u00f3 un plazo de investigaci\u00f3n de 120 d\u00edas. Las diligencias investigativas en este caso contin\u00faan por parte de la PDI y la Fiscal\u00eda.<\/p>\n<p style=\"font-weight: 400; text-align: justify;\">TRABAJO PDI<\/p>\n<p style=\"font-weight: 400; text-align: justify;\">Seg\u00fan el jefe de la Brigada de Homicidios Coyhaique cuando llegaron al domicilio de la v\u00edctima, en su interior se encontraba una persona de 54 a\u00f1os, quien manifest\u00f3 que el desaparecido habr\u00eda salido de la ciudad con destino al norte del pa\u00eds por un supuesto negocio inmobiliario. \u201cLuego de varios d\u00edas de trabajo, se pudo establecer una posible secuencia, principalmente que daba como antecedente que el desaparecido dej\u00f3 de ser visto por vecinos cerca o en los d\u00edas posteriores al 18 de septiembre, sin que nadie supiera de \u00e9l, motivo por el cual se tomaron declaraciones a testigos, se analizaron c\u00e1maras de seguridad, pero principalmente la colaboraci\u00f3n de vecinos que permitieron establecer una din\u00e1mica de su comportamiento, h\u00e1bitos y enfermedades bases, que hac\u00edan imposible que la persona desaparecida haya salido de manera voluntaria desde su casa. As\u00ed, y luego de los d\u00edas y corroborada la identidad respecto de que los restos \u00f3seos eran de la persona desaparecida, se pusieron los antecedentes al Ministerio P\u00fablico, quienes se generaron la convicci\u00f3n de que est\u00e1bamos en presencia de un homicidio\u201d, coment\u00f3 el jefe de la BH Coyhaique, comisario \u00cdtalo Todaka.<\/p>\n<p style=\"font-weight: 400; text-align: justify;\">Cabe recordar que la persona que se encontraba en el inmueble fue detenida por la PDI en primera instancia por el delito de Inhumaci\u00f3n Ilegal, pero la audiencia de formalizaci\u00f3n no se llev\u00f3 a cabo, el imputado present\u00f3 un problema de salud de gravedad lo que implic\u00f3 que fuera derivado a la UCI del Hospital Regional de Coyhaique. Esta situaci\u00f3n habr\u00eda cambiado el d\u00eda s\u00e1bado, puesto que, personal m\u00e9dico del recinto hospitalario se contacta con la BH Coyhaique para avisar que el imputado hab\u00eda intentado huir del recinto, siendo detenido por los detectives en el lugar y puesto a disposici\u00f3n del Juzgado de Garant\u00eda de Puerto Ays\u00e9n.<\/p>\n<p style=\"font-weight: 400; text-align: justify;\">En cuanto a los nuevos antecedentes, expuestos en la audiencia de formalizaci\u00f3n, obtenidos por el trabajo de los detectives en el sitio del suceso, de los peritajes realizados por personal del Laboratorio de Criminal\u00edstica y del Servicio M\u00e9dico Legal, se habr\u00eda confirmado la identidad de la v\u00edctima. \u201cGracias al trabajo del Servicio M\u00e9dico Legal, odontol\u00f3gicamente, se pudo establecer fehacientemente la identidad de estos restos \u00f3seos, que como ya sabemos corresponden a la misma persona con la cual fue denunciada por presunta desgracia\u201d, finaliz\u00f3 el comisario Todaka.<\/p>\n<\/div><\/section><\/div><div  style='height:50px' class='hr hr-invisible   avia-builder-el-6  el_after_av_one_full  el_before_av_social_share '><span class='hr-inner ' ><span class='hr-inner-style'><\/span><\/span><\/div><\/p>\n<div  class='av-social-sharing-box  avia-builder-el-7  el_after_av_hr  el_before_av_hr  '><div class='av-share-box'><h5 class='av-share-link-description av-no-toc '>Compartir esta noticia<\/h5><ul class='av-share-box-list noLightbox'><li class='av-share-link av-social-link-facebook' ><a target=\"_blank\" aria-label=\"Compartir en Facebook\" href='https:\/\/www.facebook.com\/sharer.php?u=https:\/\/radiorevelacionfm.cl\/?p=60482&#038;t=Puerto%20Ays%C3%A9n%3A%20Formalizan%20a%20imputado%20por%20homicidio%20y%20otros%20cuatro%20delitos' aria-hidden='false' data-av_icon='\ue8f3' data-av_iconfont='entypo-fontello' title='' data-avia-related-tooltip='Compartir en Facebook' rel=\"noopener\"><span class='avia_hidden_link_text'>Compartir en Facebook<\/span><\/a><\/li><li class='av-share-link av-social-link-twitter' ><a target=\"_blank\" aria-label=\"Compartir en Twitter\" href='https:\/\/twitter.com\/share?text=Puerto%20Ays%C3%A9n%3A%20Formalizan%20a%20imputado%20por%20homicidio%20y%20otros%20cuatro%20delitos&#038;url=https:\/\/radiorevelacionfm.cl\/?p=60482' aria-hidden='false' data-av_icon='\ue8f1' data-av_iconfont='entypo-fontello' title='' data-avia-related-tooltip='Compartir en Twitter' rel=\"noopener\"><span class='avia_hidden_link_text'>Compartir en Twitter<\/span><\/a><\/li><li class='av-share-link av-social-link-whatsapp' ><a target=\"_blank\" aria-label=\"Compartir en Whatsapp\" href='https:\/\/api.whatsapp.com\/send?text=https:\/\/radiorevelacionfm.cl\/?p=60482' aria-hidden='false' data-av_icon='\uf232' data-av_iconfont='entypo-fontello' title='' data-avia-related-tooltip='Compartir en Whatsapp' rel=\"noopener\"><span class='avia_hidden_link_text'>Compartir en Whatsapp<\/span><\/a><\/li><li class='av-share-link av-social-link-linkedin' ><a target=\"_blank\" aria-label=\"Compartir en LinkedIn\" href='https:\/\/linkedin.com\/shareArticle?mini=true&#038;title=Puerto%20Ays%C3%A9n%3A%20Formalizan%20a%20imputado%20por%20homicidio%20y%20otros%20cuatro%20delitos&#038;url=https:\/\/radiorevelacionfm.cl\/?p=60482' aria-hidden='false' data-av_icon='\ue8fc' data-av_iconfont='entypo-fontello' title='' data-avia-related-tooltip='Compartir en LinkedIn' rel=\"noopener\"><span class='avia_hidden_link_text'>Compartir en LinkedIn<\/span><\/a><\/li><li class='av-share-link av-social-link-mail' ><a  aria-label=\"Compartir por correo\" href='mailto:?subject=Puerto%20Ays%C3%A9n%3A%20Formalizan%20a%20imputado%20por%20homicidio%20y%20otros%20cuatro%20delitos&#038;body=https:\/\/radiorevelacionfm.cl\/?p=60482' aria-hidden='false' data-av_icon='\ue805' data-av_iconfont='entypo-fontello' title='' data-avia-related-tooltip='Compartir por correo'><span class='avia_hidden_link_text'>Compartir por correo<\/span><\/a><\/li><\/ul><\/div><\/div>\n<div  style='height:50px' class='hr hr-invisible   avia-builder-el-8  el_after_av_social_share  el_before_av_comments_list '><span class='hr-inner ' ><span class='hr-inner-style'><\/span><\/span><\/div>\n<div  class='av-buildercomment  av-blog-meta-html-info-disabled av-blog-meta-tag-disabled  '><\/div>\n","protected":false},"excerpt":{"rendered":"","protected":false},"author":1,"featured_media":60483,"comment_status":"closed","ping_status":"closed","sticky":false,"template":"","format":"standard","meta":{"footnotes":""},"categories":[36],"tags":[],"class_list":["post-60482","post","type-post","status-publish","format-standard","has-post-thumbnail","hentry","category-policial"],"jetpack_featured_media_url":"https:\/\/radiorevelacionfm.cl\/wp-content\/uploads\/2025\/10\/foto-1-1-6-1_optimized.jpg","_links":{"self":[{"href":"https:\/\/radiorevelacionfm.cl\/index.php?rest_route=\/wp\/v2\/posts\/60482","targetHints":{"allow":["GET"]}}],"collection":[{"href":"https:\/\/radiorevelacionfm.cl\/index.php?rest_route=\/wp\/v2\/posts"}],"about":[{"href":"https:\/\/radiorevelacionfm.cl\/index.php?rest_route=\/wp\/v2\/types\/post"}],"author":[{"embeddable":true,"href":"https:\/\/radiorevelacionfm.cl\/index.php?rest_route=\/wp\/v2\/users\/1"}],"replies":[{"embeddable":true,"href":"https:\/\/radiorevelacionfm.cl\/index.php?rest_route=%2Fwp%2Fv2%2Fcomments&post=60482"}],"version-history":[{"count":2,"href":"https:\/\/radiorevelacionfm.cl\/index.php?rest_route=\/wp\/v2\/posts\/60482\/revisions"}],"predecessor-version":[{"id":60485,"href":"https:\/\/radiorevelacionfm.cl\/index.php?rest_route=\/wp\/v2\/posts\/60482\/revisions\/60485"}],"wp:featuredmedia":[{"embeddable":true,"href":"https:\/\/radiorevelacionfm.cl\/index.php?rest_route=\/wp\/v2\/media\/60483"}],"wp:attachment":[{"href":"https:\/\/radiorevelacionfm.cl\/index.php?rest_route=%2Fwp%2Fv2%2Fmedia&parent=60482"}],"wp:term":[{"taxonomy":"category","embeddable":true,"href":"https:\/\/radiorevelacionfm.cl\/index.php?rest_route=%2Fwp%2Fv2%2Fcategories&post=60482"},{"taxonomy":"post_tag","embeddable":true,"href":"https:\/\/radiorevelacionfm.cl\/index.php?rest_route=%2Fwp%2Fv2%2Ftags&post=60482"}],"curies":[{"name":"wp","href":"https:\/\/api.w.org\/{rel}","templated":true}]}}