{"id":60475,"date":"2025-10-17T21:50:02","date_gmt":"2025-10-18T00:50:02","guid":{"rendered":"https:\/\/radiorevelacionfm.cl\/?p=60475"},"modified":"2025-10-17T21:50:02","modified_gmt":"2025-10-18T00:50:02","slug":"gran-convocatoria-en-la-cicletada-familiar-por-el-aniversario-de-puerto-chacabuco","status":"publish","type":"post","link":"https:\/\/radiorevelacionfm.cl\/?p=60475","title":{"rendered":"Gran convocatoria en la Cicletada Familiar por el aniversario de Puerto Chacabuco"},"content":{"rendered":"<div class=\"flex_column av_one_full  flex_column_div av-zero-column-padding first  avia-builder-el-0  el_before_av_one_full  avia-builder-el-first  \" style='border-radius:0px; '><div  class='avia-image-container  av-styling-    avia-builder-el-1  avia-builder-el-no-sibling  avia-align-center '  itemprop=\"image\" itemscope=\"itemscope\" itemtype=\"https:\/\/schema.org\/ImageObject\"  ><div class='avia-image-container-inner'><div class='avia-image-overlay-wrap'><img decoding=\"async\" class='wp-image-60476 avia-img-lazy-loading-not-60476 avia_image' src=\"https:\/\/radiorevelacionfm.cl\/wp-content\/uploads\/2025\/10\/dji_20251016194815_0678_d-1_optimized-1.jpg\" alt='' title='dji_20251016194815_0678_d-(1)_optimized (1)' height=\"600\" width=\"1067\"  itemprop=\"thumbnailUrl\" srcset=\"https:\/\/radiorevelacionfm.cl\/wp-content\/uploads\/2025\/10\/dji_20251016194815_0678_d-1_optimized-1.jpg 1067w, https:\/\/radiorevelacionfm.cl\/wp-content\/uploads\/2025\/10\/dji_20251016194815_0678_d-1_optimized-1-300x169.jpg 300w, https:\/\/radiorevelacionfm.cl\/wp-content\/uploads\/2025\/10\/dji_20251016194815_0678_d-1_optimized-1-1030x579.jpg 1030w, https:\/\/radiorevelacionfm.cl\/wp-content\/uploads\/2025\/10\/dji_20251016194815_0678_d-1_optimized-1-768x432.jpg 768w, https:\/\/radiorevelacionfm.cl\/wp-content\/uploads\/2025\/10\/dji_20251016194815_0678_d-1_optimized-1-705x396.jpg 705w, https:\/\/radiorevelacionfm.cl\/wp-content\/uploads\/2025\/10\/dji_20251016194815_0678_d-1_optimized-1-450x253.jpg 450w, https:\/\/radiorevelacionfm.cl\/wp-content\/uploads\/2025\/10\/dji_20251016194815_0678_d-1_optimized-1-600x337.jpg 600w\" sizes=\"(max-width: 1067px) 100vw, 1067px\" \/><\/div><\/div><\/div><\/div><div class=\"flex_column av_one_full  flex_column_div av-zero-column-padding first  avia-builder-el-2  el_after_av_one_full  el_before_av_one_full  column-top-margin\" style='border-radius:0px; '><section class=\"av_textblock_section \"  itemscope=\"itemscope\" itemtype=\"https:\/\/schema.org\/BlogPosting\" itemprop=\"blogPost\" ><div class='avia_textblock  '   itemprop=\"text\" ><p style=\"text-align: center;\"><span style=\"font-size: 18pt;\"><b>Gran convocatoria en la Cicletada Familiar por el aniversario de Puerto Chacabuco<\/b><\/span><\/p>\n<div id=\"gtx-trans\" style=\"position: absolute; left: -50px; top: 4.31534px;\">\n<div class=\"gtx-trans-icon\"><\/div>\n<\/div>\n<\/div><\/section><\/div><div class=\"flex_column av_one_full  flex_column_div av-zero-column-padding first  avia-builder-el-4  el_after_av_one_full  el_before_av_hr  column-top-margin\" style='border-radius:0px; '><section class=\"av_textblock_section \"  itemscope=\"itemscope\" itemtype=\"https:\/\/schema.org\/BlogPosting\" itemprop=\"blogPost\" ><div class='avia_textblock  '   itemprop=\"text\" ><p style=\"text-align: justify;\">Ni\u00f1os, j\u00f3venes y adultos participaron este jueves en la Cicletada Familiar organizada por la Corporaci\u00f3n de Deportes de la Municipalidad de Ays\u00e9n, en el marco del aniversario de Puerto Chacabuco.<\/p>\n<p style=\"text-align: justify;\">La jornada reuni\u00f3 a familias completas y entusiastas ciclistas de distintas edades, que recorrieron las principales calles del puerto en un ambiente de alegr\u00eda, convivencia y vida saludable. A pocos minutos de la partida, las condiciones clim\u00e1ticas mejoraron notablemente, permitiendo que la actividad se desarrollara bajo un cielo despejado y con gran participaci\u00f3n.<\/p>\n<p style=\"text-align: justify;\">El alcalde de Ays\u00e9n y presidente de la Corporaci\u00f3n de Deportes, Luis Mart\u00ednez Gallardo, particip\u00f3 como ciclista en la jornada, destacando la convocatoria y el entusiasmo de la comunidad: \u201cMuchas familias, hartos ciclistas, que es lo importante. Hoy Puerto Chacabuco conmemora este aniversario, y lo que m\u00e1s me gusta es la actitud de la gente: venir aunque el d\u00eda no estaba muy bueno. Pero en Ays\u00e9n la excepci\u00f3n es el sol, as\u00ed que con lluvia y mal tiempo cicleteamos igual\u201d.<\/p>\n<p style=\"text-align: justify;\">Uno de los aspectos m\u00e1s destacados fue la presencia del Club de Ciclismo Ays\u00e9n, cuyos integrantes llegaron y regresaron pedaleando desde Puerto Ays\u00e9n, completando un recorrido de casi 30 kil\u00f3metros ida y vuelta. Su participaci\u00f3n dio un gran realce a la jornada, ti\u00f1endo con sus colores las rutas y motivando a los m\u00e1s peque\u00f1os a sumarse a esta disciplina.<\/p>\n<p style=\"text-align: justify;\">El Embajador Deportivo de la Corporaci\u00f3n, Jos\u00e9 Luis \u201cPipo\u201d Rodr\u00edguez, reconocido ciclista regional y monitor del taller de ciclismo del Polideportivo 21 de Abril, valor\u00f3 la energ\u00eda y compromiso de los asistentes: \u201cS\u00faper contento, porque independiente del clima la gente llega igual, y eso demuestra la pasi\u00f3n por el deporte. Lo importante es seguir generando espacios familiares y actividades gratuitas que motiven a m\u00e1s personas a moverse\u201d, destac\u00f3 Rodr\u00edguez.<\/p>\n<p style=\"text-align: justify;\">El Director Ejecutivo de la Corporaci\u00f3n, Jorge Villegas, agradeci\u00f3 la participaci\u00f3n de las organizaciones deportivas locales y el entusiasmo de la comunidad: \u201cEstamos felices por la convocatoria. Esta fue una de las primeras instancias que generamos en Puerto Chacabuco, y queremos seguir fortaleciendo el trabajo con los clubes y vecinos\u201d, se\u00f1al\u00f3.<\/p>\n<p style=\"text-align: justify;\">Entre los m\u00e1s peque\u00f1os, Emma, integrante del taller de ciclismo, tambi\u00e9n entreg\u00f3 su mensaje de motivaci\u00f3n: \u201cMe gust\u00f3 que hay muchos ni\u00f1os. Quiero que vengan al taller de ciclismo en el Polideportivo, el profe es muy bueno, hasta nos ha ense\u00f1ado a andar sin manos\u201d, coment\u00f3 con alegr\u00eda tras recibir su medalla.<\/p>\n<p style=\"text-align: justify;\">La jornada culmin\u00f3 con la entrega de medallas conmemorativas a todos los participantes, consolidando esta cicletada como una verdadera fiesta familiar y deportiva en el marco del aniversario de Puerto Chacabuco.<\/p>\n<p style=\"text-align: justify;\">El aniversario continuar\u00e1 con nuevas actividades durante los pr\u00f3ximos d\u00edas: la Corrida Familiar y Competitiva este domingo 19 de octubre (con punto de partida en el ingreso a Friosur) y la esperada Velada de Boxeo el jueves 24 de octubre, ambas gratuitas y abiertas a toda la comunidad.<\/p>\n<\/div><\/section><\/div><div  style='height:50px' class='hr hr-invisible   avia-builder-el-6  el_after_av_one_full  el_before_av_social_share '><span class='hr-inner ' ><span class='hr-inner-style'><\/span><\/span><\/div><\/p>\n<div  class='av-social-sharing-box  avia-builder-el-7  el_after_av_hr  el_before_av_hr  '><div class='av-share-box'><h5 class='av-share-link-description av-no-toc '>Compartir esta noticia<\/h5><ul class='av-share-box-list noLightbox'><li class='av-share-link av-social-link-facebook' ><a target=\"_blank\" aria-label=\"Compartir en Facebook\" href='https:\/\/www.facebook.com\/sharer.php?u=https:\/\/radiorevelacionfm.cl\/?p=60475&#038;t=Gran%20convocatoria%20en%20la%20Cicletada%20Familiar%20por%20el%20aniversario%20de%20Puerto%20Chacabuco' aria-hidden='false' data-av_icon='\ue8f3' data-av_iconfont='entypo-fontello' title='' data-avia-related-tooltip='Compartir en Facebook' rel=\"noopener\"><span class='avia_hidden_link_text'>Compartir en Facebook<\/span><\/a><\/li><li class='av-share-link av-social-link-twitter' ><a target=\"_blank\" aria-label=\"Compartir en Twitter\" href='https:\/\/twitter.com\/share?text=Gran%20convocatoria%20en%20la%20Cicletada%20Familiar%20por%20el%20aniversario%20de%20Puerto%20Chacabuco&#038;url=https:\/\/radiorevelacionfm.cl\/?p=60475' aria-hidden='false' data-av_icon='\ue8f1' data-av_iconfont='entypo-fontello' title='' data-avia-related-tooltip='Compartir en Twitter' rel=\"noopener\"><span class='avia_hidden_link_text'>Compartir en Twitter<\/span><\/a><\/li><li class='av-share-link av-social-link-whatsapp' ><a target=\"_blank\" aria-label=\"Compartir en Whatsapp\" href='https:\/\/api.whatsapp.com\/send?text=https:\/\/radiorevelacionfm.cl\/?p=60475' aria-hidden='false' data-av_icon='\uf232' data-av_iconfont='entypo-fontello' title='' data-avia-related-tooltip='Compartir en Whatsapp' rel=\"noopener\"><span class='avia_hidden_link_text'>Compartir en Whatsapp<\/span><\/a><\/li><li class='av-share-link av-social-link-linkedin' ><a target=\"_blank\" aria-label=\"Compartir en LinkedIn\" href='https:\/\/linkedin.com\/shareArticle?mini=true&#038;title=Gran%20convocatoria%20en%20la%20Cicletada%20Familiar%20por%20el%20aniversario%20de%20Puerto%20Chacabuco&#038;url=https:\/\/radiorevelacionfm.cl\/?p=60475' aria-hidden='false' data-av_icon='\ue8fc' data-av_iconfont='entypo-fontello' title='' data-avia-related-tooltip='Compartir en LinkedIn' rel=\"noopener\"><span class='avia_hidden_link_text'>Compartir en LinkedIn<\/span><\/a><\/li><li class='av-share-link av-social-link-mail' ><a  aria-label=\"Compartir por correo\" href='mailto:?subject=Gran%20convocatoria%20en%20la%20Cicletada%20Familiar%20por%20el%20aniversario%20de%20Puerto%20Chacabuco&#038;body=https:\/\/radiorevelacionfm.cl\/?p=60475' aria-hidden='false' data-av_icon='\ue805' data-av_iconfont='entypo-fontello' title='' data-avia-related-tooltip='Compartir por correo'><span class='avia_hidden_link_text'>Compartir por correo<\/span><\/a><\/li><\/ul><\/div><\/div>\n<div  style='height:50px' class='hr hr-invisible   avia-builder-el-8  el_after_av_social_share  el_before_av_comments_list '><span class='hr-inner ' ><span class='hr-inner-style'><\/span><\/span><\/div>\n<div  class='av-buildercomment  av-blog-meta-html-info-disabled av-blog-meta-tag-disabled  '><\/div>\n","protected":false},"excerpt":{"rendered":"","protected":false},"author":1,"featured_media":60476,"comment_status":"closed","ping_status":"closed","sticky":false,"template":"","format":"standard","meta":{"footnotes":""},"categories":[38],"tags":[],"class_list":["post-60475","post","type-post","status-publish","format-standard","has-post-thumbnail","hentry","category-regional"],"jetpack_featured_media_url":"https:\/\/radiorevelacionfm.cl\/wp-content\/uploads\/2025\/10\/dji_20251016194815_0678_d-1_optimized-1.jpg","_links":{"self":[{"href":"https:\/\/radiorevelacionfm.cl\/index.php?rest_route=\/wp\/v2\/posts\/60475","targetHints":{"allow":["GET"]}}],"collection":[{"href":"https:\/\/radiorevelacionfm.cl\/index.php?rest_route=\/wp\/v2\/posts"}],"about":[{"href":"https:\/\/radiorevelacionfm.cl\/index.php?rest_route=\/wp\/v2\/types\/post"}],"author":[{"embeddable":true,"href":"https:\/\/radiorevelacionfm.cl\/index.php?rest_route=\/wp\/v2\/users\/1"}],"replies":[{"embeddable":true,"href":"https:\/\/radiorevelacionfm.cl\/index.php?rest_route=%2Fwp%2Fv2%2Fcomments&post=60475"}],"version-history":[{"count":2,"href":"https:\/\/radiorevelacionfm.cl\/index.php?rest_route=\/wp\/v2\/posts\/60475\/revisions"}],"predecessor-version":[{"id":60478,"href":"https:\/\/radiorevelacionfm.cl\/index.php?rest_route=\/wp\/v2\/posts\/60475\/revisions\/60478"}],"wp:featuredmedia":[{"embeddable":true,"href":"https:\/\/radiorevelacionfm.cl\/index.php?rest_route=\/wp\/v2\/media\/60476"}],"wp:attachment":[{"href":"https:\/\/radiorevelacionfm.cl\/index.php?rest_route=%2Fwp%2Fv2%2Fmedia&parent=60475"}],"wp:term":[{"taxonomy":"category","embeddable":true,"href":"https:\/\/radiorevelacionfm.cl\/index.php?rest_route=%2Fwp%2Fv2%2Fcategories&post=60475"},{"taxonomy":"post_tag","embeddable":true,"href":"https:\/\/radiorevelacionfm.cl\/index.php?rest_route=%2Fwp%2Fv2%2Ftags&post=60475"}],"curies":[{"name":"wp","href":"https:\/\/api.w.org\/{rel}","templated":true}]}}