{"id":60469,"date":"2025-10-17T17:10:09","date_gmt":"2025-10-17T20:10:09","guid":{"rendered":"https:\/\/radiorevelacionfm.cl\/?p=60469"},"modified":"2025-10-17T17:10:09","modified_gmt":"2025-10-17T20:10:09","slug":"decretan-duelo-oficial-ante-fallecimiento-de-capitan-sergio-hidalgo-leiva","status":"publish","type":"post","link":"https:\/\/radiorevelacionfm.cl\/?p=60469","title":{"rendered":"Decretan Duelo Oficial ante fallecimiento de Capit\u00e1n Sergio Hidalgo Leiva"},"content":{"rendered":"<div class=\"flex_column av_one_full  flex_column_div av-zero-column-padding first  avia-builder-el-0  el_before_av_one_full  avia-builder-el-first  \" style='border-radius:0px; '><div  class='avia-image-container  av-styling-    avia-builder-el-1  avia-builder-el-no-sibling  avia-align-center '  itemprop=\"image\" itemscope=\"itemscope\" itemtype=\"https:\/\/schema.org\/ImageObject\"  ><div class='avia-image-container-inner'><div class='avia-image-overlay-wrap'><img decoding=\"async\" class='wp-image-60470 avia-img-lazy-loading-not-60470 avia_image' src=\"https:\/\/radiorevelacionfm.cl\/wp-content\/uploads\/2025\/10\/DRCA5476-1-1.jpg\" alt='' title='DRCA5476 (1) (1)' height=\"1070\" width=\"803\"  itemprop=\"thumbnailUrl\" srcset=\"https:\/\/radiorevelacionfm.cl\/wp-content\/uploads\/2025\/10\/DRCA5476-1-1.jpg 803w, https:\/\/radiorevelacionfm.cl\/wp-content\/uploads\/2025\/10\/DRCA5476-1-1-225x300.jpg 225w, https:\/\/radiorevelacionfm.cl\/wp-content\/uploads\/2025\/10\/DRCA5476-1-1-773x1030.jpg 773w, https:\/\/radiorevelacionfm.cl\/wp-content\/uploads\/2025\/10\/DRCA5476-1-1-768x1023.jpg 768w, https:\/\/radiorevelacionfm.cl\/wp-content\/uploads\/2025\/10\/DRCA5476-1-1-529x705.jpg 529w, https:\/\/radiorevelacionfm.cl\/wp-content\/uploads\/2025\/10\/DRCA5476-1-1-450x600.jpg 450w, https:\/\/radiorevelacionfm.cl\/wp-content\/uploads\/2025\/10\/DRCA5476-1-1-600x800.jpg 600w\" sizes=\"(max-width: 803px) 100vw, 803px\" \/><\/div><\/div><\/div><\/div><div class=\"flex_column av_one_full  flex_column_div av-zero-column-padding first  avia-builder-el-2  el_after_av_one_full  el_before_av_one_full  column-top-margin\" style='border-radius:0px; '><section class=\"av_textblock_section \"  itemscope=\"itemscope\" itemtype=\"https:\/\/schema.org\/BlogPosting\" itemprop=\"blogPost\" ><div class='avia_textblock  '   itemprop=\"text\" ><p style=\"text-align: center;\"><strong><span style=\"font-size: 18pt;\">Decretan Duelo Oficial ante fallecimiento de Capit\u00e1n Sergio Hidalgo Leiva <\/span><\/strong><\/p>\n<div id=\"gtx-trans\" style=\"position: absolute; left: -50px; top: 4.31534px;\">\n<div class=\"gtx-trans-icon\"><\/div>\n<\/div>\n<\/div><\/section><\/div><div class=\"flex_column av_one_full  flex_column_div av-zero-column-padding first  avia-builder-el-4  el_after_av_one_full  el_before_av_hr  column-top-margin\" style='border-radius:0px; '><section class=\"av_textblock_section \"  itemscope=\"itemscope\" itemtype=\"https:\/\/schema.org\/BlogPosting\" itemprop=\"blogPost\" ><div class='avia_textblock  '   itemprop=\"text\" ><p style=\"font-weight: 400; text-align: justify;\">\u201cPara honrar su legado de servicio al pa\u00eds y valiosa trayectoria, he decido decretar Duelo Oficial durante el d\u00eda de hoy, viernes 17 de octubre, a ra\u00edz del lamentable fallecimiento del Capit\u00e1n Sergio Hidalgo Leiva, integrante del Grupo de Aviaci\u00f3n N\u00b09, quien perdi\u00f3 la vida tras el accidente a\u00e9reo que afect\u00f3 al helic\u00f3ptero de la FACh que piloteaba en Campos de Hielo Sur, Regi\u00f3n de Ays\u00e9n. A sus familiares, seres queridos y a toda la Fuerza A\u00e9rea de Chile, un gran abrazo en este dif\u00edcil momento, sepan que todo el pa\u00eds est\u00e1 con ustedes\u201d, expres\u00f3 el Presidente de la Rep\u00fablica, Gabriel Boric Font.<\/p>\n<p style=\"font-weight: 400; text-align: justify;\">El primer mandatario hab\u00eda indicado que \u201cdespu\u00e9s de una intensa b\u00fasqueda por parte de la FACh, del Ej\u00e9rcito, donde estuvimos todos coordinados, logramos hallar el helic\u00f3ptero con tres de sus tripulantes con vida, pero desgraciadamente el Capit\u00e1n Sergio Hidalgo fue encontrado fallecido. Quiero enviar a sus familiares, seres queridos y compa\u00f1eros de labores, un gran abrazo en este dif\u00edcil momento y sepan que cuentan con nosotros. La Fuerza A\u00e9rea ha desplegado todos los esfuerzos para la r\u00e1pida localizaci\u00f3n del helic\u00f3ptero y ya se han realizado las labores de rescate de los sobrevivientes, as\u00ed es que tambi\u00e9n todo mi agradecimiento a todos los funcionarios p\u00fablicos que cumplen labores de riesgo y un sentido recuerdo para don Sergio Hidalgo\u201d.<\/p>\n<p style=\"font-weight: 400; text-align: justify;\">Por su parte, el Delegado Presidencial Regional de Ays\u00e9n, Jorge D\u00edaz Guzm\u00e1n, agreg\u00f3 que se trata de un \u201chijo de un profesional de la salud de nuestra regi\u00f3n y, por lo tanto, estamos muy golpeados por esta noticia. Estamos comunicados con el Ministerio de Defensa y esperamos que las gestiones se desarrollen seg\u00fan lo programado. Se ha instalado un segundo campamento de mando en Candelario Mansilla desde donde se seguir\u00e1n haciendo las operaciones\u201d.<\/p>\n<p style=\"font-weight: 400; text-align: justify;\">Los tres tripulantes sobrevivientes del helic\u00f3ptero MH-60M Black- Hawk fueron rescatados, encontr\u00e1ndose fuera de riesgo vital, siendo atendidos por personal m\u00e9dico en un centro asistencial, de forma previa a su traslado al Hospital Institucional en Santiago.<\/p>\n<p style=\"font-weight: 400; text-align: justify;\">Paralelamente, la FACh dispuso una investigaci\u00f3n para determinar las causas que provocaron este lamentable accidente el cual enluta a todo nuestro pa\u00eds, debido a que afect\u00f3 a Aviadores Militares que se encontraban cumpliendo funciones en apoyo humanitario a chilenos que viven en zonas extremas de nuestro territorio nacional.<\/p>\n<\/div><\/section><\/div><div  style='height:50px' class='hr hr-invisible   avia-builder-el-6  el_after_av_one_full  el_before_av_social_share '><span class='hr-inner ' ><span class='hr-inner-style'><\/span><\/span><\/div><\/p>\n<div  class='av-social-sharing-box  avia-builder-el-7  el_after_av_hr  el_before_av_hr  '><div class='av-share-box'><h5 class='av-share-link-description av-no-toc '>Compartir esta noticia<\/h5><ul class='av-share-box-list noLightbox'><li class='av-share-link av-social-link-facebook' ><a target=\"_blank\" aria-label=\"Compartir en Facebook\" href='https:\/\/www.facebook.com\/sharer.php?u=https:\/\/radiorevelacionfm.cl\/?p=60469&#038;t=Decretan%20Duelo%20Oficial%20ante%20fallecimiento%20de%20Capit%C3%A1n%20Sergio%20Hidalgo%20Leiva' aria-hidden='false' data-av_icon='\ue8f3' data-av_iconfont='entypo-fontello' title='' data-avia-related-tooltip='Compartir en Facebook' rel=\"noopener\"><span class='avia_hidden_link_text'>Compartir en Facebook<\/span><\/a><\/li><li class='av-share-link av-social-link-twitter' ><a target=\"_blank\" aria-label=\"Compartir en Twitter\" href='https:\/\/twitter.com\/share?text=Decretan%20Duelo%20Oficial%20ante%20fallecimiento%20de%20Capit%C3%A1n%20Sergio%20Hidalgo%20Leiva&#038;url=https:\/\/radiorevelacionfm.cl\/?p=60469' aria-hidden='false' data-av_icon='\ue8f1' data-av_iconfont='entypo-fontello' title='' data-avia-related-tooltip='Compartir en Twitter' rel=\"noopener\"><span class='avia_hidden_link_text'>Compartir en Twitter<\/span><\/a><\/li><li class='av-share-link av-social-link-whatsapp' ><a target=\"_blank\" aria-label=\"Compartir en Whatsapp\" href='https:\/\/api.whatsapp.com\/send?text=https:\/\/radiorevelacionfm.cl\/?p=60469' aria-hidden='false' data-av_icon='\uf232' data-av_iconfont='entypo-fontello' title='' data-avia-related-tooltip='Compartir en Whatsapp' rel=\"noopener\"><span class='avia_hidden_link_text'>Compartir en Whatsapp<\/span><\/a><\/li><li class='av-share-link av-social-link-linkedin' ><a target=\"_blank\" aria-label=\"Compartir en LinkedIn\" href='https:\/\/linkedin.com\/shareArticle?mini=true&#038;title=Decretan%20Duelo%20Oficial%20ante%20fallecimiento%20de%20Capit%C3%A1n%20Sergio%20Hidalgo%20Leiva&#038;url=https:\/\/radiorevelacionfm.cl\/?p=60469' aria-hidden='false' data-av_icon='\ue8fc' data-av_iconfont='entypo-fontello' title='' data-avia-related-tooltip='Compartir en LinkedIn' rel=\"noopener\"><span class='avia_hidden_link_text'>Compartir en LinkedIn<\/span><\/a><\/li><li class='av-share-link av-social-link-mail' ><a  aria-label=\"Compartir por correo\" href='mailto:?subject=Decretan%20Duelo%20Oficial%20ante%20fallecimiento%20de%20Capit%C3%A1n%20Sergio%20Hidalgo%20Leiva&#038;body=https:\/\/radiorevelacionfm.cl\/?p=60469' aria-hidden='false' data-av_icon='\ue805' data-av_iconfont='entypo-fontello' title='' data-avia-related-tooltip='Compartir por correo'><span class='avia_hidden_link_text'>Compartir por correo<\/span><\/a><\/li><\/ul><\/div><\/div>\n<div  style='height:50px' class='hr hr-invisible   avia-builder-el-8  el_after_av_social_share  el_before_av_comments_list '><span class='hr-inner ' ><span class='hr-inner-style'><\/span><\/span><\/div>\n<div  class='av-buildercomment  av-blog-meta-html-info-disabled av-blog-meta-tag-disabled  '><\/div>\n","protected":false},"excerpt":{"rendered":"","protected":false},"author":1,"featured_media":60470,"comment_status":"closed","ping_status":"closed","sticky":false,"template":"","format":"standard","meta":{"footnotes":""},"categories":[61],"tags":[],"class_list":["post-60469","post","type-post","status-publish","format-standard","has-post-thumbnail","hentry","category-nacional"],"jetpack_featured_media_url":"https:\/\/radiorevelacionfm.cl\/wp-content\/uploads\/2025\/10\/DRCA5476-1-1.jpg","_links":{"self":[{"href":"https:\/\/radiorevelacionfm.cl\/index.php?rest_route=\/wp\/v2\/posts\/60469","targetHints":{"allow":["GET"]}}],"collection":[{"href":"https:\/\/radiorevelacionfm.cl\/index.php?rest_route=\/wp\/v2\/posts"}],"about":[{"href":"https:\/\/radiorevelacionfm.cl\/index.php?rest_route=\/wp\/v2\/types\/post"}],"author":[{"embeddable":true,"href":"https:\/\/radiorevelacionfm.cl\/index.php?rest_route=\/wp\/v2\/users\/1"}],"replies":[{"embeddable":true,"href":"https:\/\/radiorevelacionfm.cl\/index.php?rest_route=%2Fwp%2Fv2%2Fcomments&post=60469"}],"version-history":[{"count":2,"href":"https:\/\/radiorevelacionfm.cl\/index.php?rest_route=\/wp\/v2\/posts\/60469\/revisions"}],"predecessor-version":[{"id":60472,"href":"https:\/\/radiorevelacionfm.cl\/index.php?rest_route=\/wp\/v2\/posts\/60469\/revisions\/60472"}],"wp:featuredmedia":[{"embeddable":true,"href":"https:\/\/radiorevelacionfm.cl\/index.php?rest_route=\/wp\/v2\/media\/60470"}],"wp:attachment":[{"href":"https:\/\/radiorevelacionfm.cl\/index.php?rest_route=%2Fwp%2Fv2%2Fmedia&parent=60469"}],"wp:term":[{"taxonomy":"category","embeddable":true,"href":"https:\/\/radiorevelacionfm.cl\/index.php?rest_route=%2Fwp%2Fv2%2Fcategories&post=60469"},{"taxonomy":"post_tag","embeddable":true,"href":"https:\/\/radiorevelacionfm.cl\/index.php?rest_route=%2Fwp%2Fv2%2Ftags&post=60469"}],"curies":[{"name":"wp","href":"https:\/\/api.w.org\/{rel}","templated":true}]}}