{"id":60465,"date":"2025-10-17T17:03:27","date_gmt":"2025-10-17T20:03:27","guid":{"rendered":"https:\/\/radiorevelacionfm.cl\/?p=60465"},"modified":"2025-10-17T17:03:27","modified_gmt":"2025-10-17T20:03:27","slug":"rio-ibanez-nuevo-camion-multiproposito-fortalecera-gestion-del-municipio-en-localidades-del-interior-de-la-comuna","status":"publish","type":"post","link":"https:\/\/radiorevelacionfm.cl\/?p=60465","title":{"rendered":"R\u00edo Ib\u00e1\u00f1ez: Nuevo cami\u00f3n multiprop\u00f3sito fortalecer\u00e1 gesti\u00f3n del municipio en localidades del interior de la comuna"},"content":{"rendered":"<div class=\"flex_column av_one_full  flex_column_div av-zero-column-padding first  avia-builder-el-0  el_before_av_one_full  avia-builder-el-first  \" style='border-radius:0px; '><div  class='avia-image-container  av-styling-    avia-builder-el-1  avia-builder-el-no-sibling  avia-align-center '  itemprop=\"image\" itemscope=\"itemscope\" itemtype=\"https:\/\/schema.org\/ImageObject\"  ><div class='avia-image-container-inner'><div class='avia-image-overlay-wrap'><img decoding=\"async\" class='wp-image-60466 avia-img-lazy-loading-not-60466 avia_image' src=\"https:\/\/radiorevelacionfm.cl\/wp-content\/uploads\/2025\/10\/03-17-1_optimized-1.jpg\" alt='' title='03-(17)-(1)_optimized (1)' height=\"600\" width=\"1066\"  itemprop=\"thumbnailUrl\" srcset=\"https:\/\/radiorevelacionfm.cl\/wp-content\/uploads\/2025\/10\/03-17-1_optimized-1.jpg 1066w, https:\/\/radiorevelacionfm.cl\/wp-content\/uploads\/2025\/10\/03-17-1_optimized-1-300x169.jpg 300w, https:\/\/radiorevelacionfm.cl\/wp-content\/uploads\/2025\/10\/03-17-1_optimized-1-1030x580.jpg 1030w, https:\/\/radiorevelacionfm.cl\/wp-content\/uploads\/2025\/10\/03-17-1_optimized-1-768x432.jpg 768w, https:\/\/radiorevelacionfm.cl\/wp-content\/uploads\/2025\/10\/03-17-1_optimized-1-705x397.jpg 705w, https:\/\/radiorevelacionfm.cl\/wp-content\/uploads\/2025\/10\/03-17-1_optimized-1-450x253.jpg 450w, https:\/\/radiorevelacionfm.cl\/wp-content\/uploads\/2025\/10\/03-17-1_optimized-1-600x338.jpg 600w\" sizes=\"(max-width: 1066px) 100vw, 1066px\" \/><\/div><\/div><\/div><\/div><div class=\"flex_column av_one_full  flex_column_div av-zero-column-padding first  avia-builder-el-2  el_after_av_one_full  el_before_av_one_full  column-top-margin\" style='border-radius:0px; '><section class=\"av_textblock_section \"  itemscope=\"itemscope\" itemtype=\"https:\/\/schema.org\/BlogPosting\" itemprop=\"blogPost\" ><div class='avia_textblock  '   itemprop=\"text\" ><p style=\"text-align: center;\"><strong><span style=\"font-size: 18pt;\">R\u00edo Ib\u00e1\u00f1ez: Nuevo cami\u00f3n multiprop\u00f3sito fortalecer\u00e1 gesti\u00f3n del municipio en localidades del interior de la comuna<\/span><\/strong><\/p>\n<div id=\"gtx-trans\" style=\"position: absolute; left: -50px; top: 4.31534px;\">\n<div class=\"gtx-trans-icon\"><\/div>\n<\/div>\n<\/div><\/section><\/div><div class=\"flex_column av_one_full  flex_column_div av-zero-column-padding first  avia-builder-el-4  el_after_av_one_full  el_before_av_hr  column-top-margin\" style='border-radius:0px; '><section class=\"av_textblock_section \"  itemscope=\"itemscope\" itemtype=\"https:\/\/schema.org\/BlogPosting\" itemprop=\"blogPost\" ><div class='avia_textblock  '   itemprop=\"text\" ><ul>\n<li style=\"text-align: justify;\"><em> El veh\u00edculo ser\u00e1 destinado a apoyar la recolecci\u00f3n de escombros, residuos domiciliarios y otras labores de carga pesadas en Bah\u00eda Murta, Puerto S\u00e1nchez y Puerto R\u00edo Tranquilo.<\/em><\/li>\n<\/ul>\n<p style=\"text-align: justify;\">Con el objetivo de potenciar el trabajo operativo del municipio en las localidades del interior, este jueves 16 de octubre la comuna de R\u00edo Ib\u00e1\u00f1ez recibi\u00f3 un nuevo cami\u00f3n multiprop\u00f3sito, maquinaria que permitir\u00e1 fortalecer la gesti\u00f3n municipal en Bah\u00eda Murta, Puerto S\u00e1nchez y Puerto R\u00edo Tranquilo.<\/p>\n<p style=\"text-align: justify;\">La incorporaci\u00f3n de este veh\u00edculo, marca Mitsubishi, modelo Fuso, a\u00f1o 2023, fue posible gracias a un trabajo colaborativo entre el Gobierno Regional de Ays\u00e9n, la I. Municipalidad de Coyhaique y la I. Municipalidad de R\u00edo Ib\u00e1\u00f1ez.<\/p>\n<p style=\"text-align: justify;\">Respecto a este importante equipamiento para la Zona Sur de R\u00edo Ib\u00e1\u00f1ez, la primera autoridad comunal destac\u00f3 que \u201cva a prestar un gran apoyo en la recolecci\u00f3n de basura, ramas y el trabajo con nuestros centros de acopio. Una gran apuesta y una ayuda que nos llega de parte del Gobierno Regional de Ays\u00e9n, bajo la administraci\u00f3n del gobernador Marcelo Santana\u201d.<\/p>\n<p style=\"text-align: justify;\">En tanto, en relaci\u00f3n con la llegada de esta maquinaria, el presidente de la Junta de Vecinos de Bah\u00eda Murta, Cristian Vargas Mu\u00f1oz, asegur\u00f3 que \u201ceste cami\u00f3n viene a mejorar la gesti\u00f3n en la localidad, as\u00ed como el apoyo para Puerto S\u00e1nchez y Puerto R\u00edo Tranquilo. Estamos felices por este avance y contribuci\u00f3n al desarrollo de nuestras comunidades\u201d.<\/p>\n<\/div><\/section><\/div><div  style='height:50px' class='hr hr-invisible   avia-builder-el-6  el_after_av_one_full  el_before_av_social_share '><span class='hr-inner ' ><span class='hr-inner-style'><\/span><\/span><\/div><\/p>\n<div  class='av-social-sharing-box  avia-builder-el-7  el_after_av_hr  el_before_av_hr  '><div class='av-share-box'><h5 class='av-share-link-description av-no-toc '>Compartir esta noticia<\/h5><ul class='av-share-box-list noLightbox'><li class='av-share-link av-social-link-facebook' ><a target=\"_blank\" aria-label=\"Compartir en Facebook\" href='https:\/\/www.facebook.com\/sharer.php?u=https:\/\/radiorevelacionfm.cl\/?p=60465&#038;t=R%C3%ADo%20Ib%C3%A1%C3%B1ez%3A%20Nuevo%20cami%C3%B3n%20multiprop%C3%B3sito%20fortalecer%C3%A1%20gesti%C3%B3n%20del%20municipio%20en%20localidades%20del%20interior%20de%20la%20comuna' aria-hidden='false' data-av_icon='\ue8f3' data-av_iconfont='entypo-fontello' title='' data-avia-related-tooltip='Compartir en Facebook' rel=\"noopener\"><span class='avia_hidden_link_text'>Compartir en Facebook<\/span><\/a><\/li><li class='av-share-link av-social-link-twitter' ><a target=\"_blank\" aria-label=\"Compartir en Twitter\" href='https:\/\/twitter.com\/share?text=R%C3%ADo%20Ib%C3%A1%C3%B1ez%3A%20Nuevo%20cami%C3%B3n%20multiprop%C3%B3sito%20fortalecer%C3%A1%20gesti%C3%B3n%20del%20municipio%20en%20localidades%20del%20interior%20de%20la%20comuna&#038;url=https:\/\/radiorevelacionfm.cl\/?p=60465' aria-hidden='false' data-av_icon='\ue8f1' data-av_iconfont='entypo-fontello' title='' data-avia-related-tooltip='Compartir en Twitter' rel=\"noopener\"><span class='avia_hidden_link_text'>Compartir en Twitter<\/span><\/a><\/li><li class='av-share-link av-social-link-whatsapp' ><a target=\"_blank\" aria-label=\"Compartir en Whatsapp\" href='https:\/\/api.whatsapp.com\/send?text=https:\/\/radiorevelacionfm.cl\/?p=60465' aria-hidden='false' data-av_icon='\uf232' data-av_iconfont='entypo-fontello' title='' data-avia-related-tooltip='Compartir en Whatsapp' rel=\"noopener\"><span class='avia_hidden_link_text'>Compartir en Whatsapp<\/span><\/a><\/li><li class='av-share-link av-social-link-linkedin' ><a target=\"_blank\" aria-label=\"Compartir en LinkedIn\" href='https:\/\/linkedin.com\/shareArticle?mini=true&#038;title=R%C3%ADo%20Ib%C3%A1%C3%B1ez%3A%20Nuevo%20cami%C3%B3n%20multiprop%C3%B3sito%20fortalecer%C3%A1%20gesti%C3%B3n%20del%20municipio%20en%20localidades%20del%20interior%20de%20la%20comuna&#038;url=https:\/\/radiorevelacionfm.cl\/?p=60465' aria-hidden='false' data-av_icon='\ue8fc' data-av_iconfont='entypo-fontello' title='' data-avia-related-tooltip='Compartir en LinkedIn' rel=\"noopener\"><span class='avia_hidden_link_text'>Compartir en LinkedIn<\/span><\/a><\/li><li class='av-share-link av-social-link-mail' ><a  aria-label=\"Compartir por correo\" href='mailto:?subject=R%C3%ADo%20Ib%C3%A1%C3%B1ez%3A%20Nuevo%20cami%C3%B3n%20multiprop%C3%B3sito%20fortalecer%C3%A1%20gesti%C3%B3n%20del%20municipio%20en%20localidades%20del%20interior%20de%20la%20comuna&#038;body=https:\/\/radiorevelacionfm.cl\/?p=60465' aria-hidden='false' data-av_icon='\ue805' data-av_iconfont='entypo-fontello' title='' data-avia-related-tooltip='Compartir por correo'><span class='avia_hidden_link_text'>Compartir por correo<\/span><\/a><\/li><\/ul><\/div><\/div>\n<div  style='height:50px' class='hr hr-invisible   avia-builder-el-8  el_after_av_social_share  el_before_av_comments_list '><span class='hr-inner ' ><span class='hr-inner-style'><\/span><\/span><\/div>\n<div  class='av-buildercomment  av-blog-meta-html-info-disabled av-blog-meta-tag-disabled  '><\/div>\n","protected":false},"excerpt":{"rendered":"","protected":false},"author":1,"featured_media":60466,"comment_status":"closed","ping_status":"closed","sticky":false,"template":"","format":"standard","meta":{"footnotes":""},"categories":[38],"tags":[],"class_list":["post-60465","post","type-post","status-publish","format-standard","has-post-thumbnail","hentry","category-regional"],"jetpack_featured_media_url":"https:\/\/radiorevelacionfm.cl\/wp-content\/uploads\/2025\/10\/03-17-1_optimized-1.jpg","_links":{"self":[{"href":"https:\/\/radiorevelacionfm.cl\/index.php?rest_route=\/wp\/v2\/posts\/60465","targetHints":{"allow":["GET"]}}],"collection":[{"href":"https:\/\/radiorevelacionfm.cl\/index.php?rest_route=\/wp\/v2\/posts"}],"about":[{"href":"https:\/\/radiorevelacionfm.cl\/index.php?rest_route=\/wp\/v2\/types\/post"}],"author":[{"embeddable":true,"href":"https:\/\/radiorevelacionfm.cl\/index.php?rest_route=\/wp\/v2\/users\/1"}],"replies":[{"embeddable":true,"href":"https:\/\/radiorevelacionfm.cl\/index.php?rest_route=%2Fwp%2Fv2%2Fcomments&post=60465"}],"version-history":[{"count":2,"href":"https:\/\/radiorevelacionfm.cl\/index.php?rest_route=\/wp\/v2\/posts\/60465\/revisions"}],"predecessor-version":[{"id":60468,"href":"https:\/\/radiorevelacionfm.cl\/index.php?rest_route=\/wp\/v2\/posts\/60465\/revisions\/60468"}],"wp:featuredmedia":[{"embeddable":true,"href":"https:\/\/radiorevelacionfm.cl\/index.php?rest_route=\/wp\/v2\/media\/60466"}],"wp:attachment":[{"href":"https:\/\/radiorevelacionfm.cl\/index.php?rest_route=%2Fwp%2Fv2%2Fmedia&parent=60465"}],"wp:term":[{"taxonomy":"category","embeddable":true,"href":"https:\/\/radiorevelacionfm.cl\/index.php?rest_route=%2Fwp%2Fv2%2Fcategories&post=60465"},{"taxonomy":"post_tag","embeddable":true,"href":"https:\/\/radiorevelacionfm.cl\/index.php?rest_route=%2Fwp%2Fv2%2Ftags&post=60465"}],"curies":[{"name":"wp","href":"https:\/\/api.w.org\/{rel}","templated":true}]}}