{"id":60461,"date":"2025-10-17T15:28:14","date_gmt":"2025-10-17T18:28:14","guid":{"rendered":"https:\/\/radiorevelacionfm.cl\/?p=60461"},"modified":"2025-10-17T15:28:14","modified_gmt":"2025-10-17T18:28:14","slug":"un-53-de-avance-tiene-construccion-del-servicio-sanitario-rural-rio-los-palos-que-abastecera-con-agua-potable-a-153-familias","status":"publish","type":"post","link":"https:\/\/radiorevelacionfm.cl\/?p=60461","title":{"rendered":"Un 53% de avance tiene construcci\u00f3n del Servicio Sanitario Rural R\u00edo Los Palos que abastecer\u00e1 con agua potable a 153 familias"},"content":{"rendered":"<div class=\"flex_column av_one_full  flex_column_div av-zero-column-padding first  avia-builder-el-0  el_before_av_one_full  avia-builder-el-first  \" style='border-radius:0px; '><div  class='avia-image-container  av-styling-    avia-builder-el-1  avia-builder-el-no-sibling  avia-align-center '  itemprop=\"image\" itemscope=\"itemscope\" itemtype=\"https:\/\/schema.org\/ImageObject\"  ><div class='avia-image-container-inner'><div class='avia-image-overlay-wrap'><img decoding=\"async\" class='wp-image-60462 avia-img-lazy-loading-not-60462 avia_image' src=\"https:\/\/radiorevelacionfm.cl\/wp-content\/uploads\/2025\/10\/seremi-camaras-ssr-riopalos-1_optimized-1.jpg\" alt='' title='seremi-camaras-ssr-riopalos-(1)_optimized (1)' height=\"600\" width=\"900\"  itemprop=\"thumbnailUrl\" srcset=\"https:\/\/radiorevelacionfm.cl\/wp-content\/uploads\/2025\/10\/seremi-camaras-ssr-riopalos-1_optimized-1.jpg 900w, https:\/\/radiorevelacionfm.cl\/wp-content\/uploads\/2025\/10\/seremi-camaras-ssr-riopalos-1_optimized-1-300x200.jpg 300w, https:\/\/radiorevelacionfm.cl\/wp-content\/uploads\/2025\/10\/seremi-camaras-ssr-riopalos-1_optimized-1-768x512.jpg 768w, https:\/\/radiorevelacionfm.cl\/wp-content\/uploads\/2025\/10\/seremi-camaras-ssr-riopalos-1_optimized-1-705x470.jpg 705w, https:\/\/radiorevelacionfm.cl\/wp-content\/uploads\/2025\/10\/seremi-camaras-ssr-riopalos-1_optimized-1-450x300.jpg 450w, https:\/\/radiorevelacionfm.cl\/wp-content\/uploads\/2025\/10\/seremi-camaras-ssr-riopalos-1_optimized-1-600x400.jpg 600w\" sizes=\"(max-width: 900px) 100vw, 900px\" \/><\/div><\/div><\/div><\/div><div class=\"flex_column av_one_full  flex_column_div av-zero-column-padding first  avia-builder-el-2  el_after_av_one_full  el_before_av_one_full  column-top-margin\" style='border-radius:0px; '><section class=\"av_textblock_section \"  itemscope=\"itemscope\" itemtype=\"https:\/\/schema.org\/BlogPosting\" itemprop=\"blogPost\" ><div class='avia_textblock  '   itemprop=\"text\" ><p style=\"text-align: center;\"><strong><span style=\"font-size: 18pt;\">Un 53% de avance tiene construcci\u00f3n del Servicio Sanitario Rural R\u00edo Los Palos que abastecer\u00e1 con agua potable a 153 familias <\/span><\/strong><\/p>\n<div id=\"gtx-trans\" style=\"position: absolute; left: -50px; top: 4.31534px;\">\n<div class=\"gtx-trans-icon\"><\/div>\n<\/div>\n<\/div><\/section><\/div><div class=\"flex_column av_one_full  flex_column_div av-zero-column-padding first  avia-builder-el-4  el_after_av_one_full  el_before_av_hr  column-top-margin\" style='border-radius:0px; '><section class=\"av_textblock_section \"  itemscope=\"itemscope\" itemtype=\"https:\/\/schema.org\/BlogPosting\" itemprop=\"blogPost\" ><div class='avia_textblock  '   itemprop=\"text\" ><p style=\"text-align: justify;\">Hasta el sector de R\u00edo Los Palos, en la comuna de Ays\u00e9n lleg\u00f3 esta semana la Secretaria Regional Ministerial de Obras P\u00fablicas Paloma Jara junto al Subdirector de Servicios Sanitarios Rurales de la direcci\u00f3n de Obras Hidr\u00e1ulicas del MOP Pablo Rojas, el presidente del Comit\u00e9 de Agua Potable Rural de R\u00edo Los Palos Ra\u00fal Arce Salinas y vecinas del sector para efectuar un recorrido por las obras y constatar los avances que a la fecha tiene la ejecuci\u00f3n de esta obra.<\/p>\n<p style=\"text-align: justify;\">Paloma Jara una vez que visit\u00f3 a los y las vecinas y los trabajos constat\u00f3 que han avanzado 53%, se\u00f1alando que es \u201cun proyecto muy esperado por esta comunidad que va a dotar de agua potable a m\u00e1s de 135 familias y que consta de una inversi\u00f3n de sobre los 2.100 millones\u201d.<\/p>\n<p style=\"text-align: justify;\">La representante regional del MOP, relev\u00f3 que \u201cpoder entregar agua potable rural en cada uno de los rincones de nuestra regi\u00f3n, pero por sobre todo que nuestros vecinos est\u00e9n informados de este importante beneficio, y de c\u00f3mo va a seguir su proyecto, es prioritario para nosotros. Ya vinimos, pusimos la primera tuber\u00eda, hoy d\u00eda vimos los avances t\u00e9cnicos y lo que viene ya pronto \u00a0ser\u00e1 empezar a acompa\u00f1arlos en c\u00f3mo va a ser su devenir como Comit\u00e9, c\u00f3mo van a operar y que muy pronto ya estaremos inaugurando esta obra\u201d.<\/p>\n<p style=\"text-align: justify;\">Rosa C\u00e1rdenas, vecina e integrante del Comit\u00e9 de Agua Potable Rural R\u00edo Los Palos, convers\u00f3 con la Seremi Paloma Jara y destac\u00f3 el trabajo del Ministerio de Obras P\u00fablicas en la zona y la claridad con la que la autoridad regional les explic\u00f3 sus derechos como vecinos. \u201cBien, bastante bien, un trabajo que se ha avanzado harto. En cuanto a la Seremi, muy buena la explicaci\u00f3n que dio, fue muy clara en lo que explic\u00f3, as\u00ed que eso me dej\u00f3 bastante contenta, sobre todo que explic\u00f3 los derechos que uno tiene en cuanto al agua, la instalaci\u00f3n del medidor, de la instalaci\u00f3n hacia la casa, bien explicado, con palabras que uno entiende bien, as\u00ed que a m\u00ed por lo menos me dej\u00f3 contenta y me dej\u00f3 conforme\u201d.<\/p>\n<p style=\"text-align: justify;\">Las obras inspeccionadas por las autoridades y vecinos consideran un plazo de ejecuci\u00f3n de 541 d\u00edas, dijo el Subdirector de Servicios Sanitarios Rurales de la DOH-MOP, Pablo Rojas, quien adem\u00e1s detallo algunos alcances de los trabajos en ejecuci\u00f3n: \u201cPudimos ver las estructuras de una c\u00e1mara que van instaladas en la red de distribuci\u00f3n, generalmente para sectorizaci\u00f3n del sistema de distribuci\u00f3n. Hoy d\u00eda constatamos el avance con 11.000 metros de tuber\u00eda instalada, 73 arranques instalados tambi\u00e9n, as\u00ed que estamos bastante conformes del avance del contrato. Hoy d\u00eda ya llevamos un 53%, as\u00ed que nos vamos bastante contentos por lo que se ha visto en esta visita\u201d.<\/p>\n<p style=\"text-align: justify;\">Adem\u00e1s, Pablo Rojas, comento que se contempla construir una captaci\u00f3n gravitacional en estero La Pancha, construcci\u00f3n de un estanque de regulaci\u00f3n de hormig\u00f3n armado de 75 m3, medidores en los hogares, instalaci\u00f3n de c\u00e1maras de ventosas, c\u00e1mara de corte y c\u00e1maras de desag\u00fce en la red, y la construcci\u00f3n de casetas de tratamiento para limpieza y desinfecci\u00f3n con la incorporaci\u00f3n de filtro de turbiedad y bomba de cloraci\u00f3n; tambi\u00e9n se considera la instalaci\u00f3n de paneles solares para la iluminaci\u00f3n y funcionamiento de las casetas de tratamiento y desinfecci\u00f3n, y cierre de los recintos con cerco malla. Adem\u00e1s, se ha comenzado a trabajar en el camino de acceso al sector de la captaci\u00f3n.<\/p>\n<p style=\"text-align: justify;\">Rosa C\u00e1rdenas tambi\u00e9n se refiri\u00f3 a los trabajos que est\u00e1 realizando la empresa constructora, indicando que \u201cdel tiempo que est\u00e1n trabajando ha habido bastante avance, yo los tengo aqu\u00ed al frente, as\u00ed que yo veo c\u00f3mo trabajan, todo lo que hacen, si hay corte de camino ellos avisan y est\u00e1n dando paso a cada ratito, o sea uno no espera m\u00e1s de 5 o 10 minutos y ya le dan la pasada, y siempre est\u00e1n avisando que es lo principal. Entonces, uno ya sabe a qu\u00e9 hora m\u00e1s o menos hay un corte, cuando tienen que hacer cortes por las tuber\u00edas que est\u00e1n instalando, pero todo bien. Bien, bastante bien\u201d.<\/p>\n<p style=\"text-align: justify;\">Consultada sobre los nuevos adelantos con los que contar\u00e1 para abastecerse de agua, la dirigenta coment\u00f3 que \u201cnosotros tenemos agua que sacamos arriba en el cerro, pero ahora ya vamos a tener agua potable, que es un agua sanitizada, tratada, as\u00ed que bien a todos, sobre todo donde hay ni\u00f1os, gente mayor, ya que las enfermedades con el agua que no est\u00e9 tratada igual complica, con esto es un avance tremendo\u201d.<\/p>\n<\/div><\/section><\/div><div  style='height:50px' class='hr hr-invisible   avia-builder-el-6  el_after_av_one_full  el_before_av_social_share '><span class='hr-inner ' ><span class='hr-inner-style'><\/span><\/span><\/div><\/p>\n<div  class='av-social-sharing-box  avia-builder-el-7  el_after_av_hr  el_before_av_hr  '><div class='av-share-box'><h5 class='av-share-link-description av-no-toc '>Compartir esta noticia<\/h5><ul class='av-share-box-list noLightbox'><li class='av-share-link av-social-link-facebook' ><a target=\"_blank\" aria-label=\"Compartir en Facebook\" href='https:\/\/www.facebook.com\/sharer.php?u=https:\/\/radiorevelacionfm.cl\/?p=60461&#038;t=Un%2053%25%20de%20avance%20tiene%20construcci%C3%B3n%20del%20Servicio%20Sanitario%20Rural%20R%C3%ADo%20Los%20Palos%20que%20abastecer%C3%A1%20con%20agua%20potable%20a%20153%20familias' aria-hidden='false' data-av_icon='\ue8f3' data-av_iconfont='entypo-fontello' title='' data-avia-related-tooltip='Compartir en Facebook' rel=\"noopener\"><span class='avia_hidden_link_text'>Compartir en Facebook<\/span><\/a><\/li><li class='av-share-link av-social-link-twitter' ><a target=\"_blank\" aria-label=\"Compartir en Twitter\" href='https:\/\/twitter.com\/share?text=Un%2053%25%20de%20avance%20tiene%20construcci%C3%B3n%20del%20Servicio%20Sanitario%20Rural%20R%C3%ADo%20Los%20Palos%20que%20abastecer%C3%A1%20con%20agua%20potable%20a%20153%20familias&#038;url=https:\/\/radiorevelacionfm.cl\/?p=60461' aria-hidden='false' data-av_icon='\ue8f1' data-av_iconfont='entypo-fontello' title='' data-avia-related-tooltip='Compartir en Twitter' rel=\"noopener\"><span class='avia_hidden_link_text'>Compartir en Twitter<\/span><\/a><\/li><li class='av-share-link av-social-link-whatsapp' ><a target=\"_blank\" aria-label=\"Compartir en Whatsapp\" href='https:\/\/api.whatsapp.com\/send?text=https:\/\/radiorevelacionfm.cl\/?p=60461' aria-hidden='false' data-av_icon='\uf232' data-av_iconfont='entypo-fontello' title='' data-avia-related-tooltip='Compartir en Whatsapp' rel=\"noopener\"><span class='avia_hidden_link_text'>Compartir en Whatsapp<\/span><\/a><\/li><li class='av-share-link av-social-link-linkedin' ><a target=\"_blank\" aria-label=\"Compartir en LinkedIn\" href='https:\/\/linkedin.com\/shareArticle?mini=true&#038;title=Un%2053%25%20de%20avance%20tiene%20construcci%C3%B3n%20del%20Servicio%20Sanitario%20Rural%20R%C3%ADo%20Los%20Palos%20que%20abastecer%C3%A1%20con%20agua%20potable%20a%20153%20familias&#038;url=https:\/\/radiorevelacionfm.cl\/?p=60461' aria-hidden='false' data-av_icon='\ue8fc' data-av_iconfont='entypo-fontello' title='' data-avia-related-tooltip='Compartir en LinkedIn' rel=\"noopener\"><span class='avia_hidden_link_text'>Compartir en LinkedIn<\/span><\/a><\/li><li class='av-share-link av-social-link-mail' ><a  aria-label=\"Compartir por correo\" href='mailto:?subject=Un%2053%25%20de%20avance%20tiene%20construcci%C3%B3n%20del%20Servicio%20Sanitario%20Rural%20R%C3%ADo%20Los%20Palos%20que%20abastecer%C3%A1%20con%20agua%20potable%20a%20153%20familias&#038;body=https:\/\/radiorevelacionfm.cl\/?p=60461' aria-hidden='false' data-av_icon='\ue805' data-av_iconfont='entypo-fontello' title='' data-avia-related-tooltip='Compartir por correo'><span class='avia_hidden_link_text'>Compartir por correo<\/span><\/a><\/li><\/ul><\/div><\/div>\n<div  style='height:50px' class='hr hr-invisible   avia-builder-el-8  el_after_av_social_share  el_before_av_comments_list '><span class='hr-inner ' ><span class='hr-inner-style'><\/span><\/span><\/div>\n<div  class='av-buildercomment  av-blog-meta-html-info-disabled av-blog-meta-tag-disabled  '><\/div>\n","protected":false},"excerpt":{"rendered":"","protected":false},"author":1,"featured_media":60462,"comment_status":"closed","ping_status":"closed","sticky":false,"template":"","format":"standard","meta":{"footnotes":""},"categories":[38],"tags":[],"class_list":["post-60461","post","type-post","status-publish","format-standard","has-post-thumbnail","hentry","category-regional"],"jetpack_featured_media_url":"https:\/\/radiorevelacionfm.cl\/wp-content\/uploads\/2025\/10\/seremi-camaras-ssr-riopalos-1_optimized-1.jpg","_links":{"self":[{"href":"https:\/\/radiorevelacionfm.cl\/index.php?rest_route=\/wp\/v2\/posts\/60461","targetHints":{"allow":["GET"]}}],"collection":[{"href":"https:\/\/radiorevelacionfm.cl\/index.php?rest_route=\/wp\/v2\/posts"}],"about":[{"href":"https:\/\/radiorevelacionfm.cl\/index.php?rest_route=\/wp\/v2\/types\/post"}],"author":[{"embeddable":true,"href":"https:\/\/radiorevelacionfm.cl\/index.php?rest_route=\/wp\/v2\/users\/1"}],"replies":[{"embeddable":true,"href":"https:\/\/radiorevelacionfm.cl\/index.php?rest_route=%2Fwp%2Fv2%2Fcomments&post=60461"}],"version-history":[{"count":2,"href":"https:\/\/radiorevelacionfm.cl\/index.php?rest_route=\/wp\/v2\/posts\/60461\/revisions"}],"predecessor-version":[{"id":60464,"href":"https:\/\/radiorevelacionfm.cl\/index.php?rest_route=\/wp\/v2\/posts\/60461\/revisions\/60464"}],"wp:featuredmedia":[{"embeddable":true,"href":"https:\/\/radiorevelacionfm.cl\/index.php?rest_route=\/wp\/v2\/media\/60462"}],"wp:attachment":[{"href":"https:\/\/radiorevelacionfm.cl\/index.php?rest_route=%2Fwp%2Fv2%2Fmedia&parent=60461"}],"wp:term":[{"taxonomy":"category","embeddable":true,"href":"https:\/\/radiorevelacionfm.cl\/index.php?rest_route=%2Fwp%2Fv2%2Fcategories&post=60461"},{"taxonomy":"post_tag","embeddable":true,"href":"https:\/\/radiorevelacionfm.cl\/index.php?rest_route=%2Fwp%2Fv2%2Ftags&post=60461"}],"curies":[{"name":"wp","href":"https:\/\/api.w.org\/{rel}","templated":true}]}}