{"id":60452,"date":"2025-10-17T11:33:43","date_gmt":"2025-10-17T14:33:43","guid":{"rendered":"https:\/\/radiorevelacionfm.cl\/?p=60452"},"modified":"2025-10-17T12:37:55","modified_gmt":"2025-10-17T15:37:55","slug":"la-fuerza-aerea-de-chile-con-profundo-pesar-comunica-el-sensible-fallecimiento-del-capitan-de-bandada-a-sergio-hidalgo-leiva","status":"publish","type":"post","link":"https:\/\/radiorevelacionfm.cl\/?p=60452","title":{"rendered":"La Fuerza A\u00e9rea de Chile, con profundo pesar comunica el sensible fallecimiento del Capit\u00e1n de Bandada (A) Sergio Hidalgo Leiva"},"content":{"rendered":"<div class=\"flex_column av_one_full  flex_column_div av-zero-column-padding first  avia-builder-el-0  el_before_av_one_full  avia-builder-el-first  \" style='border-radius:0px; '><div  class='avia-image-container  av-styling-    avia-builder-el-1  avia-builder-el-no-sibling  avia-align-center '  itemprop=\"image\" itemscope=\"itemscope\" itemtype=\"https:\/\/schema.org\/ImageObject\"  ><div class='avia-image-container-inner'><div class='avia-image-overlay-wrap'><img decoding=\"async\" class='wp-image-60457 avia-img-lazy-loading-not-60457 avia_image' src=\"https:\/\/radiorevelacionfm.cl\/wp-content\/uploads\/2025\/10\/FACH-Accidente-1-1.jpg\" alt='' title='FACH Accidente (1) (1)' height=\"600\" width=\"1016\"  itemprop=\"thumbnailUrl\" srcset=\"https:\/\/radiorevelacionfm.cl\/wp-content\/uploads\/2025\/10\/FACH-Accidente-1-1.jpg 1016w, https:\/\/radiorevelacionfm.cl\/wp-content\/uploads\/2025\/10\/FACH-Accidente-1-1-300x177.jpg 300w, https:\/\/radiorevelacionfm.cl\/wp-content\/uploads\/2025\/10\/FACH-Accidente-1-1-768x454.jpg 768w, https:\/\/radiorevelacionfm.cl\/wp-content\/uploads\/2025\/10\/FACH-Accidente-1-1-705x416.jpg 705w, https:\/\/radiorevelacionfm.cl\/wp-content\/uploads\/2025\/10\/FACH-Accidente-1-1-450x266.jpg 450w, https:\/\/radiorevelacionfm.cl\/wp-content\/uploads\/2025\/10\/FACH-Accidente-1-1-600x354.jpg 600w\" sizes=\"(max-width: 1016px) 100vw, 1016px\" \/><\/div><\/div><\/div><\/div><div class=\"flex_column av_one_full  flex_column_div av-zero-column-padding first  avia-builder-el-2  el_after_av_one_full  el_before_av_one_full  column-top-margin\" style='border-radius:0px; '><section class=\"av_textblock_section \"  itemscope=\"itemscope\" itemtype=\"https:\/\/schema.org\/BlogPosting\" itemprop=\"blogPost\" ><div class='avia_textblock  '   itemprop=\"text\" ><p style=\"text-align: center;\"><strong><span style=\"font-size: 18pt;\">La Fuerza A\u00e9rea de Chile, con profundo pesar comunica el sensible fallecimiento del Capit\u00e1n de Bandada (A) Sergio Hidalgo Leiva\u00a0<\/span><\/strong><\/p>\n<\/div><\/section><\/div><\/p>\n<div class=\"flex_column av_one_full  flex_column_div av-zero-column-padding first  avia-builder-el-4  el_after_av_one_full  el_before_av_hr  column-top-margin\" style='border-radius:0px; '><section class=\"av_textblock_section \"  itemscope=\"itemscope\" itemtype=\"https:\/\/schema.org\/BlogPosting\" itemprop=\"blogPost\" ><div class='avia_textblock  '   itemprop=\"text\" ><p style=\"text-align: justify;\">La Fuerza A\u00e9rea de Chile, con profundo pesar comunica el sensible fallecimiento del Capit\u00e1n de Bandada (A) Sergio Hidalgo Leiva (Q.E.P.D), quien se desempe\u00f1aba como piloto de la aeronave y prestaba servicios en el Grupo de Aviaci\u00f3n N\u00b0 9. Sus familiares fueron informados y actualmente est\u00e1n recibiendo todo el apoyo necesario por parte de la Instituci\u00f3n.<\/p>\n<p style=\"text-align: justify;\">Asimismo, informa que los tres tripulantes sobrevivientes del helic\u00f3ptero MH-60M Black- Hawk fueron rescatados, encontr\u00e1ndose fuera de riesgo vital y en estos momentos est\u00e1n siendo atendidos por personal m\u00e9dico en un centro asistencial, para posteriormente ser trasladados al Hospital Institucional en Santiago.<\/p>\n<p style=\"text-align: justify;\">Paralelamente, se dispuso una investigaci\u00f3n para determinar las causas que provocaron este lamentable accidente el cual enluta a todo nuestro pa\u00eds, debido a que afect\u00f3 a Aviadores Militares que se encontraban cumpliendo funciones en apoyo humanitario a chilenos que viven en zonas extremas de nuestro territorio nacional.<\/p>\n<p style=\"text-align: justify;\">Finalmente, la Fuerza A\u00e9rea de Chile en estos momentos de dolor, desea reiterar su fiel compromiso con el cumplimiento de su misi\u00f3n, como tambi\u00e9n el apoyo a todos los habitantes de nuestro pa\u00eds, cada vez que sea requerido.<\/p>\n<\/div><\/section><\/div>\n<div  style='height:50px' class='hr hr-invisible   avia-builder-el-6  el_after_av_one_full  el_before_av_social_share '><span class='hr-inner ' ><span class='hr-inner-style'><\/span><\/span><\/div>\n<div  class='av-social-sharing-box  avia-builder-el-7  el_after_av_hr  el_before_av_hr  '><div class='av-share-box'><h5 class='av-share-link-description av-no-toc '>Compartir esta noticia<\/h5><ul class='av-share-box-list noLightbox'><li class='av-share-link av-social-link-facebook' ><a target=\"_blank\" aria-label=\"Compartir en Facebook\" href='https:\/\/www.facebook.com\/sharer.php?u=https:\/\/radiorevelacionfm.cl\/?p=60452&#038;t=La%20Fuerza%20A%C3%A9rea%20de%20Chile%2C%20con%20profundo%20pesar%20comunica%20el%20sensible%20fallecimiento%20del%20Capit%C3%A1n%20de%20Bandada%20%28A%29%20Sergio%20Hidalgo%20Leiva' aria-hidden='false' data-av_icon='\ue8f3' data-av_iconfont='entypo-fontello' title='' data-avia-related-tooltip='Compartir en Facebook' rel=\"noopener\"><span class='avia_hidden_link_text'>Compartir en Facebook<\/span><\/a><\/li><li class='av-share-link av-social-link-twitter' ><a target=\"_blank\" aria-label=\"Compartir en Twitter\" href='https:\/\/twitter.com\/share?text=La%20Fuerza%20A%C3%A9rea%20de%20Chile%2C%20con%20profundo%20pesar%20comunica%20el%20sensible%20fallecimiento%20del%20Capit%C3%A1n%20de%20Bandada%20%28A%29%20Sergio%20Hidalgo%20Leiva&#038;url=https:\/\/radiorevelacionfm.cl\/?p=60452' aria-hidden='false' data-av_icon='\ue8f1' data-av_iconfont='entypo-fontello' title='' data-avia-related-tooltip='Compartir en Twitter' rel=\"noopener\"><span class='avia_hidden_link_text'>Compartir en Twitter<\/span><\/a><\/li><li class='av-share-link av-social-link-whatsapp' ><a target=\"_blank\" aria-label=\"Compartir en Whatsapp\" href='https:\/\/api.whatsapp.com\/send?text=https:\/\/radiorevelacionfm.cl\/?p=60452' aria-hidden='false' data-av_icon='\uf232' data-av_iconfont='entypo-fontello' title='' data-avia-related-tooltip='Compartir en Whatsapp' rel=\"noopener\"><span class='avia_hidden_link_text'>Compartir en Whatsapp<\/span><\/a><\/li><li class='av-share-link av-social-link-linkedin' ><a target=\"_blank\" aria-label=\"Compartir en LinkedIn\" href='https:\/\/linkedin.com\/shareArticle?mini=true&#038;title=La%20Fuerza%20A%C3%A9rea%20de%20Chile%2C%20con%20profundo%20pesar%20comunica%20el%20sensible%20fallecimiento%20del%20Capit%C3%A1n%20de%20Bandada%20%28A%29%20Sergio%20Hidalgo%20Leiva&#038;url=https:\/\/radiorevelacionfm.cl\/?p=60452' aria-hidden='false' data-av_icon='\ue8fc' data-av_iconfont='entypo-fontello' title='' data-avia-related-tooltip='Compartir en LinkedIn' rel=\"noopener\"><span class='avia_hidden_link_text'>Compartir en LinkedIn<\/span><\/a><\/li><li class='av-share-link av-social-link-mail' ><a  aria-label=\"Compartir por correo\" href='mailto:?subject=La%20Fuerza%20A%C3%A9rea%20de%20Chile%2C%20con%20profundo%20pesar%20comunica%20el%20sensible%20fallecimiento%20del%20Capit%C3%A1n%20de%20Bandada%20%28A%29%20Sergio%20Hidalgo%20Leiva&#038;body=https:\/\/radiorevelacionfm.cl\/?p=60452' aria-hidden='false' data-av_icon='\ue805' data-av_iconfont='entypo-fontello' title='' data-avia-related-tooltip='Compartir por correo'><span class='avia_hidden_link_text'>Compartir por correo<\/span><\/a><\/li><\/ul><\/div><\/div>\n<div  style='height:50px' class='hr hr-invisible   avia-builder-el-8  el_after_av_social_share  el_before_av_comments_list '><span class='hr-inner ' ><span class='hr-inner-style'><\/span><\/span><\/div>\n<div  class='av-buildercomment  av-blog-meta-html-info-disabled av-blog-meta-tag-disabled  '><\/div>\n","protected":false},"excerpt":{"rendered":"","protected":false},"author":1,"featured_media":60457,"comment_status":"closed","ping_status":"closed","sticky":false,"template":"","format":"standard","meta":{"footnotes":""},"categories":[38],"tags":[],"class_list":["post-60452","post","type-post","status-publish","format-standard","has-post-thumbnail","hentry","category-regional"],"jetpack_featured_media_url":"https:\/\/radiorevelacionfm.cl\/wp-content\/uploads\/2025\/10\/FACH-Accidente-1-1.jpg","_links":{"self":[{"href":"https:\/\/radiorevelacionfm.cl\/index.php?rest_route=\/wp\/v2\/posts\/60452","targetHints":{"allow":["GET"]}}],"collection":[{"href":"https:\/\/radiorevelacionfm.cl\/index.php?rest_route=\/wp\/v2\/posts"}],"about":[{"href":"https:\/\/radiorevelacionfm.cl\/index.php?rest_route=\/wp\/v2\/types\/post"}],"author":[{"embeddable":true,"href":"https:\/\/radiorevelacionfm.cl\/index.php?rest_route=\/wp\/v2\/users\/1"}],"replies":[{"embeddable":true,"href":"https:\/\/radiorevelacionfm.cl\/index.php?rest_route=%2Fwp%2Fv2%2Fcomments&post=60452"}],"version-history":[{"count":3,"href":"https:\/\/radiorevelacionfm.cl\/index.php?rest_route=\/wp\/v2\/posts\/60452\/revisions"}],"predecessor-version":[{"id":60456,"href":"https:\/\/radiorevelacionfm.cl\/index.php?rest_route=\/wp\/v2\/posts\/60452\/revisions\/60456"}],"wp:featuredmedia":[{"embeddable":true,"href":"https:\/\/radiorevelacionfm.cl\/index.php?rest_route=\/wp\/v2\/media\/60457"}],"wp:attachment":[{"href":"https:\/\/radiorevelacionfm.cl\/index.php?rest_route=%2Fwp%2Fv2%2Fmedia&parent=60452"}],"wp:term":[{"taxonomy":"category","embeddable":true,"href":"https:\/\/radiorevelacionfm.cl\/index.php?rest_route=%2Fwp%2Fv2%2Fcategories&post=60452"},{"taxonomy":"post_tag","embeddable":true,"href":"https:\/\/radiorevelacionfm.cl\/index.php?rest_route=%2Fwp%2Fv2%2Ftags&post=60452"}],"curies":[{"name":"wp","href":"https:\/\/api.w.org\/{rel}","templated":true}]}}