{"id":60448,"date":"2025-10-17T10:05:23","date_gmt":"2025-10-17T13:05:23","guid":{"rendered":"https:\/\/radiorevelacionfm.cl\/?p=60448"},"modified":"2025-10-17T10:52:40","modified_gmt":"2025-10-17T13:52:40","slug":"fach-confirma-hallazgo-de-helicoptero-black-hawk-con-los-cuatro-ocupantes-tres-de-ellos-con-vida-y-uno-lamentablemente-fallecido","status":"publish","type":"post","link":"https:\/\/radiorevelacionfm.cl\/?p=60448","title":{"rendered":"FACH confirma hallazgo de helic\u00f3ptero Black Hawk, con los cuatro ocupantes, tres de ellos con vida y uno lamentablemente fallecido"},"content":{"rendered":"<div class=\"flex_column av_one_full  flex_column_div av-zero-column-padding first  avia-builder-el-0  el_before_av_one_full  avia-builder-el-first  \" style='border-radius:0px; '><div  class='avia-image-container  av-styling-    avia-builder-el-1  avia-builder-el-no-sibling  avia-align-center '  itemprop=\"image\" itemscope=\"itemscope\" itemtype=\"https:\/\/schema.org\/ImageObject\"  ><div class='avia-image-container-inner'><div class='avia-image-overlay-wrap'><img decoding=\"async\" class='wp-image-60449 avia-img-lazy-loading-not-60449 avia_image' src=\"https:\/\/radiorevelacionfm.cl\/wp-content\/uploads\/2025\/10\/558920873_1401508398641717_6292648423536352683_n-1-1.jpg\" alt='' title='558920873_1401508398641717_6292648423536352683_n (1) (1)' height=\"682\" width=\"801\"  itemprop=\"thumbnailUrl\" srcset=\"https:\/\/radiorevelacionfm.cl\/wp-content\/uploads\/2025\/10\/558920873_1401508398641717_6292648423536352683_n-1-1.jpg 801w, https:\/\/radiorevelacionfm.cl\/wp-content\/uploads\/2025\/10\/558920873_1401508398641717_6292648423536352683_n-1-1-300x255.jpg 300w, https:\/\/radiorevelacionfm.cl\/wp-content\/uploads\/2025\/10\/558920873_1401508398641717_6292648423536352683_n-1-1-768x654.jpg 768w, https:\/\/radiorevelacionfm.cl\/wp-content\/uploads\/2025\/10\/558920873_1401508398641717_6292648423536352683_n-1-1-705x600.jpg 705w, https:\/\/radiorevelacionfm.cl\/wp-content\/uploads\/2025\/10\/558920873_1401508398641717_6292648423536352683_n-1-1-450x383.jpg 450w, https:\/\/radiorevelacionfm.cl\/wp-content\/uploads\/2025\/10\/558920873_1401508398641717_6292648423536352683_n-1-1-600x511.jpg 600w\" sizes=\"(max-width: 801px) 100vw, 801px\" \/><\/div><\/div><\/div><\/div><div class=\"flex_column av_one_full  flex_column_div av-zero-column-padding first  avia-builder-el-2  el_after_av_one_full  el_before_av_one_full  column-top-margin\" style='border-radius:0px; '><section class=\"av_textblock_section \"  itemscope=\"itemscope\" itemtype=\"https:\/\/schema.org\/BlogPosting\" itemprop=\"blogPost\" ><div class='avia_textblock  '   itemprop=\"text\" ><p style=\"text-align: center;\"><strong><span style=\"font-size: 18pt;\">FACH confirma hallazgo de helic\u00f3ptero Black Hawk, con los cuatro ocupantes, tres de ellos con vida y uno lamentablemente fallecido<\/span><\/strong><\/p>\n<div id=\"gtx-trans\" style=\"position: absolute; left: -50px; top: 4.31534px;\">\n<div class=\"gtx-trans-icon\"><\/div>\n<\/div>\n<\/div><\/section><\/div><div class=\"flex_column av_one_full  flex_column_div av-zero-column-padding first  avia-builder-el-4  el_after_av_one_full  el_before_av_hr  column-top-margin\" style='border-radius:0px; '><section class=\"av_textblock_section \"  itemscope=\"itemscope\" itemtype=\"https:\/\/schema.org\/BlogPosting\" itemprop=\"blogPost\" ><div class='avia_textblock  '   itemprop=\"text\" ><p style=\"text-align: justify;\">La Fuerza A\u00e9rea de Chile (FACh) informa que durante la ma\u00f1ana de este viernes fue ubicado el helic\u00f3ptero MH-60M Black Hawk, desaparecido en el sector de Campos de Hielo Sur.<\/p>\n<p style=\"text-align: justify;\">La aeronave fue hallada con sus cuatro ocupantes en el interior: tres de ellos con vida y uno lamentablemente fallecido.<\/p>\n<p style=\"text-align: justify;\">En estos momentos se desarrollan labores de rescate con apoyo de aeronaves y personal PARASAR. Adem\u00e1s, la Instituci\u00f3n brinda asistencia y contenci\u00f3n a las familias de los tripulantes accidentados.<\/p>\n<p style=\"text-align: justify;\">La FACh reiter\u00f3 su compromiso con mantener informada a la opini\u00f3n p\u00fablica, se\u00f1alando que se contin\u00faa recabando antecedentes y que nueva informaci\u00f3n ser\u00e1 comunicada oportunamente por los canales oficiales.<\/p>\n<\/div><\/section><\/div><div  style='height:50px' class='hr hr-invisible   avia-builder-el-6  el_after_av_one_full  el_before_av_social_share '><span class='hr-inner ' ><span class='hr-inner-style'><\/span><\/span><\/div><\/p>\n<div  class='av-social-sharing-box  avia-builder-el-7  el_after_av_hr  el_before_av_hr  '><div class='av-share-box'><h5 class='av-share-link-description av-no-toc '>Compartir esta noticia<\/h5><ul class='av-share-box-list noLightbox'><li class='av-share-link av-social-link-facebook' ><a target=\"_blank\" aria-label=\"Compartir en Facebook\" href='https:\/\/www.facebook.com\/sharer.php?u=https:\/\/radiorevelacionfm.cl\/?p=60448&#038;t=FACH%20confirma%20hallazgo%20de%20helic%C3%B3ptero%20Black%20Hawk%2C%20con%20los%20cuatro%20ocupantes%2C%20tres%20de%20ellos%20con%20vida%20y%20uno%20lamentablemente%20fallecido' aria-hidden='false' data-av_icon='\ue8f3' data-av_iconfont='entypo-fontello' title='' data-avia-related-tooltip='Compartir en Facebook' rel=\"noopener\"><span class='avia_hidden_link_text'>Compartir en Facebook<\/span><\/a><\/li><li class='av-share-link av-social-link-twitter' ><a target=\"_blank\" aria-label=\"Compartir en Twitter\" href='https:\/\/twitter.com\/share?text=FACH%20confirma%20hallazgo%20de%20helic%C3%B3ptero%20Black%20Hawk%2C%20con%20los%20cuatro%20ocupantes%2C%20tres%20de%20ellos%20con%20vida%20y%20uno%20lamentablemente%20fallecido&#038;url=https:\/\/radiorevelacionfm.cl\/?p=60448' aria-hidden='false' data-av_icon='\ue8f1' data-av_iconfont='entypo-fontello' title='' data-avia-related-tooltip='Compartir en Twitter' rel=\"noopener\"><span class='avia_hidden_link_text'>Compartir en Twitter<\/span><\/a><\/li><li class='av-share-link av-social-link-whatsapp' ><a target=\"_blank\" aria-label=\"Compartir en Whatsapp\" href='https:\/\/api.whatsapp.com\/send?text=https:\/\/radiorevelacionfm.cl\/?p=60448' aria-hidden='false' data-av_icon='\uf232' data-av_iconfont='entypo-fontello' title='' data-avia-related-tooltip='Compartir en Whatsapp' rel=\"noopener\"><span class='avia_hidden_link_text'>Compartir en Whatsapp<\/span><\/a><\/li><li class='av-share-link av-social-link-linkedin' ><a target=\"_blank\" aria-label=\"Compartir en LinkedIn\" href='https:\/\/linkedin.com\/shareArticle?mini=true&#038;title=FACH%20confirma%20hallazgo%20de%20helic%C3%B3ptero%20Black%20Hawk%2C%20con%20los%20cuatro%20ocupantes%2C%20tres%20de%20ellos%20con%20vida%20y%20uno%20lamentablemente%20fallecido&#038;url=https:\/\/radiorevelacionfm.cl\/?p=60448' aria-hidden='false' data-av_icon='\ue8fc' data-av_iconfont='entypo-fontello' title='' data-avia-related-tooltip='Compartir en LinkedIn' rel=\"noopener\"><span class='avia_hidden_link_text'>Compartir en LinkedIn<\/span><\/a><\/li><li class='av-share-link av-social-link-mail' ><a  aria-label=\"Compartir por correo\" href='mailto:?subject=FACH%20confirma%20hallazgo%20de%20helic%C3%B3ptero%20Black%20Hawk%2C%20con%20los%20cuatro%20ocupantes%2C%20tres%20de%20ellos%20con%20vida%20y%20uno%20lamentablemente%20fallecido&#038;body=https:\/\/radiorevelacionfm.cl\/?p=60448' aria-hidden='false' data-av_icon='\ue805' data-av_iconfont='entypo-fontello' title='' data-avia-related-tooltip='Compartir por correo'><span class='avia_hidden_link_text'>Compartir por correo<\/span><\/a><\/li><\/ul><\/div><\/div>\n<div  style='height:50px' class='hr hr-invisible   avia-builder-el-8  el_after_av_social_share  el_before_av_comments_list '><span class='hr-inner ' ><span class='hr-inner-style'><\/span><\/span><\/div>\n<div  class='av-buildercomment  av-blog-meta-html-info-disabled av-blog-meta-tag-disabled  '><\/div>\n","protected":false},"excerpt":{"rendered":"","protected":false},"author":1,"featured_media":60449,"comment_status":"closed","ping_status":"closed","sticky":false,"template":"","format":"standard","meta":{"footnotes":""},"categories":[38],"tags":[],"class_list":["post-60448","post","type-post","status-publish","format-standard","has-post-thumbnail","hentry","category-regional"],"jetpack_featured_media_url":"https:\/\/radiorevelacionfm.cl\/wp-content\/uploads\/2025\/10\/558920873_1401508398641717_6292648423536352683_n-1-1.jpg","_links":{"self":[{"href":"https:\/\/radiorevelacionfm.cl\/index.php?rest_route=\/wp\/v2\/posts\/60448","targetHints":{"allow":["GET"]}}],"collection":[{"href":"https:\/\/radiorevelacionfm.cl\/index.php?rest_route=\/wp\/v2\/posts"}],"about":[{"href":"https:\/\/radiorevelacionfm.cl\/index.php?rest_route=\/wp\/v2\/types\/post"}],"author":[{"embeddable":true,"href":"https:\/\/radiorevelacionfm.cl\/index.php?rest_route=\/wp\/v2\/users\/1"}],"replies":[{"embeddable":true,"href":"https:\/\/radiorevelacionfm.cl\/index.php?rest_route=%2Fwp%2Fv2%2Fcomments&post=60448"}],"version-history":[{"count":2,"href":"https:\/\/radiorevelacionfm.cl\/index.php?rest_route=\/wp\/v2\/posts\/60448\/revisions"}],"predecessor-version":[{"id":60451,"href":"https:\/\/radiorevelacionfm.cl\/index.php?rest_route=\/wp\/v2\/posts\/60448\/revisions\/60451"}],"wp:featuredmedia":[{"embeddable":true,"href":"https:\/\/radiorevelacionfm.cl\/index.php?rest_route=\/wp\/v2\/media\/60449"}],"wp:attachment":[{"href":"https:\/\/radiorevelacionfm.cl\/index.php?rest_route=%2Fwp%2Fv2%2Fmedia&parent=60448"}],"wp:term":[{"taxonomy":"category","embeddable":true,"href":"https:\/\/radiorevelacionfm.cl\/index.php?rest_route=%2Fwp%2Fv2%2Fcategories&post=60448"},{"taxonomy":"post_tag","embeddable":true,"href":"https:\/\/radiorevelacionfm.cl\/index.php?rest_route=%2Fwp%2Fv2%2Ftags&post=60448"}],"curies":[{"name":"wp","href":"https:\/\/api.w.org\/{rel}","templated":true}]}}