{"id":60439,"date":"2025-10-17T10:32:19","date_gmt":"2025-10-17T13:32:19","guid":{"rendered":"https:\/\/radiorevelacionfm.cl\/?p=60439"},"modified":"2025-10-17T10:32:19","modified_gmt":"2025-10-17T13:32:19","slug":"hospital-regional-coyhaique-integra-a-su-staff-al-primer-gineco-oncologo-de-la-region-de-aysen","status":"publish","type":"post","link":"https:\/\/radiorevelacionfm.cl\/?p=60439","title":{"rendered":"Hospital Regional Coyhaique integra a su staff al primer gineco onc\u00f3logo de la regi\u00f3n de Ays\u00e9n"},"content":{"rendered":"<div class=\"flex_column av_one_full  flex_column_div av-zero-column-padding first  avia-builder-el-0  el_before_av_one_full  avia-builder-el-first  \" style='border-radius:0px; '><div  class='avia-image-container  av-styling-    avia-builder-el-1  avia-builder-el-no-sibling  avia-align-center '  itemprop=\"image\" itemscope=\"itemscope\" itemtype=\"https:\/\/schema.org\/ImageObject\"  ><div class='avia-image-container-inner'><div class='avia-image-overlay-wrap'><img decoding=\"async\" class='wp-image-60440 avia-img-lazy-loading-not-60440 avia_image' src=\"https:\/\/radiorevelacionfm.cl\/wp-content\/uploads\/2025\/10\/Ceroni-Mardones-2-1.jpg\" alt='' title='Ceroni - Mardones (2) (1)' height=\"600\" width=\"1066\"  itemprop=\"thumbnailUrl\" srcset=\"https:\/\/radiorevelacionfm.cl\/wp-content\/uploads\/2025\/10\/Ceroni-Mardones-2-1.jpg 1066w, https:\/\/radiorevelacionfm.cl\/wp-content\/uploads\/2025\/10\/Ceroni-Mardones-2-1-300x169.jpg 300w, https:\/\/radiorevelacionfm.cl\/wp-content\/uploads\/2025\/10\/Ceroni-Mardones-2-1-1030x580.jpg 1030w, https:\/\/radiorevelacionfm.cl\/wp-content\/uploads\/2025\/10\/Ceroni-Mardones-2-1-768x432.jpg 768w, https:\/\/radiorevelacionfm.cl\/wp-content\/uploads\/2025\/10\/Ceroni-Mardones-2-1-705x397.jpg 705w, https:\/\/radiorevelacionfm.cl\/wp-content\/uploads\/2025\/10\/Ceroni-Mardones-2-1-450x253.jpg 450w, https:\/\/radiorevelacionfm.cl\/wp-content\/uploads\/2025\/10\/Ceroni-Mardones-2-1-600x338.jpg 600w\" sizes=\"(max-width: 1066px) 100vw, 1066px\" \/><\/div><\/div><\/div><\/div><div class=\"flex_column av_one_full  flex_column_div av-zero-column-padding first  avia-builder-el-2  el_after_av_one_full  el_before_av_one_full  column-top-margin\" style='border-radius:0px; '><section class=\"av_textblock_section \"  itemscope=\"itemscope\" itemtype=\"https:\/\/schema.org\/BlogPosting\" itemprop=\"blogPost\" ><div class='avia_textblock  '   itemprop=\"text\" ><p style=\"text-align: center;\"><strong><span style=\"font-size: 18pt;\">Hospital Regional Coyhaique integra a su staff al primer gineco onc\u00f3logo de la regi\u00f3n de Ays\u00e9n<\/span><\/strong><\/p>\n<div id=\"gtx-trans\" style=\"position: absolute; left: -50px; top: 4.31534px;\">\n<div class=\"gtx-trans-icon\"><\/div>\n<\/div>\n<\/div><\/section><\/div><div class=\"flex_column av_one_full  flex_column_div av-zero-column-padding first  avia-builder-el-4  el_after_av_one_full  el_before_av_hr  column-top-margin\" style='border-radius:0px; '><section class=\"av_textblock_section \"  itemscope=\"itemscope\" itemtype=\"https:\/\/schema.org\/BlogPosting\" itemprop=\"blogPost\" ><div class='avia_textblock  '   itemprop=\"text\" ><p style=\"text-align: justify;\"><em>Se trata del subespecialista Dr. Juan Pablo Ceroni Damilano, formado en el Instituto Nacional del C\u00e1ncer, cuya labor en la regi\u00f3n permitir\u00e1 optimizar los tiempos de espera de decenas de mujeres con patolog\u00edas en esta \u00e1rea.<\/em><\/p>\n<p style=\"text-align: justify;\">Un importante avance para la salud de las mujeres de la regi\u00f3n de Ays\u00e9n es la reciente incorporaci\u00f3n del Dr. Juan Pablo Ceroni, subespecialista en gineco oncolog\u00eda que en octubre se integr\u00f3 al equipo m\u00e9dico del Hospital Regional Coyhaique (HRC), llegada que representa un hito en el fortalecimiento de la red asistencial, permitiendo brindar diagn\u00f3stico, tratamiento y seguimiento integral a pacientes con patolog\u00edas oncol\u00f3gicas ginecol\u00f3gicas, una de las principales causas de muerte en las mujeres de Ays\u00e9n.<\/p>\n<p style=\"text-align: justify;\">El Dr. Juan Pablo Ceroni es m\u00e9dico de la Universidad del Desarrollo (UDD), especialista en ginecolog\u00eda y obstetricia de la Universidad de Santiago de Chile y actual subespecialista en ginecolog\u00eda oncol\u00f3gica de la UDD formado en el Instituto Nacional del C\u00e1ncer, quien llega a la regi\u00f3n mediante el Per\u00edodo Asistencial Obligatorio (PAO), programa del Ministerio de Salud que consiste en la devoluci\u00f3n de la beca de especialidad trabajando en consultorios u hospitales p\u00fablicos del pa\u00eds el doble del tiempo que dura su especializaci\u00f3n.<\/p>\n<p style=\"text-align: justify;\">Sobre las funciones que viene a realizar en el marco de esta subespecialidad, e Dr. Ceroni, se\u00f1al\u00f3 que es la de \u201cresolver los problemas, preinvasores y oncol\u00f3gicos. Entre ellos de cuello del \u00fatero, que es el cuarto m\u00e1s frecuente a nivel mundial dentro de los c\u00e1nceres de las mujeres, c\u00e1ncer de endometrio que tiene que ver con el c\u00e1ncer uterino propiamente tal, c\u00e1ncer de ovario, vulva y vagina, entre otros\u201d.<\/p>\n<p style=\"text-align: justify;\">En ese sentido, el profesional, cuya llegada permitir\u00e1 disminuir considerablemente el n\u00famero de mujeres que deben ser trasladadas evitando as\u00ed el desarraigo que ello conlleva, declar\u00f3 que en este primer mes en la regi\u00f3n se ha sorprendido con la alta tasa de pacientes con c\u00e1ncer y patolog\u00edas asociadas.<\/p>\n<p style=\"text-align: justify;\">\u201cMe ha sorprendido el n\u00famero de casos, m\u00e1s de lo que he esperado dado el n\u00famero de habitantes que tiene la regi\u00f3n. Antiguamente, antes de mi llegada, la idea era juntar algunos casos para que pudiesen resolverse en conjunto mediante operativos, y ahora la idea es poder participar en conjunto con el equipo de ginecolog\u00eda y con otros especialistas, tales como la onc\u00f3loga, ur\u00f3logo, coloproct\u00f3logo, etc\u00e9tera, para poder ir resolviendo de manera oportuna las pacientes con c\u00e1ncer ginecol\u00f3gico\u201d, precis\u00f3 el Dr. Ceroni.<\/p>\n<p style=\"text-align: justify;\">En tanto, el Dr. Pablo Mardones, m\u00e9dico jefe del Servicio de Ginecolog\u00eda y Obstetricia del HRC, destaca que la incorporaci\u00f3n del Dr. Ceroni marca un antes y un despu\u00e9s en la atenci\u00f3n ginecol\u00f3gica de la regi\u00f3n, mejorando los est\u00e1ndares de tratamiento y, lo m\u00e1s importante, la calidad de vida de nuestras pacientes.<\/p>\n<p style=\"text-align: justify;\">\u201cVa a permitir dar cobertura a todas las pacientes, quir\u00fargicamente y tambi\u00e9n a trav\u00e9s de los tratamientos m\u00e9dicos, a todas las mujeres que tengan un c\u00e1ncer de la esfera ginecol\u00f3gica. Hemos visto que despu\u00e9s de la pandemia han aumentado el n\u00famero de c\u00e1nceres tanto de ovarios, cervicouterinos y de endometrio. As\u00ed que es una muy buena noticia, va a permitir resolverlos ac\u00e1 sin tener que trasladarlas fuera de la regi\u00f3n con el costo social y econ\u00f3mico que eso implica\u201d, sostuvo el jefe del Servicio de Ginecolog\u00eda, agregando que \u201csu llegada, sin duda, le da un cambio cualitativo importante a nuestra especialidad y esperamos que esto se resuelva de la mejor manera, y poder tener la cobertura que las pacientes de la regi\u00f3n de Ays\u00e9n merecen\u201d.<\/p>\n<p style=\"text-align: justify;\">Junto con la incorporaci\u00f3n del subespecialista en ginecolog\u00eda oncol\u00f3gica, el Hospital Regional Coyhaique mantiene vigente un convenio con la Pontificia Universidad Cat\u00f3lica, que ha permitido que desde el a\u00f1o 2021 alrededor de 80 pacientes sean intervenidas en Ays\u00e9n mediante operativos, los que con la presencia de un subespecialista radicado en la regi\u00f3n lograr\u00e1n potenciarse y avanzar en la atenci\u00f3n de estas pacientes.<\/p>\n<p style=\"text-align: justify;\">\u201cEl convenio se va a mantener, porque implica otras subespecialidades de la ginecolog\u00eda, con cirug\u00edas complejas de piso pelviano y de endometriosis, por lo cual concurren equipos desde la Universidad Cat\u00f3lica y tambi\u00e9n en el \u00e1rea de gineco oncolog\u00eda. La idea es mantenerlo para resolver con el equipo y con la ayuda de los profesionales de vasta experiencia desde Santiago los casos de mayor complejidad\u201d, precis\u00f3 el Dr. Mardones.<\/p>\n<\/div><\/section><\/div><div  style='height:50px' class='hr hr-invisible   avia-builder-el-6  el_after_av_one_full  el_before_av_social_share '><span class='hr-inner ' ><span class='hr-inner-style'><\/span><\/span><\/div><\/p>\n<div  class='av-social-sharing-box  avia-builder-el-7  el_after_av_hr  el_before_av_hr  '><div class='av-share-box'><h5 class='av-share-link-description av-no-toc '>Compartir esta noticia<\/h5><ul class='av-share-box-list noLightbox'><li class='av-share-link av-social-link-facebook' ><a target=\"_blank\" aria-label=\"Compartir en Facebook\" href='https:\/\/www.facebook.com\/sharer.php?u=https:\/\/radiorevelacionfm.cl\/?p=60439&#038;t=Hospital%20Regional%20Coyhaique%20integra%20a%20su%20staff%20al%20primer%20gineco%20onc%C3%B3logo%20de%20la%20regi%C3%B3n%20de%20Ays%C3%A9n' aria-hidden='false' data-av_icon='\ue8f3' data-av_iconfont='entypo-fontello' title='' data-avia-related-tooltip='Compartir en Facebook' rel=\"noopener\"><span class='avia_hidden_link_text'>Compartir en Facebook<\/span><\/a><\/li><li class='av-share-link av-social-link-twitter' ><a target=\"_blank\" aria-label=\"Compartir en Twitter\" href='https:\/\/twitter.com\/share?text=Hospital%20Regional%20Coyhaique%20integra%20a%20su%20staff%20al%20primer%20gineco%20onc%C3%B3logo%20de%20la%20regi%C3%B3n%20de%20Ays%C3%A9n&#038;url=https:\/\/radiorevelacionfm.cl\/?p=60439' aria-hidden='false' data-av_icon='\ue8f1' data-av_iconfont='entypo-fontello' title='' data-avia-related-tooltip='Compartir en Twitter' rel=\"noopener\"><span class='avia_hidden_link_text'>Compartir en Twitter<\/span><\/a><\/li><li class='av-share-link av-social-link-whatsapp' ><a target=\"_blank\" aria-label=\"Compartir en Whatsapp\" href='https:\/\/api.whatsapp.com\/send?text=https:\/\/radiorevelacionfm.cl\/?p=60439' aria-hidden='false' data-av_icon='\uf232' data-av_iconfont='entypo-fontello' title='' data-avia-related-tooltip='Compartir en Whatsapp' rel=\"noopener\"><span class='avia_hidden_link_text'>Compartir en Whatsapp<\/span><\/a><\/li><li class='av-share-link av-social-link-linkedin' ><a target=\"_blank\" aria-label=\"Compartir en LinkedIn\" href='https:\/\/linkedin.com\/shareArticle?mini=true&#038;title=Hospital%20Regional%20Coyhaique%20integra%20a%20su%20staff%20al%20primer%20gineco%20onc%C3%B3logo%20de%20la%20regi%C3%B3n%20de%20Ays%C3%A9n&#038;url=https:\/\/radiorevelacionfm.cl\/?p=60439' aria-hidden='false' data-av_icon='\ue8fc' data-av_iconfont='entypo-fontello' title='' data-avia-related-tooltip='Compartir en LinkedIn' rel=\"noopener\"><span class='avia_hidden_link_text'>Compartir en LinkedIn<\/span><\/a><\/li><li class='av-share-link av-social-link-mail' ><a  aria-label=\"Compartir por correo\" href='mailto:?subject=Hospital%20Regional%20Coyhaique%20integra%20a%20su%20staff%20al%20primer%20gineco%20onc%C3%B3logo%20de%20la%20regi%C3%B3n%20de%20Ays%C3%A9n&#038;body=https:\/\/radiorevelacionfm.cl\/?p=60439' aria-hidden='false' data-av_icon='\ue805' data-av_iconfont='entypo-fontello' title='' data-avia-related-tooltip='Compartir por correo'><span class='avia_hidden_link_text'>Compartir por correo<\/span><\/a><\/li><\/ul><\/div><\/div>\n<div  style='height:50px' class='hr hr-invisible   avia-builder-el-8  el_after_av_social_share  el_before_av_comments_list '><span class='hr-inner ' ><span class='hr-inner-style'><\/span><\/span><\/div>\n<div  class='av-buildercomment  av-blog-meta-html-info-disabled av-blog-meta-tag-disabled  '><\/div>\n","protected":false},"excerpt":{"rendered":"","protected":false},"author":1,"featured_media":60440,"comment_status":"closed","ping_status":"closed","sticky":false,"template":"","format":"standard","meta":{"footnotes":""},"categories":[46],"tags":[],"class_list":["post-60439","post","type-post","status-publish","format-standard","has-post-thumbnail","hentry","category-salud"],"jetpack_featured_media_url":"https:\/\/radiorevelacionfm.cl\/wp-content\/uploads\/2025\/10\/Ceroni-Mardones-2-1.jpg","_links":{"self":[{"href":"https:\/\/radiorevelacionfm.cl\/index.php?rest_route=\/wp\/v2\/posts\/60439","targetHints":{"allow":["GET"]}}],"collection":[{"href":"https:\/\/radiorevelacionfm.cl\/index.php?rest_route=\/wp\/v2\/posts"}],"about":[{"href":"https:\/\/radiorevelacionfm.cl\/index.php?rest_route=\/wp\/v2\/types\/post"}],"author":[{"embeddable":true,"href":"https:\/\/radiorevelacionfm.cl\/index.php?rest_route=\/wp\/v2\/users\/1"}],"replies":[{"embeddable":true,"href":"https:\/\/radiorevelacionfm.cl\/index.php?rest_route=%2Fwp%2Fv2%2Fcomments&post=60439"}],"version-history":[{"count":2,"href":"https:\/\/radiorevelacionfm.cl\/index.php?rest_route=\/wp\/v2\/posts\/60439\/revisions"}],"predecessor-version":[{"id":60442,"href":"https:\/\/radiorevelacionfm.cl\/index.php?rest_route=\/wp\/v2\/posts\/60439\/revisions\/60442"}],"wp:featuredmedia":[{"embeddable":true,"href":"https:\/\/radiorevelacionfm.cl\/index.php?rest_route=\/wp\/v2\/media\/60440"}],"wp:attachment":[{"href":"https:\/\/radiorevelacionfm.cl\/index.php?rest_route=%2Fwp%2Fv2%2Fmedia&parent=60439"}],"wp:term":[{"taxonomy":"category","embeddable":true,"href":"https:\/\/radiorevelacionfm.cl\/index.php?rest_route=%2Fwp%2Fv2%2Fcategories&post=60439"},{"taxonomy":"post_tag","embeddable":true,"href":"https:\/\/radiorevelacionfm.cl\/index.php?rest_route=%2Fwp%2Fv2%2Ftags&post=60439"}],"curies":[{"name":"wp","href":"https:\/\/api.w.org\/{rel}","templated":true}]}}