{"id":60435,"date":"2025-10-16T22:23:58","date_gmt":"2025-10-17T01:23:58","guid":{"rendered":"https:\/\/radiorevelacionfm.cl\/?p=60435"},"modified":"2025-10-16T22:23:58","modified_gmt":"2025-10-17T01:23:58","slug":"el-silencio-de-los-honorables-una-bofetada-en-el-dia-del-profesor","status":"publish","type":"post","link":"https:\/\/radiorevelacionfm.cl\/?p=60435","title":{"rendered":"El silencio de los honorables: una bofetada en el D\u00eda del Profesor"},"content":{"rendered":"<div class=\"flex_column av_one_full  flex_column_div av-zero-column-padding first  avia-builder-el-0  el_before_av_one_full  avia-builder-el-first  \" style='border-radius:0px; '><div  class='avia-image-container  av-styling-    avia-builder-el-1  avia-builder-el-no-sibling  avia-align-center '  itemprop=\"image\" itemscope=\"itemscope\" itemtype=\"https:\/\/schema.org\/ImageObject\"  ><div class='avia-image-container-inner'><div class='avia-image-overlay-wrap'><img decoding=\"async\" class='wp-image-60436 avia-img-lazy-loading-not-60436 avia_image' src=\"https:\/\/radiorevelacionfm.cl\/wp-content\/uploads\/2025\/10\/camara-de-diputados-1_optimized-1.jpg\" alt='' title='camara-de-diputados-(1)_optimized (1)' height=\"600\" width=\"899\"  itemprop=\"thumbnailUrl\" srcset=\"https:\/\/radiorevelacionfm.cl\/wp-content\/uploads\/2025\/10\/camara-de-diputados-1_optimized-1.jpg 899w, https:\/\/radiorevelacionfm.cl\/wp-content\/uploads\/2025\/10\/camara-de-diputados-1_optimized-1-300x200.jpg 300w, https:\/\/radiorevelacionfm.cl\/wp-content\/uploads\/2025\/10\/camara-de-diputados-1_optimized-1-768x513.jpg 768w, https:\/\/radiorevelacionfm.cl\/wp-content\/uploads\/2025\/10\/camara-de-diputados-1_optimized-1-705x471.jpg 705w, https:\/\/radiorevelacionfm.cl\/wp-content\/uploads\/2025\/10\/camara-de-diputados-1_optimized-1-450x300.jpg 450w, https:\/\/radiorevelacionfm.cl\/wp-content\/uploads\/2025\/10\/camara-de-diputados-1_optimized-1-600x400.jpg 600w\" sizes=\"(max-width: 899px) 100vw, 899px\" \/><\/div><\/div><\/div><\/div><div class=\"flex_column av_one_full  flex_column_div av-zero-column-padding first  avia-builder-el-2  el_after_av_one_full  el_before_av_one_full  column-top-margin\" style='border-radius:0px; '><section class=\"av_textblock_section \"  itemscope=\"itemscope\" itemtype=\"https:\/\/schema.org\/BlogPosting\" itemprop=\"blogPost\" ><div class='avia_textblock  '   itemprop=\"text\" ><p style=\"text-align: center;\"><span style=\"font-size: 18pt;\"><strong>El silencio de los honorables: una bofetada en el D\u00eda del Profesor<\/strong><\/span><\/p>\n<div id=\"gtx-trans\" style=\"position: absolute; left: -50px; top: 4.31534px;\">\n<div class=\"gtx-trans-icon\"><\/div>\n<\/div>\n<\/div><\/section><\/div><div class=\"flex_column av_one_full  flex_column_div av-zero-column-padding first  avia-builder-el-4  el_after_av_one_full  el_before_av_hr  column-top-margin\" style='border-radius:0px; '><section class=\"av_textblock_section \"  itemscope=\"itemscope\" itemtype=\"https:\/\/schema.org\/BlogPosting\" itemprop=\"blogPost\" ><div class='avia_textblock  '   itemprop=\"text\" ><p style=\"text-align: justify;\"><em>Por Juan Pablo Catal\u00e1n, acad\u00e9mico e investigador de Educaci\u00f3n UNAB<\/em><\/p>\n<p style=\"text-align: justify;\">Este mi\u00e9rcoles 15 de octubre, mientras Chile preparaba homenajes para celebrar el D\u00eda del Profesor, en la C\u00e1mara de Diputados no hubo flores, ni discursos, ni reconocimiento. Lo que hubo fue ausencia. La Ley de Titularidad Docente, que deb\u00eda ser votada, no alcanz\u00f3 el qu\u00f3rum.<\/p>\n<p style=\"text-align: justify;\">La escena roza la tragicomedia. En la semana destinada a agradecer a quienes sostienen el sistema educativo, el Estado decidi\u00f3 no aparecer. Era la oportunidad de transformar los saludos protocolares en dignidad laboral, de convertir la ret\u00f3rica de la \u201ceducaci\u00f3n de calidad\u201d en un gesto concreto hacia quienes la hacen posible. Pero, claro, el amor al magisterio no da votos.<\/p>\n<p style=\"text-align: justify;\">Miles de docentes llevan a\u00f1os \u2014s\u00ed, a\u00f1os\u2014 esperando su titularidad. Profesores con siete u ocho contratos a plazo fijo, que cada 28 de febrero viven el mismo ritual de incertidumbre: no saber si seguir\u00e1n trabajando, si podr\u00e1n pagar el arriendo, si lograr\u00e1n acceder a un cr\u00e9dito o simplemente si podr\u00e1n planificar su vida. En Chile, los profesores pueden formar generaciones completas antes de lograr estabilidad.<\/p>\n<p style=\"text-align: justify;\">Y lo ir\u00f3nico es que, en cualquier otro trabajo, tres contratos bastan para pasar a indefinido. Pero en educaci\u00f3n, parece que la precariedad tiene rango de pol\u00edtica p\u00fablica.<\/p>\n<p style=\"text-align: justify;\">Mientras tanto, la OCDE, la UNESCO y la OEI siguen insistiendo en lo mismo: no hay educaci\u00f3n de calidad sin bienestar docente. Pero aqu\u00ed seguimos, como si la estabilidad de quienes ense\u00f1an fuera un lujo, no una necesidad. Como si el pa\u00eds pudiera transformarse sin cuidar a quienes lo transforman desde las aulas.<\/p>\n<p style=\"text-align: justify;\">Los discursos de nuestras autoridades son dignos de estudio. Dicen admirar a los profesores, pero los aplauden con la misma mano con que les niegan dignidad. Nos hablan del futuro, pero les tiembla la voluntad para aprobar una ley que garantice lo m\u00e1s b\u00e1sico: respeto y estabilidad para quienes educan. A veces parece que el aula se ha vuelto un acto de resistencia frente a la indiferencia institucional.<\/p>\n<p style=\"text-align: justify;\">El Congreso se qued\u00f3 sin qu\u00f3rum, pero lo cierto es que hace rato la pol\u00edtica chilena perdi\u00f3 el pulso de la educaci\u00f3n. Y cada vez que un diputado falta a votar una ley como esta, se ausenta tambi\u00e9n del futuro de los ni\u00f1os y j\u00f3venes de Chile.<\/p>\n<p style=\"text-align: justify;\">Mientras tanto, los profesores seguir\u00e1n ah\u00ed: ense\u00f1ando, conteniendo, innovando y cumpliendo su rol con un profesionalismo que no necesita c\u00e1maras ni campa\u00f1as. Porque mientras algunos se pasean por sus distritos buscando votos, los verdaderos servidores p\u00fablicos est\u00e1n en las aulas, ense\u00f1ando con un marcador gastado y una esperanza intacta.<\/p>\n<p style=\"text-align: justify;\">Ayer no fall\u00f3 el qu\u00f3rum. Fall\u00f3 el pa\u00eds. Y la pregunta que nos duele a todos los que creemos en la educaci\u00f3n es inevitable: \u00bfC\u00f3mo puede un Estado hablar de calidad, si ni siquiera es capaz de garantizar la dignidad de quienes ense\u00f1an?<\/p>\n<\/div><\/section><\/div><div  style='height:50px' class='hr hr-invisible   avia-builder-el-6  el_after_av_one_full  el_before_av_social_share '><span class='hr-inner ' ><span class='hr-inner-style'><\/span><\/span><\/div><\/p>\n<div  class='av-social-sharing-box  avia-builder-el-7  el_after_av_hr  el_before_av_hr  '><div class='av-share-box'><h5 class='av-share-link-description av-no-toc '>Compartir esta noticia<\/h5><ul class='av-share-box-list noLightbox'><li class='av-share-link av-social-link-facebook' ><a target=\"_blank\" aria-label=\"Compartir en Facebook\" href='https:\/\/www.facebook.com\/sharer.php?u=https:\/\/radiorevelacionfm.cl\/?p=60435&#038;t=El%20silencio%20de%20los%20honorables%3A%20una%20bofetada%20en%20el%20D%C3%ADa%20del%20Profesor' aria-hidden='false' data-av_icon='\ue8f3' data-av_iconfont='entypo-fontello' title='' data-avia-related-tooltip='Compartir en Facebook' rel=\"noopener\"><span class='avia_hidden_link_text'>Compartir en Facebook<\/span><\/a><\/li><li class='av-share-link av-social-link-twitter' ><a target=\"_blank\" aria-label=\"Compartir en Twitter\" href='https:\/\/twitter.com\/share?text=El%20silencio%20de%20los%20honorables%3A%20una%20bofetada%20en%20el%20D%C3%ADa%20del%20Profesor&#038;url=https:\/\/radiorevelacionfm.cl\/?p=60435' aria-hidden='false' data-av_icon='\ue8f1' data-av_iconfont='entypo-fontello' title='' data-avia-related-tooltip='Compartir en Twitter' rel=\"noopener\"><span class='avia_hidden_link_text'>Compartir en Twitter<\/span><\/a><\/li><li class='av-share-link av-social-link-whatsapp' ><a target=\"_blank\" aria-label=\"Compartir en Whatsapp\" href='https:\/\/api.whatsapp.com\/send?text=https:\/\/radiorevelacionfm.cl\/?p=60435' aria-hidden='false' data-av_icon='\uf232' data-av_iconfont='entypo-fontello' title='' data-avia-related-tooltip='Compartir en Whatsapp' rel=\"noopener\"><span class='avia_hidden_link_text'>Compartir en Whatsapp<\/span><\/a><\/li><li class='av-share-link av-social-link-linkedin' ><a target=\"_blank\" aria-label=\"Compartir en LinkedIn\" href='https:\/\/linkedin.com\/shareArticle?mini=true&#038;title=El%20silencio%20de%20los%20honorables%3A%20una%20bofetada%20en%20el%20D%C3%ADa%20del%20Profesor&#038;url=https:\/\/radiorevelacionfm.cl\/?p=60435' aria-hidden='false' data-av_icon='\ue8fc' data-av_iconfont='entypo-fontello' title='' data-avia-related-tooltip='Compartir en LinkedIn' rel=\"noopener\"><span class='avia_hidden_link_text'>Compartir en LinkedIn<\/span><\/a><\/li><li class='av-share-link av-social-link-mail' ><a  aria-label=\"Compartir por correo\" href='mailto:?subject=El%20silencio%20de%20los%20honorables%3A%20una%20bofetada%20en%20el%20D%C3%ADa%20del%20Profesor&#038;body=https:\/\/radiorevelacionfm.cl\/?p=60435' aria-hidden='false' data-av_icon='\ue805' data-av_iconfont='entypo-fontello' title='' data-avia-related-tooltip='Compartir por correo'><span class='avia_hidden_link_text'>Compartir por correo<\/span><\/a><\/li><\/ul><\/div><\/div>\n<div  style='height:50px' class='hr hr-invisible   avia-builder-el-8  el_after_av_social_share  el_before_av_comments_list '><span class='hr-inner ' ><span class='hr-inner-style'><\/span><\/span><\/div>\n<div  class='av-buildercomment  av-blog-meta-html-info-disabled av-blog-meta-tag-disabled  '><\/div>\n","protected":false},"excerpt":{"rendered":"","protected":false},"author":1,"featured_media":60436,"comment_status":"closed","ping_status":"closed","sticky":false,"template":"","format":"standard","meta":{"footnotes":""},"categories":[50],"tags":[],"class_list":["post-60435","post","type-post","status-publish","format-standard","has-post-thumbnail","hentry","category-cartas-y-opinion"],"jetpack_featured_media_url":"https:\/\/radiorevelacionfm.cl\/wp-content\/uploads\/2025\/10\/camara-de-diputados-1_optimized-1.jpg","_links":{"self":[{"href":"https:\/\/radiorevelacionfm.cl\/index.php?rest_route=\/wp\/v2\/posts\/60435","targetHints":{"allow":["GET"]}}],"collection":[{"href":"https:\/\/radiorevelacionfm.cl\/index.php?rest_route=\/wp\/v2\/posts"}],"about":[{"href":"https:\/\/radiorevelacionfm.cl\/index.php?rest_route=\/wp\/v2\/types\/post"}],"author":[{"embeddable":true,"href":"https:\/\/radiorevelacionfm.cl\/index.php?rest_route=\/wp\/v2\/users\/1"}],"replies":[{"embeddable":true,"href":"https:\/\/radiorevelacionfm.cl\/index.php?rest_route=%2Fwp%2Fv2%2Fcomments&post=60435"}],"version-history":[{"count":2,"href":"https:\/\/radiorevelacionfm.cl\/index.php?rest_route=\/wp\/v2\/posts\/60435\/revisions"}],"predecessor-version":[{"id":60438,"href":"https:\/\/radiorevelacionfm.cl\/index.php?rest_route=\/wp\/v2\/posts\/60435\/revisions\/60438"}],"wp:featuredmedia":[{"embeddable":true,"href":"https:\/\/radiorevelacionfm.cl\/index.php?rest_route=\/wp\/v2\/media\/60436"}],"wp:attachment":[{"href":"https:\/\/radiorevelacionfm.cl\/index.php?rest_route=%2Fwp%2Fv2%2Fmedia&parent=60435"}],"wp:term":[{"taxonomy":"category","embeddable":true,"href":"https:\/\/radiorevelacionfm.cl\/index.php?rest_route=%2Fwp%2Fv2%2Fcategories&post=60435"},{"taxonomy":"post_tag","embeddable":true,"href":"https:\/\/radiorevelacionfm.cl\/index.php?rest_route=%2Fwp%2Fv2%2Ftags&post=60435"}],"curies":[{"name":"wp","href":"https:\/\/api.w.org\/{rel}","templated":true}]}}