{"id":60431,"date":"2025-10-16T20:16:37","date_gmt":"2025-10-16T23:16:37","guid":{"rendered":"https:\/\/radiorevelacionfm.cl\/?p=60431"},"modified":"2025-10-16T20:16:37","modified_gmt":"2025-10-16T23:16:37","slug":"alvaro-garcia-asume-como-biministro-en-las-carteras-de-economia-y-de-energia","status":"publish","type":"post","link":"https:\/\/radiorevelacionfm.cl\/?p=60431","title":{"rendered":"\u00c1lvaro Garc\u00eda asume como biministro en las carteras de Econom\u00eda y de Energ\u00eda"},"content":{"rendered":"<div class=\"flex_column av_one_full  flex_column_div av-zero-column-padding first  avia-builder-el-0  el_before_av_one_full  avia-builder-el-first  \" style='border-radius:0px; '><div  class='avia-image-container  av-styling-    avia-builder-el-1  avia-builder-el-no-sibling  avia-align-center '  itemprop=\"image\" itemscope=\"itemscope\" itemtype=\"https:\/\/schema.org\/ImageObject\"  ><div class='avia-image-container-inner'><div class='avia-image-overlay-wrap'><img decoding=\"async\" class='wp-image-60432 avia-img-lazy-loading-not-60432 avia_image' src=\"https:\/\/radiorevelacionfm.cl\/wp-content\/uploads\/2025\/10\/AGB-1-1-1.jpeg\" alt='' title='AGB 1 (1) (1)' height=\"600\" width=\"901\"  itemprop=\"thumbnailUrl\" srcset=\"https:\/\/radiorevelacionfm.cl\/wp-content\/uploads\/2025\/10\/AGB-1-1-1.jpeg 901w, https:\/\/radiorevelacionfm.cl\/wp-content\/uploads\/2025\/10\/AGB-1-1-1-300x200.jpeg 300w, https:\/\/radiorevelacionfm.cl\/wp-content\/uploads\/2025\/10\/AGB-1-1-1-768x511.jpeg 768w, https:\/\/radiorevelacionfm.cl\/wp-content\/uploads\/2025\/10\/AGB-1-1-1-705x469.jpeg 705w, https:\/\/radiorevelacionfm.cl\/wp-content\/uploads\/2025\/10\/AGB-1-1-1-450x300.jpeg 450w, https:\/\/radiorevelacionfm.cl\/wp-content\/uploads\/2025\/10\/AGB-1-1-1-600x400.jpeg 600w\" sizes=\"(max-width: 901px) 100vw, 901px\" \/><\/div><\/div><\/div><\/div><div class=\"flex_column av_one_full  flex_column_div av-zero-column-padding first  avia-builder-el-2  el_after_av_one_full  el_before_av_one_full  column-top-margin\" style='border-radius:0px; '><section class=\"av_textblock_section \"  itemscope=\"itemscope\" itemtype=\"https:\/\/schema.org\/BlogPosting\" itemprop=\"blogPost\" ><div class='avia_textblock  '   itemprop=\"text\" ><p style=\"text-align: center;\"><span style=\"font-size: 18pt;\"><b>\u00c1lvaro Garc\u00eda asume como biministro en las carteras de Econom\u00eda y de Energ\u00eda<\/b><\/span><\/p>\n<div id=\"gtx-trans\" style=\"position: absolute; left: -50px; top: 4.31534px;\">\n<div class=\"gtx-trans-icon\"><\/div>\n<\/div>\n<\/div><\/section><\/div><div class=\"flex_column av_one_full  flex_column_div av-zero-column-padding first  avia-builder-el-4  el_after_av_one_full  el_before_av_hr  column-top-margin\" style='border-radius:0px; '><section class=\"av_textblock_section \"  itemscope=\"itemscope\" itemtype=\"https:\/\/schema.org\/BlogPosting\" itemprop=\"blogPost\" ><div class='avia_textblock  '   itemprop=\"text\" ><p style=\"text-align: justify;\"><em>El ministro, quien lidera el Ministerio de Econom\u00eda desde agosto pasado, encabezar\u00e1 tambi\u00e9n la cartera de Energ\u00eda.<\/em><\/p>\n<p style=\"text-align: justify;\"><em>La autoridad se refiri\u00f3 a su principal mandato: \u201ccompensar a las familias por el cobro injusto (en cuentas de luz) de que han sido objeto. Esa va a ser una tarea principal, determinar la magnitud de ese costo y encontrar el mejor canal para compensar a las familias\u201d.<\/em><\/p>\n<p style=\"text-align: justify;\">Esta jornada, el ministro \u00c1lvaro Garc\u00eda Hurtado asumi\u00f3 como biministro en las carteras de Econom\u00eda, Fomento y Turismo, y de Energ\u00eda, tras ser nombrado por el Presidente de la Rep\u00fablica, Gabriel Boric.<\/p>\n<p style=\"text-align: justify;\">En comunicado enviado por Presidencia, se destac\u00f3 la trayectoria del ministro Garc\u00eda, quien cuenta con una larga experiencia en el servicio p\u00fablico, la academia y el mundo empresarial. Garc\u00eda es ingeniero comercial de la Pontificia Universidad Cat\u00f3lica de Chile, Master of Arts de la Universidad de Maryland y Ph.D de la Universidad de California en Berkeley.<\/p>\n<p style=\"text-align: justify;\">El ministro Garc\u00eda agradeci\u00f3 la confianza que el Presidente Gabriel Boric deposit\u00f3 en \u00e9l para emprender este nuevo cargo, especificando que contempla dos claros mandatos. \u201cPrimero, compensar a las familias por el cobro injusto (cuentas de luz) de que han sido objeto. Esa va a ser una tarea principal, determinar la magnitud de ese costo y encontrar el mejor canal para compensar a las familias. Tambi\u00e9n me ha se\u00f1alado la importancia de mantener el acelerador puesto en aprovechar las enormes oportunidades energ\u00e9ticas que Chile tiene. Desarrollar el hidr\u00f3geno verde en el norte y el sur del pa\u00eds, seguir potenciando nuestra capacidad e\u00f3lica y solar, seguir modificando nuestra materia energ\u00e9tica para hacerla m\u00e1s limpia y competitiva, y ojal\u00e1 exportar al resto del mundo energ\u00eda limpia. Esas son las dos tareas que el Presidente me ha encomendado y desde ahora en adelante me aboco a ellas\u201d, declar\u00f3 la autoridad.<\/p>\n<p style=\"text-align: justify;\">Por su parte, la ministra de la Secretar\u00eda General de Gobierno, Camila Vallejo, expuso en conferencia de prensa la decisi\u00f3n presidencial junto al ministro Garc\u00eda. \u201cEl Presidente Gabriel Boric solicit\u00f3 al actual ministro de Econom\u00eda, \u00c1lvaro Garc\u00eda, asumir la cartera de Energ\u00eda en calidad de biministro. El ministro Garc\u00eda ha tenido experiencia anteriormente en la materia y le deseamos \u00e9xito en el cumplimiento de las distintas tareas y especialmente en avanzar para mejorar las condiciones de vida de las personas en nuestro pa\u00eds\u201d.<\/p>\n<p style=\"text-align: justify;\">Dentro de las primeras medidas informadas por el ahora biministro Garc\u00eda, estuvo la solicitud de renuncia al secretario ejecutivo de la Comisi\u00f3n Nacional de Energ\u00eda, Marco Mancilla, adem\u00e1s de iniciar una auditor\u00eda interna al interior de dicha Comisi\u00f3n para conocer las razones de por qu\u00e9 no se detect\u00f3 este cobro indebido en las cuentas de la luz y, a la vez, determinar los canales m\u00e1s efectivos para devolver estos recursos a las familias chilenas.<\/p>\n<\/div><\/section><\/div><div  style='height:50px' class='hr hr-invisible   avia-builder-el-6  el_after_av_one_full  el_before_av_social_share '><span class='hr-inner ' ><span class='hr-inner-style'><\/span><\/span><\/div><\/p>\n<div  class='av-social-sharing-box  avia-builder-el-7  el_after_av_hr  el_before_av_hr  '><div class='av-share-box'><h5 class='av-share-link-description av-no-toc '>Compartir esta noticia<\/h5><ul class='av-share-box-list noLightbox'><li class='av-share-link av-social-link-facebook' ><a target=\"_blank\" aria-label=\"Compartir en Facebook\" href='https:\/\/www.facebook.com\/sharer.php?u=https:\/\/radiorevelacionfm.cl\/?p=60431&#038;t=%C3%81lvaro%20Garc%C3%ADa%20asume%20como%20biministro%20en%20las%20carteras%20de%20Econom%C3%ADa%20y%20de%20Energ%C3%ADa' aria-hidden='false' data-av_icon='\ue8f3' data-av_iconfont='entypo-fontello' title='' data-avia-related-tooltip='Compartir en Facebook' rel=\"noopener\"><span class='avia_hidden_link_text'>Compartir en Facebook<\/span><\/a><\/li><li class='av-share-link av-social-link-twitter' ><a target=\"_blank\" aria-label=\"Compartir en Twitter\" href='https:\/\/twitter.com\/share?text=%C3%81lvaro%20Garc%C3%ADa%20asume%20como%20biministro%20en%20las%20carteras%20de%20Econom%C3%ADa%20y%20de%20Energ%C3%ADa&#038;url=https:\/\/radiorevelacionfm.cl\/?p=60431' aria-hidden='false' data-av_icon='\ue8f1' data-av_iconfont='entypo-fontello' title='' data-avia-related-tooltip='Compartir en Twitter' rel=\"noopener\"><span class='avia_hidden_link_text'>Compartir en Twitter<\/span><\/a><\/li><li class='av-share-link av-social-link-whatsapp' ><a target=\"_blank\" aria-label=\"Compartir en Whatsapp\" href='https:\/\/api.whatsapp.com\/send?text=https:\/\/radiorevelacionfm.cl\/?p=60431' aria-hidden='false' data-av_icon='\uf232' data-av_iconfont='entypo-fontello' title='' data-avia-related-tooltip='Compartir en Whatsapp' rel=\"noopener\"><span class='avia_hidden_link_text'>Compartir en Whatsapp<\/span><\/a><\/li><li class='av-share-link av-social-link-linkedin' ><a target=\"_blank\" aria-label=\"Compartir en LinkedIn\" href='https:\/\/linkedin.com\/shareArticle?mini=true&#038;title=%C3%81lvaro%20Garc%C3%ADa%20asume%20como%20biministro%20en%20las%20carteras%20de%20Econom%C3%ADa%20y%20de%20Energ%C3%ADa&#038;url=https:\/\/radiorevelacionfm.cl\/?p=60431' aria-hidden='false' data-av_icon='\ue8fc' data-av_iconfont='entypo-fontello' title='' data-avia-related-tooltip='Compartir en LinkedIn' rel=\"noopener\"><span class='avia_hidden_link_text'>Compartir en LinkedIn<\/span><\/a><\/li><li class='av-share-link av-social-link-mail' ><a  aria-label=\"Compartir por correo\" href='mailto:?subject=%C3%81lvaro%20Garc%C3%ADa%20asume%20como%20biministro%20en%20las%20carteras%20de%20Econom%C3%ADa%20y%20de%20Energ%C3%ADa&#038;body=https:\/\/radiorevelacionfm.cl\/?p=60431' aria-hidden='false' data-av_icon='\ue805' data-av_iconfont='entypo-fontello' title='' data-avia-related-tooltip='Compartir por correo'><span class='avia_hidden_link_text'>Compartir por correo<\/span><\/a><\/li><\/ul><\/div><\/div>\n<div  style='height:50px' class='hr hr-invisible   avia-builder-el-8  el_after_av_social_share  el_before_av_comments_list '><span class='hr-inner ' ><span class='hr-inner-style'><\/span><\/span><\/div>\n<div  class='av-buildercomment  av-blog-meta-html-info-disabled av-blog-meta-tag-disabled  '><\/div>\n","protected":false},"excerpt":{"rendered":"","protected":false},"author":1,"featured_media":60432,"comment_status":"closed","ping_status":"closed","sticky":false,"template":"","format":"standard","meta":{"footnotes":""},"categories":[61],"tags":[],"class_list":["post-60431","post","type-post","status-publish","format-standard","has-post-thumbnail","hentry","category-nacional"],"jetpack_featured_media_url":"https:\/\/radiorevelacionfm.cl\/wp-content\/uploads\/2025\/10\/AGB-1-1-1.jpeg","_links":{"self":[{"href":"https:\/\/radiorevelacionfm.cl\/index.php?rest_route=\/wp\/v2\/posts\/60431","targetHints":{"allow":["GET"]}}],"collection":[{"href":"https:\/\/radiorevelacionfm.cl\/index.php?rest_route=\/wp\/v2\/posts"}],"about":[{"href":"https:\/\/radiorevelacionfm.cl\/index.php?rest_route=\/wp\/v2\/types\/post"}],"author":[{"embeddable":true,"href":"https:\/\/radiorevelacionfm.cl\/index.php?rest_route=\/wp\/v2\/users\/1"}],"replies":[{"embeddable":true,"href":"https:\/\/radiorevelacionfm.cl\/index.php?rest_route=%2Fwp%2Fv2%2Fcomments&post=60431"}],"version-history":[{"count":2,"href":"https:\/\/radiorevelacionfm.cl\/index.php?rest_route=\/wp\/v2\/posts\/60431\/revisions"}],"predecessor-version":[{"id":60434,"href":"https:\/\/radiorevelacionfm.cl\/index.php?rest_route=\/wp\/v2\/posts\/60431\/revisions\/60434"}],"wp:featuredmedia":[{"embeddable":true,"href":"https:\/\/radiorevelacionfm.cl\/index.php?rest_route=\/wp\/v2\/media\/60432"}],"wp:attachment":[{"href":"https:\/\/radiorevelacionfm.cl\/index.php?rest_route=%2Fwp%2Fv2%2Fmedia&parent=60431"}],"wp:term":[{"taxonomy":"category","embeddable":true,"href":"https:\/\/radiorevelacionfm.cl\/index.php?rest_route=%2Fwp%2Fv2%2Fcategories&post=60431"},{"taxonomy":"post_tag","embeddable":true,"href":"https:\/\/radiorevelacionfm.cl\/index.php?rest_route=%2Fwp%2Fv2%2Ftags&post=60431"}],"curies":[{"name":"wp","href":"https:\/\/api.w.org\/{rel}","templated":true}]}}