{"id":6043,"date":"2021-07-07T20:04:34","date_gmt":"2021-07-07T23:04:34","guid":{"rendered":"https:\/\/radiorevelacionfm.cl\/?p=6043"},"modified":"2021-07-07T20:04:34","modified_gmt":"2021-07-07T23:04:34","slug":"continua-investigacion-de-incendio-estructural-que-afecto-a-criadero-de-nandues-y-parque-nacional-patagonia","status":"publish","type":"post","link":"https:\/\/radiorevelacionfm.cl\/?p=6043","title":{"rendered":"Contin\u00faa investigaci\u00f3n de incendio estructural que afect\u00f3 a criadero de \u00f1and\u00faes y Parque Nacional Patagonia"},"content":{"rendered":"<div class=\"flex_column av_one_full  flex_column_div av-zero-column-padding first  avia-builder-el-0  el_before_av_one_full  avia-builder-el-first  \" style='border-radius:0px; '><div  class='avia-image-container  av-styling-    avia-builder-el-1  avia-builder-el-no-sibling  avia-align-center '  itemprop=\"image\" itemscope=\"itemscope\" itemtype=\"https:\/\/schema.org\/ImageObject\"  ><div class='avia-image-container-inner'><div class='avia-image-overlay-wrap'><img decoding=\"async\" class='wp-image-6044 avia-img-lazy-loading-not-6044 avia_image' src=\"https:\/\/radiorevelacionfm.cl\/wp-content\/uploads\/2021\/07\/BIDEMA-1.jpeg\" alt='' title='BIDEMA (1)' height=\"600\" width=\"800\"  itemprop=\"thumbnailUrl\" srcset=\"https:\/\/radiorevelacionfm.cl\/wp-content\/uploads\/2021\/07\/BIDEMA-1.jpeg 800w, https:\/\/radiorevelacionfm.cl\/wp-content\/uploads\/2021\/07\/BIDEMA-1-300x225.jpeg 300w, https:\/\/radiorevelacionfm.cl\/wp-content\/uploads\/2021\/07\/BIDEMA-1-768x576.jpeg 768w, https:\/\/radiorevelacionfm.cl\/wp-content\/uploads\/2021\/07\/BIDEMA-1-705x529.jpeg 705w, https:\/\/radiorevelacionfm.cl\/wp-content\/uploads\/2021\/07\/BIDEMA-1-600x450.jpeg 600w\" sizes=\"(max-width: 800px) 100vw, 800px\" \/><\/div><\/div><\/div><\/div><div class=\"flex_column av_one_full  flex_column_div av-zero-column-padding first  avia-builder-el-2  el_after_av_one_full  el_before_av_one_full  column-top-margin\" style='border-radius:0px; '><section class=\"av_textblock_section \"  itemscope=\"itemscope\" itemtype=\"https:\/\/schema.org\/BlogPosting\" itemprop=\"blogPost\" ><div class='avia_textblock  '   itemprop=\"text\" ><p style=\"text-align: center;\"><strong><span style=\"font-size: 18pt;\">Contin\u00faa investigaci\u00f3n de incendio estructural que afect\u00f3 a criadero de \u00f1and\u00faes y Parque Nacional Patagonia<\/span><\/strong><\/p>\n<div id=\"gtx-trans\" style=\"position: absolute; left: -50px; top: 4.31534px;\">\n<div class=\"gtx-trans-icon\"><\/div>\n<\/div>\n<\/div><\/section><\/div><div class=\"flex_column av_one_full  flex_column_div av-zero-column-padding first  avia-builder-el-4  el_after_av_one_full  el_before_av_hr  column-top-margin\" style='border-radius:0px; '><section class=\"av_textblock_section \"  itemscope=\"itemscope\" itemtype=\"https:\/\/schema.org\/BlogPosting\" itemprop=\"blogPost\" ><div class='avia_textblock  '   itemprop=\"text\" ><p style=\"text-align: justify;\">En un trabajo colaborativo y multidisciplinario dirigido por el Ministerio P\u00fablico, la Polic\u00eda de Investigaciones de Chile, junto a otros servicios como Bomberos, Carabineros y Conaf, desde el inicio del siniestro se encuentra indagando las causas del origen del incendio en el Parque Nacional Patagonia, que afect\u00f3 a un proyecto de crianza y conservaci\u00f3n de \u00f1and\u00faes y consumi\u00f3 aproximadamente 1.500 hect\u00e1reas de terreno en Cochrane.<\/p>\n<p style=\"text-align: justify;\">La Fiscal\u00eda Local de Cochrane dispuso que un equipo especializado de la Brigada Investigadora de Delitos del Medio Ambiente y Patrimonio Cultural (BIDEMA) Ays\u00e9n concurriera al lugar con el fin de poder realizar el trabajo en el sitio de suceso y recabar los primeros antecedentes para poder establecer si hubo o no participaci\u00f3n de terceras personas en el inicio del incendio que afect\u00f3 la flora y fauna nativa del sector.<\/p>\n<p style=\"text-align: justify;\">A contar del s\u00e1bado 3 de julio, los equipos especializados de la BIDEMA Ays\u00e9n, tras solicitud de la fiscal Lorena Barudi, se desplegaron en la zona para realizar las diligencias investigativas que permitieran esclarecer el siniestro.<\/p>\n<p style=\"text-align: justify;\">PERITAJES<\/p>\n<p style=\"text-align: justify;\">Al respecto, el jefe de la BIDEMA Ays\u00e9n, subprefecto Claudio Reyes, se\u00f1al\u00f3 que durante la jornada del lunes se sumaron los peritajes que permitir\u00e1n determinar fehacientemente las causas del incendio, \u201cel equipo investigativo apostado en el lugar, junto al Laboratorio de Criminal\u00edstica Regional Coyhaique y el investigador de incendios de Bomberos, realizaron todas las pericias y trabajo en el sitio de suceso para poder establecer si es que hubo o no participaci\u00f3n de personas en el inicio del fuego\u201d.<\/p>\n<p style=\"text-align: justify;\">Por su parte la fiscal Lorena Barudi explic\u00f3 que \u201cse solicit\u00f3 la comparecencia de BIDEMA al sitio del suceso y concurrieron el s\u00e1bado, con la fiscal que habla, a realizar las primeras indagaciones\u201d.<\/p>\n<p style=\"text-align: justify;\">En cuanto al origen, dijo que se inici\u00f3 en un puesto de protecci\u00f3n de \u00f1and\u00faes, \u201cpero se est\u00e1 determinando si ese origen es netamente accidental o si tiene alg\u00fan elemento de dolo, negligencia o imprudencia y eso es materia de investigaci\u00f3n a\u00fan\u201d.<\/p>\n<p style=\"text-align: justify;\">La fiscal Barudi a\u00f1adi\u00f3 que se est\u00e1 a la espera de los informes de la BIDEMA y los peritajes planim\u00e9tricos y fotogr\u00e1ficos efectuados por parte del LACRIM de la PDI Ays\u00e9n.<\/p>\n<p style=\"text-align: justify;\">ECOSISTEMA<\/p>\n<p style=\"text-align: justify;\">Adem\u00e1s, el jefe de la unidad especializada, agreg\u00f3 que las causas del incendio son materias de investigaci\u00f3n por \u00f3rganos especializados, cuyos detalles ser\u00e1n evaluados por el ente persecutor penal, no obstante, \u201cse trat\u00f3 de un incendio de tipo estructural que, posteriormente, se transform\u00f3 en un incendio forestal a ra\u00edz de las fuertes r\u00e1fagas de viento que exist\u00edan el viernes en la noche y el s\u00e1bado en la madrugada, que alcanzaron unos 120 km\/h, provocando el incendio que se propag\u00f3 por diferentes partes del Parque Nacional\u201d.<\/p>\n<p style=\"text-align: justify;\">Sobre la afectaci\u00f3n al ecosistema, flora y fauna del sector, el jefe de la BIDEMA Ays\u00e9n, indic\u00f3 que \u201clas estructuras incendiadas son parte de un proyecto de crianza y conservaci\u00f3n de \u00f1and\u00faes, en el cual se encontraban, al momento del incendio, siete ejemplares los que fueron liberados por sus cuidadoras cuando se percataron del incendio. Dos de ellos se encuentran con quemaduras y problemas respiratorios con su atenci\u00f3n veterinaria correspondiente y los otros cinco se encuentran sin mayores lesiones\u201d, no obstante, el subprefecto Reyes recalc\u00f3 que el da\u00f1o en este tipo de siniestros es incalculable para la flora y fauna nativa.<\/p>\n<\/div><\/section><\/div><div  style='height:50px' class='hr hr-invisible   avia-builder-el-6  el_after_av_one_full  el_before_av_social_share '><span class='hr-inner ' ><span class='hr-inner-style'><\/span><\/span><\/div><\/p>\n<div  class='av-social-sharing-box  avia-builder-el-7  el_after_av_hr  el_before_av_hr  '><div class='av-share-box'><h5 class='av-share-link-description av-no-toc '>Compartir esta noticia<\/h5><ul class='av-share-box-list noLightbox'><li class='av-share-link av-social-link-facebook' ><a target=\"_blank\" aria-label=\"Compartir en Facebook\" href='https:\/\/www.facebook.com\/sharer.php?u=https:\/\/radiorevelacionfm.cl\/?p=6043&#038;t=Contin%C3%BAa%20investigaci%C3%B3n%20de%20incendio%20estructural%20que%20afect%C3%B3%20a%20criadero%20de%20%C3%B1and%C3%BAes%20y%20Parque%20Nacional%20Patagonia' aria-hidden='false' data-av_icon='\ue8f3' data-av_iconfont='entypo-fontello' title='' data-avia-related-tooltip='Compartir en Facebook' rel=\"noopener\"><span class='avia_hidden_link_text'>Compartir en Facebook<\/span><\/a><\/li><li class='av-share-link av-social-link-twitter' ><a target=\"_blank\" aria-label=\"Compartir en Twitter\" href='https:\/\/twitter.com\/share?text=Contin%C3%BAa%20investigaci%C3%B3n%20de%20incendio%20estructural%20que%20afect%C3%B3%20a%20criadero%20de%20%C3%B1and%C3%BAes%20y%20Parque%20Nacional%20Patagonia&#038;url=https:\/\/radiorevelacionfm.cl\/?p=6043' aria-hidden='false' data-av_icon='\ue8f1' data-av_iconfont='entypo-fontello' title='' data-avia-related-tooltip='Compartir en Twitter' rel=\"noopener\"><span class='avia_hidden_link_text'>Compartir en Twitter<\/span><\/a><\/li><li class='av-share-link av-social-link-whatsapp' ><a target=\"_blank\" aria-label=\"Compartir en Whatsapp\" href='https:\/\/api.whatsapp.com\/send?text=https:\/\/radiorevelacionfm.cl\/?p=6043' aria-hidden='false' data-av_icon='\uf232' data-av_iconfont='entypo-fontello' title='' data-avia-related-tooltip='Compartir en Whatsapp' rel=\"noopener\"><span class='avia_hidden_link_text'>Compartir en Whatsapp<\/span><\/a><\/li><li class='av-share-link av-social-link-linkedin' ><a target=\"_blank\" aria-label=\"Compartir en LinkedIn\" href='https:\/\/linkedin.com\/shareArticle?mini=true&#038;title=Contin%C3%BAa%20investigaci%C3%B3n%20de%20incendio%20estructural%20que%20afect%C3%B3%20a%20criadero%20de%20%C3%B1and%C3%BAes%20y%20Parque%20Nacional%20Patagonia&#038;url=https:\/\/radiorevelacionfm.cl\/?p=6043' aria-hidden='false' data-av_icon='\ue8fc' data-av_iconfont='entypo-fontello' title='' data-avia-related-tooltip='Compartir en LinkedIn' rel=\"noopener\"><span class='avia_hidden_link_text'>Compartir en LinkedIn<\/span><\/a><\/li><li class='av-share-link av-social-link-mail' ><a  aria-label=\"Compartir por correo\" href='mailto:?subject=Contin%C3%BAa%20investigaci%C3%B3n%20de%20incendio%20estructural%20que%20afect%C3%B3%20a%20criadero%20de%20%C3%B1and%C3%BAes%20y%20Parque%20Nacional%20Patagonia&#038;body=https:\/\/radiorevelacionfm.cl\/?p=6043' aria-hidden='false' data-av_icon='\ue805' data-av_iconfont='entypo-fontello' title='' data-avia-related-tooltip='Compartir por correo'><span class='avia_hidden_link_text'>Compartir por correo<\/span><\/a><\/li><\/ul><\/div><\/div>\n<div  style='height:50px' class='hr hr-invisible   avia-builder-el-8  el_after_av_social_share  el_before_av_comments_list '><span class='hr-inner ' ><span class='hr-inner-style'><\/span><\/span><\/div>\n<div  class='av-buildercomment  av-blog-meta-html-info-disabled av-blog-meta-tag-disabled  '><\/div>\n","protected":false},"excerpt":{"rendered":"","protected":false},"author":1,"featured_media":6044,"comment_status":"open","ping_status":"open","sticky":false,"template":"","format":"standard","meta":{"footnotes":""},"categories":[36],"tags":[],"class_list":["post-6043","post","type-post","status-publish","format-standard","has-post-thumbnail","hentry","category-policial"],"jetpack_featured_media_url":"https:\/\/radiorevelacionfm.cl\/wp-content\/uploads\/2021\/07\/BIDEMA-1.jpeg","_links":{"self":[{"href":"https:\/\/radiorevelacionfm.cl\/index.php?rest_route=\/wp\/v2\/posts\/6043","targetHints":{"allow":["GET"]}}],"collection":[{"href":"https:\/\/radiorevelacionfm.cl\/index.php?rest_route=\/wp\/v2\/posts"}],"about":[{"href":"https:\/\/radiorevelacionfm.cl\/index.php?rest_route=\/wp\/v2\/types\/post"}],"author":[{"embeddable":true,"href":"https:\/\/radiorevelacionfm.cl\/index.php?rest_route=\/wp\/v2\/users\/1"}],"replies":[{"embeddable":true,"href":"https:\/\/radiorevelacionfm.cl\/index.php?rest_route=%2Fwp%2Fv2%2Fcomments&post=6043"}],"version-history":[{"count":1,"href":"https:\/\/radiorevelacionfm.cl\/index.php?rest_route=\/wp\/v2\/posts\/6043\/revisions"}],"predecessor-version":[{"id":6045,"href":"https:\/\/radiorevelacionfm.cl\/index.php?rest_route=\/wp\/v2\/posts\/6043\/revisions\/6045"}],"wp:featuredmedia":[{"embeddable":true,"href":"https:\/\/radiorevelacionfm.cl\/index.php?rest_route=\/wp\/v2\/media\/6044"}],"wp:attachment":[{"href":"https:\/\/radiorevelacionfm.cl\/index.php?rest_route=%2Fwp%2Fv2%2Fmedia&parent=6043"}],"wp:term":[{"taxonomy":"category","embeddable":true,"href":"https:\/\/radiorevelacionfm.cl\/index.php?rest_route=%2Fwp%2Fv2%2Fcategories&post=6043"},{"taxonomy":"post_tag","embeddable":true,"href":"https:\/\/radiorevelacionfm.cl\/index.php?rest_route=%2Fwp%2Fv2%2Ftags&post=6043"}],"curies":[{"name":"wp","href":"https:\/\/api.w.org\/{rel}","templated":true}]}}