{"id":60427,"date":"2025-10-16T19:37:30","date_gmt":"2025-10-16T22:37:30","guid":{"rendered":"https:\/\/radiorevelacionfm.cl\/?p=60427"},"modified":"2025-10-16T19:37:30","modified_gmt":"2025-10-16T22:37:30","slug":"las-comunas-de-cisnes-guaitecas-y-aysen-participaron-en-cogrid-forestal-preventivo","status":"publish","type":"post","link":"https:\/\/radiorevelacionfm.cl\/?p=60427","title":{"rendered":"Las comunas de Cisnes, Guaitecas y Ays\u00e9n participaron en Cogrid Forestal preventivo"},"content":{"rendered":"<div class=\"flex_column av_one_full  flex_column_div av-zero-column-padding first  avia-builder-el-0  el_before_av_one_full  avia-builder-el-first  \" style='border-radius:0px; '><div  class='avia-image-container  av-styling-    avia-builder-el-1  avia-builder-el-no-sibling  avia-align-center '  itemprop=\"image\" itemscope=\"itemscope\" itemtype=\"https:\/\/schema.org\/ImageObject\"  ><div class='avia-image-container-inner'><div class='avia-image-overlay-wrap'><img decoding=\"async\" class='wp-image-60428 avia-img-lazy-loading-not-60428 avia_image' src=\"https:\/\/radiorevelacionfm.cl\/wp-content\/uploads\/2025\/10\/cogrid-forestal-2-1_optimized-1.jpg\" alt='' title='cogrid-forestal-2-(1)_optimized (1)' height=\"600\" width=\"1067\"  itemprop=\"thumbnailUrl\" srcset=\"https:\/\/radiorevelacionfm.cl\/wp-content\/uploads\/2025\/10\/cogrid-forestal-2-1_optimized-1.jpg 1067w, https:\/\/radiorevelacionfm.cl\/wp-content\/uploads\/2025\/10\/cogrid-forestal-2-1_optimized-1-300x169.jpg 300w, https:\/\/radiorevelacionfm.cl\/wp-content\/uploads\/2025\/10\/cogrid-forestal-2-1_optimized-1-1030x579.jpg 1030w, https:\/\/radiorevelacionfm.cl\/wp-content\/uploads\/2025\/10\/cogrid-forestal-2-1_optimized-1-768x432.jpg 768w, https:\/\/radiorevelacionfm.cl\/wp-content\/uploads\/2025\/10\/cogrid-forestal-2-1_optimized-1-705x396.jpg 705w, https:\/\/radiorevelacionfm.cl\/wp-content\/uploads\/2025\/10\/cogrid-forestal-2-1_optimized-1-450x253.jpg 450w, https:\/\/radiorevelacionfm.cl\/wp-content\/uploads\/2025\/10\/cogrid-forestal-2-1_optimized-1-600x337.jpg 600w\" sizes=\"(max-width: 1067px) 100vw, 1067px\" \/><\/div><\/div><\/div><\/div><div class=\"flex_column av_one_full  flex_column_div av-zero-column-padding first  avia-builder-el-2  el_after_av_one_full  el_before_av_one_full  column-top-margin\" style='border-radius:0px; '><section class=\"av_textblock_section \"  itemscope=\"itemscope\" itemtype=\"https:\/\/schema.org\/BlogPosting\" itemprop=\"blogPost\" ><div class='avia_textblock  '   itemprop=\"text\" ><p style=\"text-align: center;\"><strong><span style=\"font-size: 18pt;\">Las comunas de Cisnes, Guaitecas y Ays\u00e9n participaron en Cogrid Forestal preventivo<\/span><\/strong><\/p>\n<div id=\"gtx-trans\" style=\"position: absolute; left: -50px; top: 4.31534px;\">\n<div class=\"gtx-trans-icon\"><\/div>\n<\/div>\n<\/div><\/section><\/div><div class=\"flex_column av_one_full  flex_column_div av-zero-column-padding first  avia-builder-el-4  el_after_av_one_full  el_before_av_hr  column-top-margin\" style='border-radius:0px; '><section class=\"av_textblock_section \"  itemscope=\"itemscope\" itemtype=\"https:\/\/schema.org\/BlogPosting\" itemprop=\"blogPost\" ><div class='avia_textblock  '   itemprop=\"text\" ><p style=\"text-align: justify;\">La Delegaci\u00f3n Presidencial Provincial de Ays\u00e9n, convoc\u00f3 este jueves a los distintos servicios p\u00fablicos y representantes de las comunas de Guaitecas, Ays\u00e9n y Cisnes a un primer Comit\u00e9 para la Gesti\u00f3n del Riesgo de Desastres (COGRID) Forestal Preventivo.<\/p>\n<p style=\"text-align: justify;\">La instancia sirvi\u00f3 para actualizar datos, determinar los servicios que est\u00e1n disponibles para trabajar y difundir en la comunidad las medidas que busquen proteger a las distintas localidades, ante la ocurrencia de un incendio forestal.<\/p>\n<p style=\"text-align: justify;\">El delegado presidencial provincial, Rodrigo Moreno, destac\u00f3 la convocatoria y relev\u00f3 la importancia de la prevenci\u00f3n.<\/p>\n<p style=\"text-align: justify;\">\u201cEl Cogrid forestal, una instancia para prevenir, ponernos de acuerdo ante las distintas instituciones que han venido en su totalidad. Contamos con la presencia del municipio de Ays\u00e9n, tambi\u00e9n tuvimos la presencia de Puerto Cisnes y el alcalde de Guaitecas. As\u00ed que entre todas las instituciones nos hemos puesto de acuerdo, para poder prever y tener un trabajo mancomunado con las distintas instituciones ante cualquier eventualidad que se nos venga ya en la temporada de verano, donde obviamente tenemos mayor cantidad de incendios\u201d.<\/p>\n<p style=\"text-align: justify;\">Por su parte, la jefa provincial de Conaf Ays\u00e9n, Gabriela G\u00f3mez, puso en valor la coordinaci\u00f3n y organizaci\u00f3n temprana para prevenir incendios forestales en el territorio. \u201cA pesar que ha llovido harto, estamos prepar\u00e1ndonos y organiz\u00e1ndonos como servicios p\u00fablicos junto al delegado para poder enfrentar eventualmente un incendio dentro de la provincia. Hoy d\u00eda mostramos la disponibilidad que tenemos de brigadas, de los equipos, de los helic\u00f3pteros que est\u00e1n disponibles, los avisos de quema, que a contar del primero de noviembre est\u00e1n prohibidos y bueno, estamos haciendo coordinaciones para que todos estemos al tanto. Particip\u00f3 la Municipalidad de Cisnes, Ays\u00e9n y el alcalde de Guaitecas, as\u00ed que estamos bien contentos con la convocatoria que logramos hoy d\u00eda\u201d.<\/p>\n<p style=\"text-align: justify;\">En tanto, el encargado provincial de Senapred, Patricio Antiman, resalt\u00f3 la convocatoria realizada por el delegado presidencial provincial, Rodrigo Moreno, para este Cogrid Forestal Preventivo, donde, \u201ctuvimos una amplia participaci\u00f3n, estuvieron presentes los tres municipios de la provincia de Ays\u00e9n. En primera instancia, se convers\u00f3 sobre las proyecciones clim\u00e1ticas que se esperan para los tres meses que restan del a\u00f1o y como esto pudiese influir en la generaci\u00f3n y proliferaci\u00f3n de los incendios forestales. Despu\u00e9s tuvimos una presentaci\u00f3n de CONAF sobre la realidad asociada a incendios forestales en nuestra regi\u00f3n, algunos datos de estad\u00edsticas y los recursos que ellos disponen. Luego estuvimos conversando con los asistentes y con las comunas que estaban conectadas sobre inquietudes y principalmente formas de difusi\u00f3n y de prevenci\u00f3n\u201d.<\/p>\n<p style=\"text-align: justify;\">Ahora, queda la instancia a la que deben convocar los distintos territorios, mediante Cogrid Comunal, con el fin de abordar instancias preventivas y advertir como est\u00e1n preparados ante eventuales situaciones de emergencia durante el verano.<\/p>\n<p style=\"text-align: justify;\">El delegado presidencial provincial, Rodrigo Moreno, se\u00f1al\u00f3 finalmente que existe la disposici\u00f3n a colaborar en la coordinaci\u00f3n y en continuar difundiendo acciones preventivas a fin de se disminuya al m\u00e1ximo o no existan incendios forestales en la zona para la temporada estival.<\/p>\n<p style=\"text-align: justify;\"><strong>\u00a0<\/strong><\/p>\n<\/div><\/section><\/div><div  style='height:50px' class='hr hr-invisible   avia-builder-el-6  el_after_av_one_full  el_before_av_social_share '><span class='hr-inner ' ><span class='hr-inner-style'><\/span><\/span><\/div><\/p>\n<div  class='av-social-sharing-box  avia-builder-el-7  el_after_av_hr  el_before_av_hr  '><div class='av-share-box'><h5 class='av-share-link-description av-no-toc '>Compartir esta noticia<\/h5><ul class='av-share-box-list noLightbox'><li class='av-share-link av-social-link-facebook' ><a target=\"_blank\" aria-label=\"Compartir en Facebook\" href='https:\/\/www.facebook.com\/sharer.php?u=https:\/\/radiorevelacionfm.cl\/?p=60427&#038;t=Las%20comunas%20de%20Cisnes%2C%20Guaitecas%20y%20Ays%C3%A9n%20participaron%20en%20Cogrid%20Forestal%20preventivo' aria-hidden='false' data-av_icon='\ue8f3' data-av_iconfont='entypo-fontello' title='' data-avia-related-tooltip='Compartir en Facebook' rel=\"noopener\"><span class='avia_hidden_link_text'>Compartir en Facebook<\/span><\/a><\/li><li class='av-share-link av-social-link-twitter' ><a target=\"_blank\" aria-label=\"Compartir en Twitter\" href='https:\/\/twitter.com\/share?text=Las%20comunas%20de%20Cisnes%2C%20Guaitecas%20y%20Ays%C3%A9n%20participaron%20en%20Cogrid%20Forestal%20preventivo&#038;url=https:\/\/radiorevelacionfm.cl\/?p=60427' aria-hidden='false' data-av_icon='\ue8f1' data-av_iconfont='entypo-fontello' title='' data-avia-related-tooltip='Compartir en Twitter' rel=\"noopener\"><span class='avia_hidden_link_text'>Compartir en Twitter<\/span><\/a><\/li><li class='av-share-link av-social-link-whatsapp' ><a target=\"_blank\" aria-label=\"Compartir en Whatsapp\" href='https:\/\/api.whatsapp.com\/send?text=https:\/\/radiorevelacionfm.cl\/?p=60427' aria-hidden='false' data-av_icon='\uf232' data-av_iconfont='entypo-fontello' title='' data-avia-related-tooltip='Compartir en Whatsapp' rel=\"noopener\"><span class='avia_hidden_link_text'>Compartir en Whatsapp<\/span><\/a><\/li><li class='av-share-link av-social-link-linkedin' ><a target=\"_blank\" aria-label=\"Compartir en LinkedIn\" href='https:\/\/linkedin.com\/shareArticle?mini=true&#038;title=Las%20comunas%20de%20Cisnes%2C%20Guaitecas%20y%20Ays%C3%A9n%20participaron%20en%20Cogrid%20Forestal%20preventivo&#038;url=https:\/\/radiorevelacionfm.cl\/?p=60427' aria-hidden='false' data-av_icon='\ue8fc' data-av_iconfont='entypo-fontello' title='' data-avia-related-tooltip='Compartir en LinkedIn' rel=\"noopener\"><span class='avia_hidden_link_text'>Compartir en LinkedIn<\/span><\/a><\/li><li class='av-share-link av-social-link-mail' ><a  aria-label=\"Compartir por correo\" href='mailto:?subject=Las%20comunas%20de%20Cisnes%2C%20Guaitecas%20y%20Ays%C3%A9n%20participaron%20en%20Cogrid%20Forestal%20preventivo&#038;body=https:\/\/radiorevelacionfm.cl\/?p=60427' aria-hidden='false' data-av_icon='\ue805' data-av_iconfont='entypo-fontello' title='' data-avia-related-tooltip='Compartir por correo'><span class='avia_hidden_link_text'>Compartir por correo<\/span><\/a><\/li><\/ul><\/div><\/div>\n<div  style='height:50px' class='hr hr-invisible   avia-builder-el-8  el_after_av_social_share  el_before_av_comments_list '><span class='hr-inner ' ><span class='hr-inner-style'><\/span><\/span><\/div>\n<div  class='av-buildercomment  av-blog-meta-html-info-disabled av-blog-meta-tag-disabled  '><\/div>\n","protected":false},"excerpt":{"rendered":"","protected":false},"author":1,"featured_media":60428,"comment_status":"closed","ping_status":"closed","sticky":false,"template":"","format":"standard","meta":{"footnotes":""},"categories":[38],"tags":[],"class_list":["post-60427","post","type-post","status-publish","format-standard","has-post-thumbnail","hentry","category-regional"],"jetpack_featured_media_url":"https:\/\/radiorevelacionfm.cl\/wp-content\/uploads\/2025\/10\/cogrid-forestal-2-1_optimized-1.jpg","_links":{"self":[{"href":"https:\/\/radiorevelacionfm.cl\/index.php?rest_route=\/wp\/v2\/posts\/60427","targetHints":{"allow":["GET"]}}],"collection":[{"href":"https:\/\/radiorevelacionfm.cl\/index.php?rest_route=\/wp\/v2\/posts"}],"about":[{"href":"https:\/\/radiorevelacionfm.cl\/index.php?rest_route=\/wp\/v2\/types\/post"}],"author":[{"embeddable":true,"href":"https:\/\/radiorevelacionfm.cl\/index.php?rest_route=\/wp\/v2\/users\/1"}],"replies":[{"embeddable":true,"href":"https:\/\/radiorevelacionfm.cl\/index.php?rest_route=%2Fwp%2Fv2%2Fcomments&post=60427"}],"version-history":[{"count":2,"href":"https:\/\/radiorevelacionfm.cl\/index.php?rest_route=\/wp\/v2\/posts\/60427\/revisions"}],"predecessor-version":[{"id":60430,"href":"https:\/\/radiorevelacionfm.cl\/index.php?rest_route=\/wp\/v2\/posts\/60427\/revisions\/60430"}],"wp:featuredmedia":[{"embeddable":true,"href":"https:\/\/radiorevelacionfm.cl\/index.php?rest_route=\/wp\/v2\/media\/60428"}],"wp:attachment":[{"href":"https:\/\/radiorevelacionfm.cl\/index.php?rest_route=%2Fwp%2Fv2%2Fmedia&parent=60427"}],"wp:term":[{"taxonomy":"category","embeddable":true,"href":"https:\/\/radiorevelacionfm.cl\/index.php?rest_route=%2Fwp%2Fv2%2Fcategories&post=60427"},{"taxonomy":"post_tag","embeddable":true,"href":"https:\/\/radiorevelacionfm.cl\/index.php?rest_route=%2Fwp%2Fv2%2Ftags&post=60427"}],"curies":[{"name":"wp","href":"https:\/\/api.w.org\/{rel}","templated":true}]}}