{"id":60410,"date":"2025-10-16T15:07:57","date_gmt":"2025-10-16T18:07:57","guid":{"rendered":"https:\/\/radiorevelacionfm.cl\/?p=60410"},"modified":"2025-10-16T15:07:57","modified_gmt":"2025-10-16T18:07:57","slug":"calisto-exige-correccion-inmediata-a-burdo-error-en-cuentas-de-la-luz-y-cuestiona-inaccion-del-gobierno","status":"publish","type":"post","link":"https:\/\/radiorevelacionfm.cl\/?p=60410","title":{"rendered":"Calisto exige correcci\u00f3n inmediata a \u00abburdo error\u00bb en cuentas de la luz y cuestiona inacci\u00f3n del gobierno"},"content":{"rendered":"<div class=\"flex_column av_one_full  flex_column_div av-zero-column-padding first  avia-builder-el-0  el_before_av_one_full  avia-builder-el-first  \" style='border-radius:0px; '><div  class='avia-image-container  av-styling-    avia-builder-el-1  avia-builder-el-no-sibling  avia-align-center '  itemprop=\"image\" itemscope=\"itemscope\" itemtype=\"https:\/\/schema.org\/ImageObject\"  ><div class='avia-image-container-inner'><div class='avia-image-overlay-wrap'><img decoding=\"async\" class='wp-image-24568 avia-img-lazy-loading-not-24568 avia_image' src=\"https:\/\/radiorevelacionfm.cl\/wp-content\/uploads\/2022\/11\/calisto-resonancia-1-1.jpg\" alt='' title='calisto resonancia (1) (1)' height=\"600\" width=\"956\"  itemprop=\"thumbnailUrl\" srcset=\"https:\/\/radiorevelacionfm.cl\/wp-content\/uploads\/2022\/11\/calisto-resonancia-1-1.jpg 956w, https:\/\/radiorevelacionfm.cl\/wp-content\/uploads\/2022\/11\/calisto-resonancia-1-1-300x188.jpg 300w, https:\/\/radiorevelacionfm.cl\/wp-content\/uploads\/2022\/11\/calisto-resonancia-1-1-768x482.jpg 768w, https:\/\/radiorevelacionfm.cl\/wp-content\/uploads\/2022\/11\/calisto-resonancia-1-1-705x442.jpg 705w, https:\/\/radiorevelacionfm.cl\/wp-content\/uploads\/2022\/11\/calisto-resonancia-1-1-600x377.jpg 600w\" sizes=\"(max-width: 956px) 100vw, 956px\" \/><\/div><\/div><\/div><\/div><div class=\"flex_column av_one_full  flex_column_div av-zero-column-padding first  avia-builder-el-2  el_after_av_one_full  el_before_av_one_full  column-top-margin\" style='border-radius:0px; '><section class=\"av_textblock_section \"  itemscope=\"itemscope\" itemtype=\"https:\/\/schema.org\/BlogPosting\" itemprop=\"blogPost\" ><div class='avia_textblock  '   itemprop=\"text\" ><p style=\"text-align: center;\"><span style=\"font-size: 18pt;\"><b>Calisto exige correcci\u00f3n inmediata a \u00abburdo error\u00bb en cuentas de la luz y cuestiona inacci\u00f3n del gobierno<\/b><\/span><\/p>\n<div id=\"gtx-trans\" style=\"position: absolute; left: -50px; top: 4.31534px;\">\n<div class=\"gtx-trans-icon\"><\/div>\n<\/div>\n<\/div><\/section><\/div><div class=\"flex_column av_one_full  flex_column_div av-zero-column-padding first  avia-builder-el-4  el_after_av_one_full  el_before_av_hr  column-top-margin\" style='border-radius:0px; '><section class=\"av_textblock_section \"  itemscope=\"itemscope\" itemtype=\"https:\/\/schema.org\/BlogPosting\" itemprop=\"blogPost\" ><div class='avia_textblock  '   itemprop=\"text\" ><p style=\"text-align: justify;\">El diputado\u00a0Miguel \u00c1ngel Calisto, miembro de la denominada Bancada El\u00e9ctrica, alz\u00f3 su voz para condenar en\u00e9rgicamente el\u00a0error metodol\u00f3gico\u00a0en el c\u00e1lculo de las tarifas el\u00e9ctricas detectado por la Comisi\u00f3n Nacional de Energ\u00eda (CNE), que ha generado sobrecobros a los consumidores chilenos estimados en m\u00e1s de $112 mil millones. El parlamentario por Ays\u00e9n calific\u00f3 la situaci\u00f3n de\u00a0\u00abimpresentable\u00bb\u00a0y exigi\u00f3 al Gobierno una correcci\u00f3n inmediata, especialmente ante el anuncio preliminar de que la rebaja tarifaria solo se aplicar\u00eda a partir de 2026.<\/p>\n<p style=\"text-align: justify;\">La controversia surge a ra\u00edz de un\u00a0informe preliminar de la CNE\u00a0que revel\u00f3 un error metodol\u00f3gico en la f\u00f3rmula aplicada para el c\u00e1lculo de las tarifas de la luz, particularmente en los saldos pendientes generados por los per\u00edodos de congelamiento tarifario (vigente desde el Estallido Social de 2019 y durante la pandemia). Este error, que data al menos desde 2017 y se habr\u00eda acentuado con el descongelamiento, consisti\u00f3 en aplicar\u00a0doblemente la variaci\u00f3n del \u00cdndice de Precios al Consumidor (IPC), inflando las tarifas y resultando en cobros indebidos para los usuarios regulados.<\/p>\n<p style=\"text-align: justify;\">El diputado Calisto fue enf\u00e1tico en se\u00f1alar la gravedad del error y la falta de respuesta concreta del Ejecutivo. \u00abAhora entendemos, los Ayseninos\u00a0 por qu\u00e9 estamos pagando tanto valor en las tarifas el\u00e9ctricas. Resulta que el gobierno se equivoc\u00f3 en la forma de c\u00e1lculo de la tarifa el\u00e9ctrica. Por eso la gente est\u00e1 pagando los valores m\u00e1s altos. Esta es una\u00a0responsabilidad de un gobierno que, a mi juicio, se ha re\u00eddo en la cara\u00a0de uno de los requerimientos y necesidades m\u00e1s importantes de la familia chilena. La electricidad es una necesidad primaria, y por eso es que es tan importante que busquemos los mecanismos para bajar la tarifa, no aumentarla, pero no conforme con eso\u00bb.<\/p>\n<p style=\"text-align: justify;\">\u00abEl gobierno tampoco ha sido claro respecto a c\u00f3mo va a corregir. Reci\u00e9n dicen que van a bajar el a\u00f1o dos mil veintis\u00e9is el valor de las tarifas, y en el caso nuestro,\u00a0en Ays\u00e9n, eso es impresentable. Nosotros hemos emprendido acciones de fiscalizaci\u00f3n, oficios directos del ministerio de energ\u00eda, y esto se tiene que corregir a la brevedad\u00bb, indic\u00f3 el legislador.<\/p>\n<p style=\"text-align: justify;\">El parlamentario, en su calidad de miembro de la Bancada El\u00e9ctrica, insisti\u00f3 en la necesidad de que el Gobierno asuma su responsabilidad y genere un plan de acci\u00f3n para una\u00a0correcci\u00f3n inmediata\u00a0de las tarifas y la\u00a0devoluci\u00f3n de los montos cobrados en exceso\u00a0a las familias.<\/p>\n<\/div><\/section><\/div><div  style='height:50px' class='hr hr-invisible   avia-builder-el-6  el_after_av_one_full  el_before_av_social_share '><span class='hr-inner ' ><span class='hr-inner-style'><\/span><\/span><\/div><\/p>\n<div  class='av-social-sharing-box  avia-builder-el-7  el_after_av_hr  el_before_av_hr  '><div class='av-share-box'><h5 class='av-share-link-description av-no-toc '>Compartir esta noticia<\/h5><ul class='av-share-box-list noLightbox'><li class='av-share-link av-social-link-facebook' ><a target=\"_blank\" aria-label=\"Compartir en Facebook\" href='https:\/\/www.facebook.com\/sharer.php?u=https:\/\/radiorevelacionfm.cl\/?p=60410&#038;t=Calisto%20exige%20correcci%C3%B3n%20inmediata%20a%20%C2%ABburdo%20error%C2%BB%20en%20cuentas%20de%20la%20luz%20y%20cuestiona%20inacci%C3%B3n%20del%20gobierno' aria-hidden='false' data-av_icon='\ue8f3' data-av_iconfont='entypo-fontello' title='' data-avia-related-tooltip='Compartir en Facebook' rel=\"noopener\"><span class='avia_hidden_link_text'>Compartir en Facebook<\/span><\/a><\/li><li class='av-share-link av-social-link-twitter' ><a target=\"_blank\" aria-label=\"Compartir en Twitter\" href='https:\/\/twitter.com\/share?text=Calisto%20exige%20correcci%C3%B3n%20inmediata%20a%20%C2%ABburdo%20error%C2%BB%20en%20cuentas%20de%20la%20luz%20y%20cuestiona%20inacci%C3%B3n%20del%20gobierno&#038;url=https:\/\/radiorevelacionfm.cl\/?p=60410' aria-hidden='false' data-av_icon='\ue8f1' data-av_iconfont='entypo-fontello' title='' data-avia-related-tooltip='Compartir en Twitter' rel=\"noopener\"><span class='avia_hidden_link_text'>Compartir en Twitter<\/span><\/a><\/li><li class='av-share-link av-social-link-whatsapp' ><a target=\"_blank\" aria-label=\"Compartir en Whatsapp\" href='https:\/\/api.whatsapp.com\/send?text=https:\/\/radiorevelacionfm.cl\/?p=60410' aria-hidden='false' data-av_icon='\uf232' data-av_iconfont='entypo-fontello' title='' data-avia-related-tooltip='Compartir en Whatsapp' rel=\"noopener\"><span class='avia_hidden_link_text'>Compartir en Whatsapp<\/span><\/a><\/li><li class='av-share-link av-social-link-linkedin' ><a target=\"_blank\" aria-label=\"Compartir en LinkedIn\" href='https:\/\/linkedin.com\/shareArticle?mini=true&#038;title=Calisto%20exige%20correcci%C3%B3n%20inmediata%20a%20%C2%ABburdo%20error%C2%BB%20en%20cuentas%20de%20la%20luz%20y%20cuestiona%20inacci%C3%B3n%20del%20gobierno&#038;url=https:\/\/radiorevelacionfm.cl\/?p=60410' aria-hidden='false' data-av_icon='\ue8fc' data-av_iconfont='entypo-fontello' title='' data-avia-related-tooltip='Compartir en LinkedIn' rel=\"noopener\"><span class='avia_hidden_link_text'>Compartir en LinkedIn<\/span><\/a><\/li><li class='av-share-link av-social-link-mail' ><a  aria-label=\"Compartir por correo\" href='mailto:?subject=Calisto%20exige%20correcci%C3%B3n%20inmediata%20a%20%C2%ABburdo%20error%C2%BB%20en%20cuentas%20de%20la%20luz%20y%20cuestiona%20inacci%C3%B3n%20del%20gobierno&#038;body=https:\/\/radiorevelacionfm.cl\/?p=60410' aria-hidden='false' data-av_icon='\ue805' data-av_iconfont='entypo-fontello' title='' data-avia-related-tooltip='Compartir por correo'><span class='avia_hidden_link_text'>Compartir por correo<\/span><\/a><\/li><\/ul><\/div><\/div>\n<div  style='height:50px' class='hr hr-invisible   avia-builder-el-8  el_after_av_social_share  el_before_av_comments_list '><span class='hr-inner ' ><span class='hr-inner-style'><\/span><\/span><\/div>\n<div  class='av-buildercomment  av-blog-meta-html-info-disabled av-blog-meta-tag-disabled  '><\/div>\n","protected":false},"excerpt":{"rendered":"","protected":false},"author":1,"featured_media":24568,"comment_status":"closed","ping_status":"closed","sticky":false,"template":"","format":"standard","meta":{"footnotes":""},"categories":[35],"tags":[],"class_list":["post-60410","post","type-post","status-publish","format-standard","has-post-thumbnail","hentry","category-politica"],"jetpack_featured_media_url":"https:\/\/radiorevelacionfm.cl\/wp-content\/uploads\/2022\/11\/calisto-resonancia-1-1.jpg","_links":{"self":[{"href":"https:\/\/radiorevelacionfm.cl\/index.php?rest_route=\/wp\/v2\/posts\/60410","targetHints":{"allow":["GET"]}}],"collection":[{"href":"https:\/\/radiorevelacionfm.cl\/index.php?rest_route=\/wp\/v2\/posts"}],"about":[{"href":"https:\/\/radiorevelacionfm.cl\/index.php?rest_route=\/wp\/v2\/types\/post"}],"author":[{"embeddable":true,"href":"https:\/\/radiorevelacionfm.cl\/index.php?rest_route=\/wp\/v2\/users\/1"}],"replies":[{"embeddable":true,"href":"https:\/\/radiorevelacionfm.cl\/index.php?rest_route=%2Fwp%2Fv2%2Fcomments&post=60410"}],"version-history":[{"count":2,"href":"https:\/\/radiorevelacionfm.cl\/index.php?rest_route=\/wp\/v2\/posts\/60410\/revisions"}],"predecessor-version":[{"id":60420,"href":"https:\/\/radiorevelacionfm.cl\/index.php?rest_route=\/wp\/v2\/posts\/60410\/revisions\/60420"}],"wp:featuredmedia":[{"embeddable":true,"href":"https:\/\/radiorevelacionfm.cl\/index.php?rest_route=\/wp\/v2\/media\/24568"}],"wp:attachment":[{"href":"https:\/\/radiorevelacionfm.cl\/index.php?rest_route=%2Fwp%2Fv2%2Fmedia&parent=60410"}],"wp:term":[{"taxonomy":"category","embeddable":true,"href":"https:\/\/radiorevelacionfm.cl\/index.php?rest_route=%2Fwp%2Fv2%2Fcategories&post=60410"},{"taxonomy":"post_tag","embeddable":true,"href":"https:\/\/radiorevelacionfm.cl\/index.php?rest_route=%2Fwp%2Fv2%2Ftags&post=60410"}],"curies":[{"name":"wp","href":"https:\/\/api.w.org\/{rel}","templated":true}]}}