{"id":60403,"date":"2025-10-16T12:50:44","date_gmt":"2025-10-16T15:50:44","guid":{"rendered":"https:\/\/radiorevelacionfm.cl\/?p=60403"},"modified":"2025-10-16T12:50:44","modified_gmt":"2025-10-16T15:50:44","slug":"proyecto-explora-aysen-viaja-hasta-villa-ohiggins-para-fortalecer-la-ciencia-escolar-desde-el-sur-austral","status":"publish","type":"post","link":"https:\/\/radiorevelacionfm.cl\/?p=60403","title":{"rendered":"Proyecto Explora Ays\u00e9n viaja hasta Villa O\u2019Higgins para fortalecer la ciencia escolar desde el sur austral"},"content":{"rendered":"<div class=\"flex_column av_one_full  flex_column_div av-zero-column-padding first  avia-builder-el-0  el_before_av_one_full  avia-builder-el-first  \" style='border-radius:0px; '><div  class='avia-image-container  av-styling-    avia-builder-el-1  avia-builder-el-no-sibling  avia-align-center '  itemprop=\"image\" itemscope=\"itemscope\" itemtype=\"https:\/\/schema.org\/ImageObject\"  ><div class='avia-image-container-inner'><div class='avia-image-overlay-wrap'><img decoding=\"async\" class='wp-image-60404 avia-img-lazy-loading-not-60404 avia_image' src=\"https:\/\/radiorevelacionfm.cl\/wp-content\/uploads\/2025\/10\/terrenos-explora2-1_optimized-1.jpeg\" alt='' title='terrenos-explora2-(1)_optimized (1)' height=\"600\" width=\"900\"  itemprop=\"thumbnailUrl\" srcset=\"https:\/\/radiorevelacionfm.cl\/wp-content\/uploads\/2025\/10\/terrenos-explora2-1_optimized-1.jpeg 900w, https:\/\/radiorevelacionfm.cl\/wp-content\/uploads\/2025\/10\/terrenos-explora2-1_optimized-1-300x200.jpeg 300w, https:\/\/radiorevelacionfm.cl\/wp-content\/uploads\/2025\/10\/terrenos-explora2-1_optimized-1-768x512.jpeg 768w, https:\/\/radiorevelacionfm.cl\/wp-content\/uploads\/2025\/10\/terrenos-explora2-1_optimized-1-705x470.jpeg 705w, https:\/\/radiorevelacionfm.cl\/wp-content\/uploads\/2025\/10\/terrenos-explora2-1_optimized-1-450x300.jpeg 450w, https:\/\/radiorevelacionfm.cl\/wp-content\/uploads\/2025\/10\/terrenos-explora2-1_optimized-1-600x400.jpeg 600w\" sizes=\"(max-width: 900px) 100vw, 900px\" \/><\/div><\/div><\/div><\/div><div class=\"flex_column av_one_full  flex_column_div av-zero-column-padding first  avia-builder-el-2  el_after_av_one_full  el_before_av_one_full  column-top-margin\" style='border-radius:0px; '><section class=\"av_textblock_section \"  itemscope=\"itemscope\" itemtype=\"https:\/\/schema.org\/BlogPosting\" itemprop=\"blogPost\" ><div class='avia_textblock  '   itemprop=\"text\" ><p style=\"text-align: center;\"><span style=\"font-size: 18pt;\"><strong>Proyecto Explora Ays\u00e9n viaja hasta Villa O\u2019Higgins para fortalecer la ciencia escolar desde el sur austral<\/strong><\/span><\/p>\n<div id=\"gtx-trans\" style=\"position: absolute; left: -50px; top: 4.31534px;\">\n<div class=\"gtx-trans-icon\"><\/div>\n<\/div>\n<\/div><\/section><\/div><div class=\"flex_column av_one_full  flex_column_div av-zero-column-padding first  avia-builder-el-4  el_after_av_one_full  el_before_av_hr  column-top-margin\" style='border-radius:0px; '><section class=\"av_textblock_section \"  itemscope=\"itemscope\" itemtype=\"https:\/\/schema.org\/BlogPosting\" itemprop=\"blogPost\" ><div class='avia_textblock  '   itemprop=\"text\" ><p style=\"text-align: justify;\"><em>El equipo del Proyecto inici\u00f3 su recorrido por Cochrane, Tortel y Villa O\u2019Higgins, las primeras paradas de una ruta que continuar\u00e1 por toda la regi\u00f3n acompa\u00f1ando a comunidades educativas en la implementaci\u00f3n y socializaci\u00f3n de experiencias de ciencia y tecnolog\u00eda en el aula. <\/em><\/p>\n<p style=\"text-align: justify;\">Los jardines infantiles Los Pioneros y Mi Baker, el Liceo Bicentenario Austral Lord Cochrane, la Escuela Comandante Luis Bravo Bravo y el Liceo Pioneros del Sur fueron los establecimientos visitados por el Proyecto Explora Ays\u00e9n, una iniciativa impulsada por el Ministerio de Ciencia, Tecnolog\u00eda, Conocimiento e Innovaci\u00f3n y el Campus Patagonia de la Universidad Austral de Chile.<\/p>\n<p style=\"text-align: justify;\">Las jornadas de acompa\u00f1amiento se realizaron en el marco del desarrollo de los programas de Investigaci\u00f3n e Innovaci\u00f3n Escolar (IIE) y el Programa de Indagaci\u00f3n para Primeras Edades (PIPE), en los cuales participan los establecimientos visitados, y tuvieron como objetivo apoyar a las comunidades educativas en la implementaci\u00f3n de experiencias pedag\u00f3gicas, participar en encuentros de socializaci\u00f3n, y fortalecer el modelo Explora junto a los equipos directivos.<\/p>\n<p style=\"text-align: justify;\">\u201cEstas reuniones con los equipos directivos y el Servicio Local de Educaci\u00f3n P\u00fablica (SLEP), fueron fundamentales para consolidar el plan de acci\u00f3n del Programa Explora, revisando c\u00f3mo la participaci\u00f3n de cada establecimiento se refleja en sus instrumentos de gesti\u00f3n. Tambi\u00e9n pudimos identificar las principales dificultades que enfrentan los establecimientos para participar, como es la distancia geogr\u00e1fica, entre otros\u201d, se\u00f1al\u00f3 la directora del Proyecto Explora Ays\u00e9n, Viviana Pizarro.<\/p>\n<p style=\"text-align: justify;\"><strong>Ruta de la ciencia<\/strong><\/p>\n<p style=\"text-align: justify;\">Las jornadas de acompa\u00f1amiento incluyeron encuentros con estudiantes y docentes del Programa IIE; la participaci\u00f3n en actividades de socializaci\u00f3n junto a educadoras\/es y t\u00e9cnicas\/os en educaci\u00f3n parvularia del programa PIPE con sus respectivas comunidades educativas; la observaci\u00f3n de estrellas como actividad complementaria del proyecto de estudiantes del Liceo Bicentenario Lord Cochrane, y reuniones de coordinaci\u00f3n con el Servicio Local de Educaci\u00f3n P\u00fablica de Ays\u00e9n.<\/p>\n<p style=\"text-align: justify;\">\u201cLa visita a terreno en la zona sur fue una experiencia muy enriquecedora. Pudimos acompa\u00f1ar a los equipos de Cochrane y Villa O\u2019Higgins, conocer de cerca sus espacios de trabajo y comprender mejor c\u00f3mo se organizan. Esta instancia tambi\u00e9n nos permiti\u00f3 reflexionar sobre todo lo aprendido y trabajado junto a los equipos a lo largo de este a\u00f1o\u201d destac\u00f3 Javier Acu\u00f1a, encargado de IIE Ays\u00e9n.<\/p>\n<p style=\"text-align: justify;\">Respecto a los encuentros de socializaci\u00f3n del programa PIPE, Beatriz Ram\u00edrez, educadora de p\u00e1rvulos de la Escuela Comandante Luis Bravo Bravo, destac\u00f3 que este encuentro \u201cpermiti\u00f3 a la comunidad educativa conocer el trabajo que se realiza con las y los p\u00e1rvulos y que ellos hayan sido capaces de exponer, ense\u00f1ar a estudiantes y adultos sobre los nuevos conocimientos adquiridos a trav\u00e9s de la indagaci\u00f3n y la experimentaci\u00f3n\u201d.<\/p>\n<p style=\"text-align: justify;\">Asimismo, Melissa Zavala, encargada de PIPE Ays\u00e9n coment\u00f3: \u201cEstos espacios buscan compartir con la comunidad educativa de los establecimientos las experiencias de PIPE, implementadas por las educadoras y t\u00e9cnicas\/os en educaci\u00f3n participantes del Programa. En el caso de los establecimientos de la zona sur, fue una experiencia muy gratificante ver c\u00f3mo impulsan los sellos de esos establecimientos a trav\u00e9s de las experiencias de cada uno de los jardines y escuelas\u201d.<\/p>\n<p style=\"text-align: justify;\">Con este despliegue territorial, el Proyecto Explora Ays\u00e9n da inicio a una serie de jornadas que se desarrollar\u00e1n en distintas zonas de la regi\u00f3n hasta el mes de noviembre, con el objetivo de fortalecer la ciencia y la innovaci\u00f3n en las comunidades educativas de toda la regi\u00f3n de Ays\u00e9n.<\/p>\n<\/div><\/section><\/div><div  style='height:50px' class='hr hr-invisible   avia-builder-el-6  el_after_av_one_full  el_before_av_social_share '><span class='hr-inner ' ><span class='hr-inner-style'><\/span><\/span><\/div><\/p>\n<div  class='av-social-sharing-box  avia-builder-el-7  el_after_av_hr  el_before_av_hr  '><div class='av-share-box'><h5 class='av-share-link-description av-no-toc '>Compartir esta noticia<\/h5><ul class='av-share-box-list noLightbox'><li class='av-share-link av-social-link-facebook' ><a target=\"_blank\" aria-label=\"Compartir en Facebook\" href='https:\/\/www.facebook.com\/sharer.php?u=https:\/\/radiorevelacionfm.cl\/?p=60403&#038;t=Proyecto%20Explora%20Ays%C3%A9n%20viaja%20hasta%20Villa%20O%E2%80%99Higgins%20para%20fortalecer%20la%20ciencia%20escolar%20desde%20el%20sur%20austral' aria-hidden='false' data-av_icon='\ue8f3' data-av_iconfont='entypo-fontello' title='' data-avia-related-tooltip='Compartir en Facebook' rel=\"noopener\"><span class='avia_hidden_link_text'>Compartir en Facebook<\/span><\/a><\/li><li class='av-share-link av-social-link-twitter' ><a target=\"_blank\" aria-label=\"Compartir en Twitter\" href='https:\/\/twitter.com\/share?text=Proyecto%20Explora%20Ays%C3%A9n%20viaja%20hasta%20Villa%20O%E2%80%99Higgins%20para%20fortalecer%20la%20ciencia%20escolar%20desde%20el%20sur%20austral&#038;url=https:\/\/radiorevelacionfm.cl\/?p=60403' aria-hidden='false' data-av_icon='\ue8f1' data-av_iconfont='entypo-fontello' title='' data-avia-related-tooltip='Compartir en Twitter' rel=\"noopener\"><span class='avia_hidden_link_text'>Compartir en Twitter<\/span><\/a><\/li><li class='av-share-link av-social-link-whatsapp' ><a target=\"_blank\" aria-label=\"Compartir en Whatsapp\" href='https:\/\/api.whatsapp.com\/send?text=https:\/\/radiorevelacionfm.cl\/?p=60403' aria-hidden='false' data-av_icon='\uf232' data-av_iconfont='entypo-fontello' title='' data-avia-related-tooltip='Compartir en Whatsapp' rel=\"noopener\"><span class='avia_hidden_link_text'>Compartir en Whatsapp<\/span><\/a><\/li><li class='av-share-link av-social-link-linkedin' ><a target=\"_blank\" aria-label=\"Compartir en LinkedIn\" href='https:\/\/linkedin.com\/shareArticle?mini=true&#038;title=Proyecto%20Explora%20Ays%C3%A9n%20viaja%20hasta%20Villa%20O%E2%80%99Higgins%20para%20fortalecer%20la%20ciencia%20escolar%20desde%20el%20sur%20austral&#038;url=https:\/\/radiorevelacionfm.cl\/?p=60403' aria-hidden='false' data-av_icon='\ue8fc' data-av_iconfont='entypo-fontello' title='' data-avia-related-tooltip='Compartir en LinkedIn' rel=\"noopener\"><span class='avia_hidden_link_text'>Compartir en LinkedIn<\/span><\/a><\/li><li class='av-share-link av-social-link-mail' ><a  aria-label=\"Compartir por correo\" href='mailto:?subject=Proyecto%20Explora%20Ays%C3%A9n%20viaja%20hasta%20Villa%20O%E2%80%99Higgins%20para%20fortalecer%20la%20ciencia%20escolar%20desde%20el%20sur%20austral&#038;body=https:\/\/radiorevelacionfm.cl\/?p=60403' aria-hidden='false' data-av_icon='\ue805' data-av_iconfont='entypo-fontello' title='' data-avia-related-tooltip='Compartir por correo'><span class='avia_hidden_link_text'>Compartir por correo<\/span><\/a><\/li><\/ul><\/div><\/div>\n<div  style='height:50px' class='hr hr-invisible   avia-builder-el-8  el_after_av_social_share  el_before_av_comments_list '><span class='hr-inner ' ><span class='hr-inner-style'><\/span><\/span><\/div>\n<div  class='av-buildercomment  av-blog-meta-html-info-disabled av-blog-meta-tag-disabled  '><\/div>\n","protected":false},"excerpt":{"rendered":"","protected":false},"author":1,"featured_media":60404,"comment_status":"closed","ping_status":"closed","sticky":false,"template":"","format":"standard","meta":{"footnotes":""},"categories":[49],"tags":[],"class_list":["post-60403","post","type-post","status-publish","format-standard","has-post-thumbnail","hentry","category-educacion"],"jetpack_featured_media_url":"https:\/\/radiorevelacionfm.cl\/wp-content\/uploads\/2025\/10\/terrenos-explora2-1_optimized-1.jpeg","_links":{"self":[{"href":"https:\/\/radiorevelacionfm.cl\/index.php?rest_route=\/wp\/v2\/posts\/60403","targetHints":{"allow":["GET"]}}],"collection":[{"href":"https:\/\/radiorevelacionfm.cl\/index.php?rest_route=\/wp\/v2\/posts"}],"about":[{"href":"https:\/\/radiorevelacionfm.cl\/index.php?rest_route=\/wp\/v2\/types\/post"}],"author":[{"embeddable":true,"href":"https:\/\/radiorevelacionfm.cl\/index.php?rest_route=\/wp\/v2\/users\/1"}],"replies":[{"embeddable":true,"href":"https:\/\/radiorevelacionfm.cl\/index.php?rest_route=%2Fwp%2Fv2%2Fcomments&post=60403"}],"version-history":[{"count":2,"href":"https:\/\/radiorevelacionfm.cl\/index.php?rest_route=\/wp\/v2\/posts\/60403\/revisions"}],"predecessor-version":[{"id":60406,"href":"https:\/\/radiorevelacionfm.cl\/index.php?rest_route=\/wp\/v2\/posts\/60403\/revisions\/60406"}],"wp:featuredmedia":[{"embeddable":true,"href":"https:\/\/radiorevelacionfm.cl\/index.php?rest_route=\/wp\/v2\/media\/60404"}],"wp:attachment":[{"href":"https:\/\/radiorevelacionfm.cl\/index.php?rest_route=%2Fwp%2Fv2%2Fmedia&parent=60403"}],"wp:term":[{"taxonomy":"category","embeddable":true,"href":"https:\/\/radiorevelacionfm.cl\/index.php?rest_route=%2Fwp%2Fv2%2Fcategories&post=60403"},{"taxonomy":"post_tag","embeddable":true,"href":"https:\/\/radiorevelacionfm.cl\/index.php?rest_route=%2Fwp%2Fv2%2Ftags&post=60403"}],"curies":[{"name":"wp","href":"https:\/\/api.w.org\/{rel}","templated":true}]}}