{"id":60399,"date":"2025-10-16T10:20:02","date_gmt":"2025-10-16T13:20:02","guid":{"rendered":"https:\/\/radiorevelacionfm.cl\/?p=60399"},"modified":"2025-10-16T10:20:02","modified_gmt":"2025-10-16T13:20:02","slug":"deportistas-de-puerto-rio-tranquilo-valoraron-en-forma-positiva-proyecto-del-nuevo-gimnasio-para-la-localidad","status":"publish","type":"post","link":"https:\/\/radiorevelacionfm.cl\/?p=60399","title":{"rendered":"Deportistas de Puerto R\u00edo Tranquilo valoraron en forma positiva proyecto del nuevo gimnasio para la localidad"},"content":{"rendered":"<div class=\"flex_column av_one_full  flex_column_div av-zero-column-padding first  avia-builder-el-0  el_before_av_one_full  avia-builder-el-first  \" style='border-radius:0px; '><div  class='avia-image-container  av-styling-    avia-builder-el-1  avia-builder-el-no-sibling  avia-align-center '  itemprop=\"image\" itemscope=\"itemscope\" itemtype=\"https:\/\/schema.org\/ImageObject\"  ><div class='avia-image-container-inner'><div class='avia-image-overlay-wrap'><img decoding=\"async\" class='wp-image-60400 avia-img-lazy-loading-not-60400 avia_image' src=\"https:\/\/radiorevelacionfm.cl\/wp-content\/uploads\/2025\/10\/01-29-1_optimized.jpg\" alt='' title='01-(29)-(1)_optimized' height=\"600\" width=\"1067\"  itemprop=\"thumbnailUrl\" srcset=\"https:\/\/radiorevelacionfm.cl\/wp-content\/uploads\/2025\/10\/01-29-1_optimized.jpg 1067w, https:\/\/radiorevelacionfm.cl\/wp-content\/uploads\/2025\/10\/01-29-1_optimized-300x169.jpg 300w, https:\/\/radiorevelacionfm.cl\/wp-content\/uploads\/2025\/10\/01-29-1_optimized-1030x579.jpg 1030w, https:\/\/radiorevelacionfm.cl\/wp-content\/uploads\/2025\/10\/01-29-1_optimized-768x432.jpg 768w, https:\/\/radiorevelacionfm.cl\/wp-content\/uploads\/2025\/10\/01-29-1_optimized-705x396.jpg 705w, https:\/\/radiorevelacionfm.cl\/wp-content\/uploads\/2025\/10\/01-29-1_optimized-450x253.jpg 450w, https:\/\/radiorevelacionfm.cl\/wp-content\/uploads\/2025\/10\/01-29-1_optimized-600x337.jpg 600w\" sizes=\"(max-width: 1067px) 100vw, 1067px\" \/><\/div><\/div><\/div><\/div><div class=\"flex_column av_one_full  flex_column_div av-zero-column-padding first  avia-builder-el-2  el_after_av_one_full  el_before_av_one_full  column-top-margin\" style='border-radius:0px; '><section class=\"av_textblock_section \"  itemscope=\"itemscope\" itemtype=\"https:\/\/schema.org\/BlogPosting\" itemprop=\"blogPost\" ><div class='avia_textblock  '   itemprop=\"text\" ><p style=\"text-align: center;\"><strong><span style=\"font-size: 18pt;\">Deportistas de Puerto R\u00edo Tranquilo valoraron en forma positiva proyecto del nuevo gimnasio para la localidad<\/span><\/strong><\/p>\n<div id=\"gtx-trans\" style=\"position: absolute; left: -50px; top: 4.31534px;\">\n<div class=\"gtx-trans-icon\"><\/div>\n<\/div>\n<\/div><\/section><\/div><div class=\"flex_column av_one_full  flex_column_div av-zero-column-padding first  avia-builder-el-4  el_after_av_one_full  el_before_av_hr  column-top-margin\" style='border-radius:0px; '><section class=\"av_textblock_section \"  itemscope=\"itemscope\" itemtype=\"https:\/\/schema.org\/BlogPosting\" itemprop=\"blogPost\" ><div class='avia_textblock  '   itemprop=\"text\" ><p style=\"text-align: justify;\"><em>Son m\u00e1s de 900 millones de pesos para el mejoramiento integral de la infraestructura, gestionados por la Municipalidad de R\u00edo Ib\u00e1\u00f1ez a trav\u00e9s del Gobierno Regional de Ays\u00e9n.<\/em><\/p>\n<p style=\"text-align: justify;\">En una positiva instancia de socializaci\u00f3n del proyecto del nuevo gimnasio de Puerto R\u00edo Tranquilo, realizada este mi\u00e9rcoles 15 de octubre, diversas organizaciones deportivas de la localidad valoraron la presentaci\u00f3n encabezada por el alcalde de R\u00edo Ib\u00e1\u00f1ez, Marcelo J\u00e9lvez C\u00e1rdenas, junto al director de Secplan, Nelson Belmar Arzola.<\/p>\n<p style=\"text-align: justify;\">El encuentro permiti\u00f3 aclarar dudas y entregar m\u00e1s detalles sobre esta importante iniciativa, recientemente aprobada por el Gobierno Regional de Ays\u00e9n y su Consejo, que contempla una inversi\u00f3n superior a los 900 millones de pesos. Gracias a estos recursos, la infraestructura ser\u00e1 intervenida en su totalidad para brindar a la comunidad un espacio m\u00e1s confortable y de alto nivel para la pr\u00e1ctica deportiva.<\/p>\n<p style=\"text-align: justify;\">La primera autoridad comunal, Marcelo J\u00e9lvez, indic\u00f3 que \u201ctuvimos una muy positiva reuni\u00f3n con representantes de los clubes deportivos de Puerto R\u00edo Tranquilo, donde aclaramos dudas y entregamos detalles como plazos de lo que ser\u00e1 la construcci\u00f3n de esta obra tan importante y requerida por la comunidad\u201d.<\/p>\n<p style=\"text-align: justify;\">En este contexto, la integrante del Club Femenino Ventisqueros, Margot Sobarzo Reyes, asegur\u00f3 que \u201cmirando los planos y conociendo m\u00e1s el \u00e1rea de arquitectura, este es un proyecto bastante completo. Estamos s\u00faper agradecidos. Ser\u00e1 un gimnasio que va a venir a mejorar mucho la calidad del pueblo\u201d.<\/p>\n<p style=\"text-align: justify;\">Asimismo, el representante del Club Porvenir, Camilo Mancilla Rojas, se\u00f1al\u00f3 que \u201cla instancia fue muy positiva. Era algo que est\u00e1bamos esperando como vecinos porque ten\u00edamos la inquietud de cu\u00e1ndo se podr\u00eda tener un mejoramiento de este espacio. Tuvimos buenas noticias. Se va a concretar un mejoramiento completo, por fuera y por dentro. As\u00ed que fabuloso\u201d.<\/p>\n<p style=\"text-align: justify;\">Las pr\u00f3ximas etapas de este proyecto contemplan la firma del convenio con el Gobierno Regional para, posteriormente, iniciar el proceso de licitaci\u00f3n antes de que finalice este 2025. Una vez adjudicado, se espera un periodo de ejecuci\u00f3n de obras de aproximadamente siete meses.<\/p>\n<\/div><\/section><\/div><div  style='height:50px' class='hr hr-invisible   avia-builder-el-6  el_after_av_one_full  el_before_av_social_share '><span class='hr-inner ' ><span class='hr-inner-style'><\/span><\/span><\/div><\/p>\n<div  class='av-social-sharing-box  avia-builder-el-7  el_after_av_hr  el_before_av_hr  '><div class='av-share-box'><h5 class='av-share-link-description av-no-toc '>Compartir esta noticia<\/h5><ul class='av-share-box-list noLightbox'><li class='av-share-link av-social-link-facebook' ><a target=\"_blank\" aria-label=\"Compartir en Facebook\" href='https:\/\/www.facebook.com\/sharer.php?u=https:\/\/radiorevelacionfm.cl\/?p=60399&#038;t=Deportistas%20de%20Puerto%20R%C3%ADo%20Tranquilo%20valoraron%20en%20forma%20positiva%20proyecto%20del%20nuevo%20gimnasio%20para%20la%20localidad' aria-hidden='false' data-av_icon='\ue8f3' data-av_iconfont='entypo-fontello' title='' data-avia-related-tooltip='Compartir en Facebook' rel=\"noopener\"><span class='avia_hidden_link_text'>Compartir en Facebook<\/span><\/a><\/li><li class='av-share-link av-social-link-twitter' ><a target=\"_blank\" aria-label=\"Compartir en Twitter\" href='https:\/\/twitter.com\/share?text=Deportistas%20de%20Puerto%20R%C3%ADo%20Tranquilo%20valoraron%20en%20forma%20positiva%20proyecto%20del%20nuevo%20gimnasio%20para%20la%20localidad&#038;url=https:\/\/radiorevelacionfm.cl\/?p=60399' aria-hidden='false' data-av_icon='\ue8f1' data-av_iconfont='entypo-fontello' title='' data-avia-related-tooltip='Compartir en Twitter' rel=\"noopener\"><span class='avia_hidden_link_text'>Compartir en Twitter<\/span><\/a><\/li><li class='av-share-link av-social-link-whatsapp' ><a target=\"_blank\" aria-label=\"Compartir en Whatsapp\" href='https:\/\/api.whatsapp.com\/send?text=https:\/\/radiorevelacionfm.cl\/?p=60399' aria-hidden='false' data-av_icon='\uf232' data-av_iconfont='entypo-fontello' title='' data-avia-related-tooltip='Compartir en Whatsapp' rel=\"noopener\"><span class='avia_hidden_link_text'>Compartir en Whatsapp<\/span><\/a><\/li><li class='av-share-link av-social-link-linkedin' ><a target=\"_blank\" aria-label=\"Compartir en LinkedIn\" href='https:\/\/linkedin.com\/shareArticle?mini=true&#038;title=Deportistas%20de%20Puerto%20R%C3%ADo%20Tranquilo%20valoraron%20en%20forma%20positiva%20proyecto%20del%20nuevo%20gimnasio%20para%20la%20localidad&#038;url=https:\/\/radiorevelacionfm.cl\/?p=60399' aria-hidden='false' data-av_icon='\ue8fc' data-av_iconfont='entypo-fontello' title='' data-avia-related-tooltip='Compartir en LinkedIn' rel=\"noopener\"><span class='avia_hidden_link_text'>Compartir en LinkedIn<\/span><\/a><\/li><li class='av-share-link av-social-link-mail' ><a  aria-label=\"Compartir por correo\" href='mailto:?subject=Deportistas%20de%20Puerto%20R%C3%ADo%20Tranquilo%20valoraron%20en%20forma%20positiva%20proyecto%20del%20nuevo%20gimnasio%20para%20la%20localidad&#038;body=https:\/\/radiorevelacionfm.cl\/?p=60399' aria-hidden='false' data-av_icon='\ue805' data-av_iconfont='entypo-fontello' title='' data-avia-related-tooltip='Compartir por correo'><span class='avia_hidden_link_text'>Compartir por correo<\/span><\/a><\/li><\/ul><\/div><\/div>\n<div  style='height:50px' class='hr hr-invisible   avia-builder-el-8  el_after_av_social_share  el_before_av_comments_list '><span class='hr-inner ' ><span class='hr-inner-style'><\/span><\/span><\/div>\n<div  class='av-buildercomment  av-blog-meta-html-info-disabled av-blog-meta-tag-disabled  '><\/div>\n","protected":false},"excerpt":{"rendered":"","protected":false},"author":1,"featured_media":60400,"comment_status":"closed","ping_status":"closed","sticky":false,"template":"","format":"standard","meta":{"footnotes":""},"categories":[38],"tags":[],"class_list":["post-60399","post","type-post","status-publish","format-standard","has-post-thumbnail","hentry","category-regional"],"jetpack_featured_media_url":"https:\/\/radiorevelacionfm.cl\/wp-content\/uploads\/2025\/10\/01-29-1_optimized.jpg","_links":{"self":[{"href":"https:\/\/radiorevelacionfm.cl\/index.php?rest_route=\/wp\/v2\/posts\/60399","targetHints":{"allow":["GET"]}}],"collection":[{"href":"https:\/\/radiorevelacionfm.cl\/index.php?rest_route=\/wp\/v2\/posts"}],"about":[{"href":"https:\/\/radiorevelacionfm.cl\/index.php?rest_route=\/wp\/v2\/types\/post"}],"author":[{"embeddable":true,"href":"https:\/\/radiorevelacionfm.cl\/index.php?rest_route=\/wp\/v2\/users\/1"}],"replies":[{"embeddable":true,"href":"https:\/\/radiorevelacionfm.cl\/index.php?rest_route=%2Fwp%2Fv2%2Fcomments&post=60399"}],"version-history":[{"count":2,"href":"https:\/\/radiorevelacionfm.cl\/index.php?rest_route=\/wp\/v2\/posts\/60399\/revisions"}],"predecessor-version":[{"id":60402,"href":"https:\/\/radiorevelacionfm.cl\/index.php?rest_route=\/wp\/v2\/posts\/60399\/revisions\/60402"}],"wp:featuredmedia":[{"embeddable":true,"href":"https:\/\/radiorevelacionfm.cl\/index.php?rest_route=\/wp\/v2\/media\/60400"}],"wp:attachment":[{"href":"https:\/\/radiorevelacionfm.cl\/index.php?rest_route=%2Fwp%2Fv2%2Fmedia&parent=60399"}],"wp:term":[{"taxonomy":"category","embeddable":true,"href":"https:\/\/radiorevelacionfm.cl\/index.php?rest_route=%2Fwp%2Fv2%2Fcategories&post=60399"},{"taxonomy":"post_tag","embeddable":true,"href":"https:\/\/radiorevelacionfm.cl\/index.php?rest_route=%2Fwp%2Fv2%2Ftags&post=60399"}],"curies":[{"name":"wp","href":"https:\/\/api.w.org\/{rel}","templated":true}]}}