{"id":60395,"date":"2025-10-16T10:12:54","date_gmt":"2025-10-16T13:12:54","guid":{"rendered":"https:\/\/radiorevelacionfm.cl\/?p=60395"},"modified":"2025-10-16T10:12:54","modified_gmt":"2025-10-16T13:12:54","slug":"ante-correccion-metodologica-en-las-tarifas-electricas-odecu-valora-transparencia-de-la-cne-y-pide-devolucion-automatica-de-cobros-en-exceso","status":"publish","type":"post","link":"https:\/\/radiorevelacionfm.cl\/?p=60395","title":{"rendered":"Ante correcci\u00f3n metodol\u00f3gica en las tarifas el\u00e9ctricas: ODECU valora transparencia de la CNE y pide devoluci\u00f3n autom\u00e1tica de cobros en exceso"},"content":{"rendered":"<div class=\"flex_column av_one_full  flex_column_div av-zero-column-padding first  avia-builder-el-0  el_before_av_one_full  avia-builder-el-first  \" style='border-radius:0px; '><div  class='avia-image-container  av-styling-    avia-builder-el-1  avia-builder-el-no-sibling  avia-align-center '  itemprop=\"image\" itemscope=\"itemscope\" itemtype=\"https:\/\/schema.org\/ImageObject\"  ><div class='avia-image-container-inner'><div class='avia-image-overlay-wrap'><img decoding=\"async\" class='wp-image-60396 avia-img-lazy-loading-not-60396 avia_image' src=\"https:\/\/radiorevelacionfm.cl\/wp-content\/uploads\/2025\/10\/luz-1-1.jpeg\" alt='' title='luz (1) (1)' height=\"600\" width=\"900\"  itemprop=\"thumbnailUrl\" srcset=\"https:\/\/radiorevelacionfm.cl\/wp-content\/uploads\/2025\/10\/luz-1-1.jpeg 900w, https:\/\/radiorevelacionfm.cl\/wp-content\/uploads\/2025\/10\/luz-1-1-300x200.jpeg 300w, https:\/\/radiorevelacionfm.cl\/wp-content\/uploads\/2025\/10\/luz-1-1-768x512.jpeg 768w, https:\/\/radiorevelacionfm.cl\/wp-content\/uploads\/2025\/10\/luz-1-1-705x470.jpeg 705w, https:\/\/radiorevelacionfm.cl\/wp-content\/uploads\/2025\/10\/luz-1-1-450x300.jpeg 450w, https:\/\/radiorevelacionfm.cl\/wp-content\/uploads\/2025\/10\/luz-1-1-600x400.jpeg 600w\" sizes=\"(max-width: 900px) 100vw, 900px\" \/><\/div><\/div><\/div><\/div><div class=\"flex_column av_one_full  flex_column_div av-zero-column-padding first  avia-builder-el-2  el_after_av_one_full  el_before_av_one_full  column-top-margin\" style='border-radius:0px; '><section class=\"av_textblock_section \"  itemscope=\"itemscope\" itemtype=\"https:\/\/schema.org\/BlogPosting\" itemprop=\"blogPost\" ><div class='avia_textblock  '   itemprop=\"text\" ><p style=\"text-align: center;\"><strong><span style=\"font-size: 18pt;\">Ante correcci\u00f3n metodol\u00f3gica en las tarifas el\u00e9ctricas: ODECU valora transparencia de la CNE y pide devoluci\u00f3n autom\u00e1tica de cobros en exceso<\/span><\/strong><\/p>\n<div id=\"gtx-trans\" style=\"position: absolute; left: -50px; top: 4.31534px;\">\n<div class=\"gtx-trans-icon\"><\/div>\n<\/div>\n<\/div><\/section><\/div><div class=\"flex_column av_one_full  flex_column_div av-zero-column-padding first  avia-builder-el-4  el_after_av_one_full  el_before_av_hr  column-top-margin\" style='border-radius:0px; '><section class=\"av_textblock_section \"  itemscope=\"itemscope\" itemtype=\"https:\/\/schema.org\/BlogPosting\" itemprop=\"blogPost\" ><div class='avia_textblock  '   itemprop=\"text\" ><p style=\"text-align: justify;\"><em>La organizaci\u00f3n reconoci\u00f3 la importancia del error detectado por la Comisi\u00f3n Nacional de Energ\u00eda, pero solicit\u00f3 certezas sobre la magnitud de la baja, el per\u00edodo afectado y el mecanismo de restituci\u00f3n a los usuarios.<\/em><\/p>\n<p style=\"text-align: justify;\">La Organizaci\u00f3n de Consumidores y Usuarios de Chile, ODECU, valor\u00f3 que la Comisi\u00f3n Nacional de Energ\u00eda, CNE, haya reconocido una inconsistencia metodol\u00f3gica en el c\u00e1lculo de las tarifas el\u00e9ctricas, que implicar\u00eda una reducci\u00f3n promedio de 2% en las cuentas de luz a partir de enero de 2026. Ante esto, ODECU solicita claridad sobre el alcance exacto del error, su efecto real en las tarifas y la forma en que se compensar\u00e1 a los consumidores por los cobros en exceso.<\/p>\n<p style=\"text-align: justify;\">\u201cValoramos la transparencia de la CNE al reconocer p\u00fablicamente el error. Es un paso positivo hacia la confianza ciudadana, pero ahora se requiere entregar certezas. El informe definitivo y el decreto tarifario deben precisar el alcance del error y c\u00f3mo se reflejar\u00e1 en la cuenta final\u201d, se\u00f1al\u00f3 Stefan Larenas Riob\u00f3, presidente de ODECU.<\/p>\n<p style=\"text-align: justify;\">La CNE explic\u00f3 que la \u201cdoble actualizaci\u00f3n\u201d del componente inflacionario, aplicada mediante el IPC y la tasa de inter\u00e9s corriente en operaciones no reajustables, habr\u00eda generado cobros superiores a los debidos. Por ello, ODECU exigi\u00f3 que cualquier restituci\u00f3n se realice de manera autom\u00e1tica, \u00edntegra y trazable, con descuentos visibles en las boletas futuras y sin tr\u00e1mites individuales.<\/p>\n<p style=\"text-align: justify;\"><strong>Claridad y coordinaci\u00f3n institucional<\/strong><\/p>\n<p style=\"text-align: justify;\">ODECU solicit\u00f3 a la CNE y al Ministerio de Energ\u00eda publicar en un solo sitio el calendario de hitos, las tablas por zona y comuna, y ejemplos de boletas antes y despu\u00e9s del ajuste, de modo que las familias comprendan cu\u00e1nto bajar\u00e1 su cuenta y por qu\u00e9. Tambi\u00e9n propuso una mesa t\u00e9cnica entre la CNE, la Superintendencia de Electricidad y Combustibles, SEC, y el Servicio Nacional del Consumidor, SERNAC, para validar el mecanismo de restituci\u00f3n y facilitar reclamos si los descuentos no se aplican correctamente.<\/p>\n<p style=\"text-align: justify;\">\u201cLa correcci\u00f3n tarifaria debe realizarse con la misma rigurosidad con que se detect\u00f3 el error. Las autoridades y las empresas deben actuar coordinadas para garantizar que los beneficios lleguen efectivamente a los hogares\u201d, agreg\u00f3 Larenas.<\/p>\n<p style=\"text-align: justify;\">Finalmente, ODECU hizo un llamado a la prudencia comunicacional, recordando que el informe es preliminar y que la baja se confirmar\u00e1 solo cuando el decreto tarifario de 2026 entre en vigencia. La organizaci\u00f3n reiter\u00f3 su compromiso con la vigilancia ciudadana y la defensa de los derechos de los consumidores.<\/p>\n<\/div><\/section><\/div><div  style='height:50px' class='hr hr-invisible   avia-builder-el-6  el_after_av_one_full  el_before_av_social_share '><span class='hr-inner ' ><span class='hr-inner-style'><\/span><\/span><\/div><\/p>\n<div  class='av-social-sharing-box  avia-builder-el-7  el_after_av_hr  el_before_av_hr  '><div class='av-share-box'><h5 class='av-share-link-description av-no-toc '>Compartir esta noticia<\/h5><ul class='av-share-box-list noLightbox'><li class='av-share-link av-social-link-facebook' ><a target=\"_blank\" aria-label=\"Compartir en Facebook\" href='https:\/\/www.facebook.com\/sharer.php?u=https:\/\/radiorevelacionfm.cl\/?p=60395&#038;t=Ante%20correcci%C3%B3n%20metodol%C3%B3gica%20en%20las%20tarifas%20el%C3%A9ctricas%3A%20ODECU%20valora%20transparencia%20de%20la%20CNE%20y%20pide%20devoluci%C3%B3n%20autom%C3%A1tica%20de%20cobros%20en%20exceso' aria-hidden='false' data-av_icon='\ue8f3' data-av_iconfont='entypo-fontello' title='' data-avia-related-tooltip='Compartir en Facebook' rel=\"noopener\"><span class='avia_hidden_link_text'>Compartir en Facebook<\/span><\/a><\/li><li class='av-share-link av-social-link-twitter' ><a target=\"_blank\" aria-label=\"Compartir en Twitter\" href='https:\/\/twitter.com\/share?text=Ante%20correcci%C3%B3n%20metodol%C3%B3gica%20en%20las%20tarifas%20el%C3%A9ctricas%3A%20ODECU%20valora%20transparencia%20de%20la%20CNE%20y%20pide%20devoluci%C3%B3n%20autom%C3%A1tica%20de%20cobros%20en%20exceso&#038;url=https:\/\/radiorevelacionfm.cl\/?p=60395' aria-hidden='false' data-av_icon='\ue8f1' data-av_iconfont='entypo-fontello' title='' data-avia-related-tooltip='Compartir en Twitter' rel=\"noopener\"><span class='avia_hidden_link_text'>Compartir en Twitter<\/span><\/a><\/li><li class='av-share-link av-social-link-whatsapp' ><a target=\"_blank\" aria-label=\"Compartir en Whatsapp\" href='https:\/\/api.whatsapp.com\/send?text=https:\/\/radiorevelacionfm.cl\/?p=60395' aria-hidden='false' data-av_icon='\uf232' data-av_iconfont='entypo-fontello' title='' data-avia-related-tooltip='Compartir en Whatsapp' rel=\"noopener\"><span class='avia_hidden_link_text'>Compartir en Whatsapp<\/span><\/a><\/li><li class='av-share-link av-social-link-linkedin' ><a target=\"_blank\" aria-label=\"Compartir en LinkedIn\" href='https:\/\/linkedin.com\/shareArticle?mini=true&#038;title=Ante%20correcci%C3%B3n%20metodol%C3%B3gica%20en%20las%20tarifas%20el%C3%A9ctricas%3A%20ODECU%20valora%20transparencia%20de%20la%20CNE%20y%20pide%20devoluci%C3%B3n%20autom%C3%A1tica%20de%20cobros%20en%20exceso&#038;url=https:\/\/radiorevelacionfm.cl\/?p=60395' aria-hidden='false' data-av_icon='\ue8fc' data-av_iconfont='entypo-fontello' title='' data-avia-related-tooltip='Compartir en LinkedIn' rel=\"noopener\"><span class='avia_hidden_link_text'>Compartir en LinkedIn<\/span><\/a><\/li><li class='av-share-link av-social-link-mail' ><a  aria-label=\"Compartir por correo\" href='mailto:?subject=Ante%20correcci%C3%B3n%20metodol%C3%B3gica%20en%20las%20tarifas%20el%C3%A9ctricas%3A%20ODECU%20valora%20transparencia%20de%20la%20CNE%20y%20pide%20devoluci%C3%B3n%20autom%C3%A1tica%20de%20cobros%20en%20exceso&#038;body=https:\/\/radiorevelacionfm.cl\/?p=60395' aria-hidden='false' data-av_icon='\ue805' data-av_iconfont='entypo-fontello' title='' data-avia-related-tooltip='Compartir por correo'><span class='avia_hidden_link_text'>Compartir por correo<\/span><\/a><\/li><\/ul><\/div><\/div>\n<div  style='height:50px' class='hr hr-invisible   avia-builder-el-8  el_after_av_social_share  el_before_av_comments_list '><span class='hr-inner ' ><span class='hr-inner-style'><\/span><\/span><\/div>\n<div  class='av-buildercomment  av-blog-meta-html-info-disabled av-blog-meta-tag-disabled  '><\/div>\n","protected":false},"excerpt":{"rendered":"","protected":false},"author":1,"featured_media":60396,"comment_status":"closed","ping_status":"closed","sticky":false,"template":"","format":"standard","meta":{"footnotes":""},"categories":[61],"tags":[],"class_list":["post-60395","post","type-post","status-publish","format-standard","has-post-thumbnail","hentry","category-nacional"],"jetpack_featured_media_url":"https:\/\/radiorevelacionfm.cl\/wp-content\/uploads\/2025\/10\/luz-1-1.jpeg","_links":{"self":[{"href":"https:\/\/radiorevelacionfm.cl\/index.php?rest_route=\/wp\/v2\/posts\/60395","targetHints":{"allow":["GET"]}}],"collection":[{"href":"https:\/\/radiorevelacionfm.cl\/index.php?rest_route=\/wp\/v2\/posts"}],"about":[{"href":"https:\/\/radiorevelacionfm.cl\/index.php?rest_route=\/wp\/v2\/types\/post"}],"author":[{"embeddable":true,"href":"https:\/\/radiorevelacionfm.cl\/index.php?rest_route=\/wp\/v2\/users\/1"}],"replies":[{"embeddable":true,"href":"https:\/\/radiorevelacionfm.cl\/index.php?rest_route=%2Fwp%2Fv2%2Fcomments&post=60395"}],"version-history":[{"count":2,"href":"https:\/\/radiorevelacionfm.cl\/index.php?rest_route=\/wp\/v2\/posts\/60395\/revisions"}],"predecessor-version":[{"id":60398,"href":"https:\/\/radiorevelacionfm.cl\/index.php?rest_route=\/wp\/v2\/posts\/60395\/revisions\/60398"}],"wp:featuredmedia":[{"embeddable":true,"href":"https:\/\/radiorevelacionfm.cl\/index.php?rest_route=\/wp\/v2\/media\/60396"}],"wp:attachment":[{"href":"https:\/\/radiorevelacionfm.cl\/index.php?rest_route=%2Fwp%2Fv2%2Fmedia&parent=60395"}],"wp:term":[{"taxonomy":"category","embeddable":true,"href":"https:\/\/radiorevelacionfm.cl\/index.php?rest_route=%2Fwp%2Fv2%2Fcategories&post=60395"},{"taxonomy":"post_tag","embeddable":true,"href":"https:\/\/radiorevelacionfm.cl\/index.php?rest_route=%2Fwp%2Fv2%2Ftags&post=60395"}],"curies":[{"name":"wp","href":"https:\/\/api.w.org\/{rel}","templated":true}]}}