{"id":60391,"date":"2025-10-15T20:12:54","date_gmt":"2025-10-15T23:12:54","guid":{"rendered":"https:\/\/radiorevelacionfm.cl\/?p=60391"},"modified":"2025-10-15T20:12:54","modified_gmt":"2025-10-15T23:12:54","slug":"sandoval-por-problemas-en-eleam-coyhaique-se-pone-en-riesgo-la-atencion-de-personas-mayores-que-tienen-el-legitimo-derecho-de-ser-atendidos-de-manera-eficiente-y-eficaz","status":"publish","type":"post","link":"https:\/\/radiorevelacionfm.cl\/?p=60391","title":{"rendered":"Sandoval por problemas en Eleam Coyhaique: \u201cSe pone en riesgo la atenci\u00f3n de personas mayores que tienen el leg\u00edtimo derecho de ser atendidos de manera eficiente y eficaz\u201d"},"content":{"rendered":"<div class=\"flex_column av_one_full  flex_column_div av-zero-column-padding first  avia-builder-el-0  el_before_av_one_full  avia-builder-el-first  \" style='border-radius:0px; '><div  class='avia-image-container  av-styling-    avia-builder-el-1  avia-builder-el-no-sibling  avia-align-center '  itemprop=\"image\" itemscope=\"itemscope\" itemtype=\"https:\/\/schema.org\/ImageObject\"  ><div class='avia-image-container-inner'><div class='avia-image-overlay-wrap'><img decoding=\"async\" class='wp-image-60392 avia-img-lazy-loading-not-60392 avia_image' src=\"https:\/\/radiorevelacionfm.cl\/wp-content\/uploads\/2025\/10\/ELEAM1-1-1.jpg\" alt='' title='ELEAM1 (1) (1)' height=\"600\" width=\"1067\"  itemprop=\"thumbnailUrl\" srcset=\"https:\/\/radiorevelacionfm.cl\/wp-content\/uploads\/2025\/10\/ELEAM1-1-1.jpg 1067w, https:\/\/radiorevelacionfm.cl\/wp-content\/uploads\/2025\/10\/ELEAM1-1-1-300x169.jpg 300w, https:\/\/radiorevelacionfm.cl\/wp-content\/uploads\/2025\/10\/ELEAM1-1-1-1030x579.jpg 1030w, https:\/\/radiorevelacionfm.cl\/wp-content\/uploads\/2025\/10\/ELEAM1-1-1-768x432.jpg 768w, https:\/\/radiorevelacionfm.cl\/wp-content\/uploads\/2025\/10\/ELEAM1-1-1-705x396.jpg 705w, https:\/\/radiorevelacionfm.cl\/wp-content\/uploads\/2025\/10\/ELEAM1-1-1-450x253.jpg 450w, https:\/\/radiorevelacionfm.cl\/wp-content\/uploads\/2025\/10\/ELEAM1-1-1-600x337.jpg 600w\" sizes=\"(max-width: 1067px) 100vw, 1067px\" \/><\/div><\/div><\/div><\/div><div class=\"flex_column av_one_full  flex_column_div av-zero-column-padding first  avia-builder-el-2  el_after_av_one_full  el_before_av_one_full  column-top-margin\" style='border-radius:0px; '><section class=\"av_textblock_section \"  itemscope=\"itemscope\" itemtype=\"https:\/\/schema.org\/BlogPosting\" itemprop=\"blogPost\" ><div class='avia_textblock  '   itemprop=\"text\" ><p style=\"text-align: center;\"><strong><span style=\"font-size: 18pt;\">Sandoval por problemas en Eleam Coyhaique: \u201cSe pone en riesgo la atenci\u00f3n de personas mayores que tienen el leg\u00edtimo derecho de ser atendidos de manera eficiente y eficaz\u201d<\/span><\/strong><\/p>\n<div id=\"gtx-trans\" style=\"position: absolute; left: -50px; top: 4.31534px;\">\n<div class=\"gtx-trans-icon\"><\/div>\n<\/div>\n<\/div><\/section><\/div><div class=\"flex_column av_one_full  flex_column_div av-zero-column-padding first  avia-builder-el-4  el_after_av_one_full  el_before_av_hr  column-top-margin\" style='border-radius:0px; '><section class=\"av_textblock_section \"  itemscope=\"itemscope\" itemtype=\"https:\/\/schema.org\/BlogPosting\" itemprop=\"blogPost\" ><div class='avia_textblock  '   itemprop=\"text\" ><p style=\"text-align: justify;\"><em>Parlamentario valor\u00f3 disposici\u00f3n de directora nacional del Senama para caducar contrato con entidad que administraba el establecimiento.<\/em><\/p>\n<p style=\"text-align: justify;\">\u201cCon preocupaci\u00f3n hemos tomado conocimiento de las dificultades que est\u00e1 enfrentando el ELEAM de Coyhaique\u201d. As\u00ed lo manifest\u00f3 el senador David Sandoval luego de conocer los numerosos problemas operativos y de funcionamiento del Establecimiento de Larga Estad\u00eda de la capital regional, tema que abord\u00f3 en los \u00faltimos d\u00edas con la directora nacional del Senama, Claudia Asmad.<\/p>\n<p style=\"text-align: justify;\">\u201cAqu\u00ed hay problemas de naturaleza financiera, hay incumplimiento de temas laborales, hay incumplimiento de rendiciones de cuenta y esto no solamente ac\u00e1, es una entidad que tambi\u00e9n tiene dificultad a lo largo del pa\u00eds, tal cual como me lo manifestaba la directora nacional del senama, con quien estuvimos hablando sobre este particular\u201d, explic\u00f3.<\/p>\n<p style=\"text-align: justify;\">En esa l\u00ednea, Sandoval dijo que sin desconocer que esta situaci\u00f3n afecta a los trabajadores del establecimiento, \u201clo m\u00e1s importante es que se pone en riesgo la atenci\u00f3n de personas mayores que est\u00e1n institucionalizados y que requieren y tienen el leg\u00edtimo derecho de ser atendidos de manera eficiente y eficaz\u201d.<\/p>\n<p style=\"text-align: justify;\">El parlamentario entreg\u00f3 otro dato: \u201cHemos tenido tambi\u00e9n conocimiento de ciertos grados de tratos inadecuados hacia los mayores, por lo tanto, aqu\u00ed es urgente, primero que nada, que se establezcan las instancias de fiscalizaci\u00f3n interna\u201d, recordando que \u201caqu\u00ed est\u00e1 el Senama regional, la seremi de Desarrollo Social, que evidentemente tienen que articularse para lograr que estos temas que son tan importantes socialmente, funcionen adecuadamente\u201d.<\/p>\n<p style=\"text-align: justify;\">Con todo, el legislador recalc\u00f3 que no se puede permitir que \u201cen el mes del adulto mayor, en el mes en el que estamos tan preocupados por propiciar normas legales para enfrentar de una manera distinta el tema del envejecimiento, se est\u00e9n produciendo este tipo de situaciones en nuestra regi\u00f3n y particularmente en Coyhaique\u201d.<\/p>\n<p style=\"text-align: justify;\">Por lo mismo, valor\u00f3 la decisi\u00f3n de la directora Asmad, quien dispuso caducar el contrato de la entidad que administraba el Eleam. \u201cLe he exigido a la directora del Senama que esto no puede esperar. Aqu\u00ed est\u00e1 en juego la atenci\u00f3n digna que merecen adultos mayores que est\u00e1n con el derecho y adem\u00e1s con la disposici\u00f3n del Estado de atenderlos de la mejor forma posible\u201d, subray\u00f3.<\/p>\n<\/div><\/section><\/div><div  style='height:50px' class='hr hr-invisible   avia-builder-el-6  el_after_av_one_full  el_before_av_social_share '><span class='hr-inner ' ><span class='hr-inner-style'><\/span><\/span><\/div><\/p>\n<div  class='av-social-sharing-box  avia-builder-el-7  el_after_av_hr  el_before_av_hr  '><div class='av-share-box'><h5 class='av-share-link-description av-no-toc '>Compartir esta noticia<\/h5><ul class='av-share-box-list noLightbox'><li class='av-share-link av-social-link-facebook' ><a target=\"_blank\" aria-label=\"Compartir en Facebook\" href='https:\/\/www.facebook.com\/sharer.php?u=https:\/\/radiorevelacionfm.cl\/?p=60391&#038;t=Sandoval%20por%20problemas%20en%20Eleam%20Coyhaique%3A%20%E2%80%9CSe%20pone%20en%20riesgo%20la%20atenci%C3%B3n%20de%20personas%20mayores%20que%20tienen%20el%20leg%C3%ADtimo%20derecho%20de%20ser%20atendidos%20de%20manera%20eficiente%20y%20eficaz%E2%80%9D' aria-hidden='false' data-av_icon='\ue8f3' data-av_iconfont='entypo-fontello' title='' data-avia-related-tooltip='Compartir en Facebook' rel=\"noopener\"><span class='avia_hidden_link_text'>Compartir en Facebook<\/span><\/a><\/li><li class='av-share-link av-social-link-twitter' ><a target=\"_blank\" aria-label=\"Compartir en Twitter\" href='https:\/\/twitter.com\/share?text=Sandoval%20por%20problemas%20en%20Eleam%20Coyhaique%3A%20%E2%80%9CSe%20pone%20en%20riesgo%20la%20atenci%C3%B3n%20de%20personas%20mayores%20que%20tienen%20el%20leg%C3%ADtimo%20derecho%20de%20ser%20atendidos%20de%20manera%20eficiente%20y%20eficaz%E2%80%9D&#038;url=https:\/\/radiorevelacionfm.cl\/?p=60391' aria-hidden='false' data-av_icon='\ue8f1' data-av_iconfont='entypo-fontello' title='' data-avia-related-tooltip='Compartir en Twitter' rel=\"noopener\"><span class='avia_hidden_link_text'>Compartir en Twitter<\/span><\/a><\/li><li class='av-share-link av-social-link-whatsapp' ><a target=\"_blank\" aria-label=\"Compartir en Whatsapp\" href='https:\/\/api.whatsapp.com\/send?text=https:\/\/radiorevelacionfm.cl\/?p=60391' aria-hidden='false' data-av_icon='\uf232' data-av_iconfont='entypo-fontello' title='' data-avia-related-tooltip='Compartir en Whatsapp' rel=\"noopener\"><span class='avia_hidden_link_text'>Compartir en Whatsapp<\/span><\/a><\/li><li class='av-share-link av-social-link-linkedin' ><a target=\"_blank\" aria-label=\"Compartir en LinkedIn\" href='https:\/\/linkedin.com\/shareArticle?mini=true&#038;title=Sandoval%20por%20problemas%20en%20Eleam%20Coyhaique%3A%20%E2%80%9CSe%20pone%20en%20riesgo%20la%20atenci%C3%B3n%20de%20personas%20mayores%20que%20tienen%20el%20leg%C3%ADtimo%20derecho%20de%20ser%20atendidos%20de%20manera%20eficiente%20y%20eficaz%E2%80%9D&#038;url=https:\/\/radiorevelacionfm.cl\/?p=60391' aria-hidden='false' data-av_icon='\ue8fc' data-av_iconfont='entypo-fontello' title='' data-avia-related-tooltip='Compartir en LinkedIn' rel=\"noopener\"><span class='avia_hidden_link_text'>Compartir en LinkedIn<\/span><\/a><\/li><li class='av-share-link av-social-link-mail' ><a  aria-label=\"Compartir por correo\" href='mailto:?subject=Sandoval%20por%20problemas%20en%20Eleam%20Coyhaique%3A%20%E2%80%9CSe%20pone%20en%20riesgo%20la%20atenci%C3%B3n%20de%20personas%20mayores%20que%20tienen%20el%20leg%C3%ADtimo%20derecho%20de%20ser%20atendidos%20de%20manera%20eficiente%20y%20eficaz%E2%80%9D&#038;body=https:\/\/radiorevelacionfm.cl\/?p=60391' aria-hidden='false' data-av_icon='\ue805' data-av_iconfont='entypo-fontello' title='' data-avia-related-tooltip='Compartir por correo'><span class='avia_hidden_link_text'>Compartir por correo<\/span><\/a><\/li><\/ul><\/div><\/div>\n<div  style='height:50px' class='hr hr-invisible   avia-builder-el-8  el_after_av_social_share  el_before_av_comments_list '><span class='hr-inner ' ><span class='hr-inner-style'><\/span><\/span><\/div>\n<div  class='av-buildercomment  av-blog-meta-html-info-disabled av-blog-meta-tag-disabled  '><\/div>\n","protected":false},"excerpt":{"rendered":"","protected":false},"author":1,"featured_media":60392,"comment_status":"closed","ping_status":"closed","sticky":false,"template":"","format":"standard","meta":{"footnotes":""},"categories":[35],"tags":[],"class_list":["post-60391","post","type-post","status-publish","format-standard","has-post-thumbnail","hentry","category-politica"],"jetpack_featured_media_url":"https:\/\/radiorevelacionfm.cl\/wp-content\/uploads\/2025\/10\/ELEAM1-1-1.jpg","_links":{"self":[{"href":"https:\/\/radiorevelacionfm.cl\/index.php?rest_route=\/wp\/v2\/posts\/60391","targetHints":{"allow":["GET"]}}],"collection":[{"href":"https:\/\/radiorevelacionfm.cl\/index.php?rest_route=\/wp\/v2\/posts"}],"about":[{"href":"https:\/\/radiorevelacionfm.cl\/index.php?rest_route=\/wp\/v2\/types\/post"}],"author":[{"embeddable":true,"href":"https:\/\/radiorevelacionfm.cl\/index.php?rest_route=\/wp\/v2\/users\/1"}],"replies":[{"embeddable":true,"href":"https:\/\/radiorevelacionfm.cl\/index.php?rest_route=%2Fwp%2Fv2%2Fcomments&post=60391"}],"version-history":[{"count":2,"href":"https:\/\/radiorevelacionfm.cl\/index.php?rest_route=\/wp\/v2\/posts\/60391\/revisions"}],"predecessor-version":[{"id":60394,"href":"https:\/\/radiorevelacionfm.cl\/index.php?rest_route=\/wp\/v2\/posts\/60391\/revisions\/60394"}],"wp:featuredmedia":[{"embeddable":true,"href":"https:\/\/radiorevelacionfm.cl\/index.php?rest_route=\/wp\/v2\/media\/60392"}],"wp:attachment":[{"href":"https:\/\/radiorevelacionfm.cl\/index.php?rest_route=%2Fwp%2Fv2%2Fmedia&parent=60391"}],"wp:term":[{"taxonomy":"category","embeddable":true,"href":"https:\/\/radiorevelacionfm.cl\/index.php?rest_route=%2Fwp%2Fv2%2Fcategories&post=60391"},{"taxonomy":"post_tag","embeddable":true,"href":"https:\/\/radiorevelacionfm.cl\/index.php?rest_route=%2Fwp%2Fv2%2Ftags&post=60391"}],"curies":[{"name":"wp","href":"https:\/\/api.w.org\/{rel}","templated":true}]}}