{"id":6039,"date":"2021-07-08T10:48:32","date_gmt":"2021-07-08T13:48:32","guid":{"rendered":"https:\/\/radiorevelacionfm.cl\/?p=6039"},"modified":"2021-07-08T10:48:32","modified_gmt":"2021-07-08T13:48:32","slug":"ampliacion-de-los-programas-de-aislacion-termica-para-aysen-solicitaron-consejeros-al-subsecretario-de-vivienda","status":"publish","type":"post","link":"https:\/\/radiorevelacionfm.cl\/?p=6039","title":{"rendered":"Ampliaci\u00f3n de los programas de aislaci\u00f3n t\u00e9rmica para Ays\u00e9n solicitaron consejeros al subsecretario de Vivienda"},"content":{"rendered":"<div class=\"flex_column av_one_full  flex_column_div av-zero-column-padding first  avia-builder-el-0  el_before_av_one_full  avia-builder-el-first  \" style='border-radius:0px; '><div  class='avia-image-container  av-styling-    avia-builder-el-1  avia-builder-el-no-sibling  avia-align-center '  itemprop=\"image\" itemscope=\"itemscope\" itemtype=\"https:\/\/schema.org\/ImageObject\"  ><div class='avia-image-container-inner'><div class='avia-image-overlay-wrap'><img decoding=\"async\" class='wp-image-6040 avia-img-lazy-loading-not-6040 avia_image' src=\"https:\/\/radiorevelacionfm.cl\/wp-content\/uploads\/2021\/07\/Consejeros_172341-1-1.jpg\" alt='' title='Consejeros_172341 (1) (1)' height=\"600\" width=\"949\"  itemprop=\"thumbnailUrl\" srcset=\"https:\/\/radiorevelacionfm.cl\/wp-content\/uploads\/2021\/07\/Consejeros_172341-1-1.jpg 949w, https:\/\/radiorevelacionfm.cl\/wp-content\/uploads\/2021\/07\/Consejeros_172341-1-1-300x190.jpg 300w, https:\/\/radiorevelacionfm.cl\/wp-content\/uploads\/2021\/07\/Consejeros_172341-1-1-768x486.jpg 768w, https:\/\/radiorevelacionfm.cl\/wp-content\/uploads\/2021\/07\/Consejeros_172341-1-1-705x446.jpg 705w, https:\/\/radiorevelacionfm.cl\/wp-content\/uploads\/2021\/07\/Consejeros_172341-1-1-600x379.jpg 600w\" sizes=\"(max-width: 949px) 100vw, 949px\" \/><\/div><\/div><\/div><\/div>\n<div class=\"flex_column av_one_full  flex_column_div av-zero-column-padding first  avia-builder-el-2  el_after_av_one_full  el_before_av_one_full  column-top-margin\" style='border-radius:0px; '><section class=\"av_textblock_section \"  itemscope=\"itemscope\" itemtype=\"https:\/\/schema.org\/BlogPosting\" itemprop=\"blogPost\" ><div class='avia_textblock  '   itemprop=\"text\" ><p style=\"text-align: center;\"><span style=\"font-size: 18pt;\"><strong>Ampliaci\u00f3n de los programas de aislaci\u00f3n t\u00e9rmica para Ays\u00e9n solicitaron consejeros al subsecretario de Vivienda<\/strong><\/span><\/p>\n<div id=\"gtx-trans\" style=\"position: absolute; left: -50px; top: 4.31534px;\">\n<div class=\"gtx-trans-icon\"><\/div>\n<\/div>\n<\/div><\/section><\/div><div class=\"flex_column av_one_full  flex_column_div av-zero-column-padding first  avia-builder-el-4  el_after_av_one_full  el_before_av_hr  column-top-margin\" style='border-radius:0px; '><section class=\"av_textblock_section \"  itemscope=\"itemscope\" itemtype=\"https:\/\/schema.org\/BlogPosting\" itemprop=\"blogPost\" ><div class='avia_textblock  '   itemprop=\"text\" ><p class=\"v1MsoNormal\" style=\"text-align: justify;\">Avances del convenio de programaci\u00f3n, ampliaci\u00f3n de los programas de aislaci\u00f3n t\u00e9rmica, disponibilidad de suelos para comit\u00e9s habitacionales y regularizaci\u00f3n de autoconstrucciones, entre otros temas, abord\u00f3 la delegaci\u00f3n del Consejo Regional de Ays\u00e9n con el subsecretario de Vivienda, Guillermo Rolando, en la Regi\u00f3n Metropolitana.<\/p>\n<p class=\"v1MsoNormal\" style=\"text-align: justify;\">\u00abUna reuni\u00f3n de trabajo donde hemos tra\u00eddo varias tem\u00e1ticas regionales y, obviamente, esperamos seguir trabajando con el Ministerio para plantear cu\u00e1les son las problem\u00e1ticas que necesitan urgencia. Han quedado varias tareas tanto para nosotros como para el Ministerio, nos ha ofrecido una visita en cuatro semanas y esperamos tener respuestas a varias inquietudes que hemos planteado el d\u00eda de hoy\u00bb, expres\u00f3 el presidente del Consejo, Sergio Gonz\u00e1lez.<\/p>\n<p class=\"v1MsoNormal\" style=\"text-align: justify;\">El presidente de la comisi\u00f3n de Vivienda, Washington Medina, destac\u00f3 los avances del convenio de programaci\u00f3n por 56 mil millones de pesos con financiamiento compartido a seis a\u00f1os y la atenci\u00f3n de nuevas necesidades locales. \u00abEl Convenio de Programaci\u00f3n lleva casi un 45% de avance entre el Ministerio y el Gobierno Regional y hemos propuesto varias cosas que son relevantes para la comuna de Chile Chico: el gran aumento de costo que tiene el consumo de le\u00f1a, poderlo transformar en un apoyo a trav\u00e9s de los proyectos Full Electric, por ejemplo, porque es muy necesario poder bajar y ver otras alternativas de calefacci\u00f3n. Lo segundo, es agilizar los terrenos que est\u00e1n bajo el alero de Bienes Nacionales para que queden a disposici\u00f3n de la regi\u00f3n\u00bb, se\u00f1al\u00f3.<\/p>\n<p class=\"v1MsoNormal\" style=\"text-align: justify;\">Para el consejero Ra\u00fal Rudolphi el aislamiento t\u00e9rmico de las viviendas es prioritario para mejorar disminuir costos en calefacci\u00f3n y reducir niveles de contaminaci\u00f3n.<\/p>\n<p class=\"v1MsoNormal\" style=\"text-align: justify;\">\u00abEs una tremenda noticia, que parte en la regi\u00f3n de Ays\u00e9n. Hace una semana atr\u00e1s el Ministerio de Vivienda incorpora 40 Unidades de Fomento no s\u00f3lo para aislar las viviendas, sino que para recambiar calefactores, o sea, imprime m\u00e1s energ\u00eda para descontaminar nuestras ciudades. Pero eso tiene que extenderse en otras comunas, por eso, una alternativa es Chile Chico, pero tambi\u00e9n el presidente del Consejo se\u00f1alaba c\u00f3mo lo extendemos hacia Puerto Ays\u00e9n, Cochrane, en fin, esa es la mirada que tiene el Consejo Regional\u00bb, subray\u00f3 Ra\u00fal Rudolphi.<\/p>\n<p class=\"v1MsoNormal\" style=\"text-align: justify;\">El consejero Carlos Quintul coincidi\u00f3 en la ampliaci\u00f3n del aislamiento t\u00e9rmico m\u00e1s all\u00e1 de Coyhaique, programas de ampliaci\u00f3n de viviendas y subsidio rural. \u00abNos vamos contentos debido a la importancia que tiene para nuestras familias en la provincia el tema de las viviendas hoy d\u00eda, si bien es cierto, hay muchos programas de viviendas que se est\u00e1n desarrollando en la regi\u00f3n. Por lo mismo, estamos contentos ya que van en pleno beneficio de nuestra gente. As\u00ed es que a seguir avanzando en mejoramiento t\u00e9rmico, en ampliaci\u00f3n de las viviendas y, por supuesto, en los subsidios rurales\u00bb, puntualiz\u00f3.<\/p>\n<p class=\"v1MsoNormal\" style=\"text-align: justify;\">Para el subsecretario, se trat\u00f3 de una presentaci\u00f3n provechosa para clarificar los requerimientos de mayor urgencia para la regi\u00f3n. \u00abSe hace una evaluaci\u00f3n positiva de los programas de mejoramiento t\u00e9rmico en Coyhaique, el programa PDA, pero junto con eso, lo que nos plantean, es ver la posibilidad de replicar el est\u00e1ndar similar en otras comunas de la regi\u00f3n, tambi\u00e9n hablamos de temas de gesti\u00f3n de suelos, se est\u00e1 haciendo gesti\u00f3n de suelo en distintos lugares, por ejemplo, en Chile Chico, en Valle Simpson y en el mismo Coyhaique; tambi\u00e9n en Chile Chico, si es que podemos apoyar alg\u00fan comit\u00e9 con temas t\u00e9rmicos y otros comit\u00e9s que quieren postular a ampliaci\u00f3n. Creemos que es una muy buena etapa de la cartera en la regi\u00f3n, se est\u00e1n haciendo muchos proyectos de construcci\u00f3n de mejoramiento de vivienda y esperamos hacer mucho m\u00e1s en los meses que vienen\u00bb, indic\u00f3 el subsecretario.<\/p>\n<p class=\"v1MsoNormal\" style=\"text-align: justify;\">Los avances en los temas abordados se evaluar\u00e1n dentro de un mes en Coyhaique, en el marco de actividades ya programadas por el subsecretario en la zona.<\/p>\n<\/div><\/section><\/div><\/p>\n<div  style='height:50px' class='hr hr-invisible   avia-builder-el-6  el_after_av_one_full  el_before_av_social_share '><span class='hr-inner ' ><span class='hr-inner-style'><\/span><\/span><\/div>\n<div  class='av-social-sharing-box  avia-builder-el-7  el_after_av_hr  el_before_av_hr  '><div class='av-share-box'><h5 class='av-share-link-description av-no-toc '>Compartir esta noticia<\/h5><ul class='av-share-box-list noLightbox'><li class='av-share-link av-social-link-facebook' ><a target=\"_blank\" aria-label=\"Compartir en Facebook\" href='https:\/\/www.facebook.com\/sharer.php?u=https:\/\/radiorevelacionfm.cl\/?p=6039&#038;t=Ampliaci%C3%B3n%20de%20los%20programas%20de%20aislaci%C3%B3n%20t%C3%A9rmica%20para%20Ays%C3%A9n%20solicitaron%20consejeros%20al%20subsecretario%20de%20Vivienda' aria-hidden='false' data-av_icon='\ue8f3' data-av_iconfont='entypo-fontello' title='' data-avia-related-tooltip='Compartir en Facebook' rel=\"noopener\"><span class='avia_hidden_link_text'>Compartir en Facebook<\/span><\/a><\/li><li class='av-share-link av-social-link-twitter' ><a target=\"_blank\" aria-label=\"Compartir en Twitter\" href='https:\/\/twitter.com\/share?text=Ampliaci%C3%B3n%20de%20los%20programas%20de%20aislaci%C3%B3n%20t%C3%A9rmica%20para%20Ays%C3%A9n%20solicitaron%20consejeros%20al%20subsecretario%20de%20Vivienda&#038;url=https:\/\/radiorevelacionfm.cl\/?p=6039' aria-hidden='false' data-av_icon='\ue8f1' data-av_iconfont='entypo-fontello' title='' data-avia-related-tooltip='Compartir en Twitter' rel=\"noopener\"><span class='avia_hidden_link_text'>Compartir en Twitter<\/span><\/a><\/li><li class='av-share-link av-social-link-whatsapp' ><a target=\"_blank\" aria-label=\"Compartir en Whatsapp\" href='https:\/\/api.whatsapp.com\/send?text=https:\/\/radiorevelacionfm.cl\/?p=6039' aria-hidden='false' data-av_icon='\uf232' data-av_iconfont='entypo-fontello' title='' data-avia-related-tooltip='Compartir en Whatsapp' rel=\"noopener\"><span class='avia_hidden_link_text'>Compartir en Whatsapp<\/span><\/a><\/li><li class='av-share-link av-social-link-linkedin' ><a target=\"_blank\" aria-label=\"Compartir en LinkedIn\" href='https:\/\/linkedin.com\/shareArticle?mini=true&#038;title=Ampliaci%C3%B3n%20de%20los%20programas%20de%20aislaci%C3%B3n%20t%C3%A9rmica%20para%20Ays%C3%A9n%20solicitaron%20consejeros%20al%20subsecretario%20de%20Vivienda&#038;url=https:\/\/radiorevelacionfm.cl\/?p=6039' aria-hidden='false' data-av_icon='\ue8fc' data-av_iconfont='entypo-fontello' title='' data-avia-related-tooltip='Compartir en LinkedIn' rel=\"noopener\"><span class='avia_hidden_link_text'>Compartir en LinkedIn<\/span><\/a><\/li><li class='av-share-link av-social-link-mail' ><a  aria-label=\"Compartir por correo\" href='mailto:?subject=Ampliaci%C3%B3n%20de%20los%20programas%20de%20aislaci%C3%B3n%20t%C3%A9rmica%20para%20Ays%C3%A9n%20solicitaron%20consejeros%20al%20subsecretario%20de%20Vivienda&#038;body=https:\/\/radiorevelacionfm.cl\/?p=6039' aria-hidden='false' data-av_icon='\ue805' data-av_iconfont='entypo-fontello' title='' data-avia-related-tooltip='Compartir por correo'><span class='avia_hidden_link_text'>Compartir por correo<\/span><\/a><\/li><\/ul><\/div><\/div>\n<div  style='height:50px' class='hr hr-invisible   avia-builder-el-8  el_after_av_social_share  el_before_av_comments_list '><span class='hr-inner ' ><span class='hr-inner-style'><\/span><\/span><\/div>\n<div  class='av-buildercomment  av-blog-meta-html-info-disabled av-blog-meta-tag-disabled  '><\/div>\n","protected":false},"excerpt":{"rendered":"","protected":false},"author":1,"featured_media":6040,"comment_status":"open","ping_status":"open","sticky":false,"template":"","format":"standard","meta":{"footnotes":""},"categories":[38],"tags":[],"class_list":["post-6039","post","type-post","status-publish","format-standard","has-post-thumbnail","hentry","category-regional"],"jetpack_featured_media_url":"https:\/\/radiorevelacionfm.cl\/wp-content\/uploads\/2021\/07\/Consejeros_172341-1-1.jpg","_links":{"self":[{"href":"https:\/\/radiorevelacionfm.cl\/index.php?rest_route=\/wp\/v2\/posts\/6039","targetHints":{"allow":["GET"]}}],"collection":[{"href":"https:\/\/radiorevelacionfm.cl\/index.php?rest_route=\/wp\/v2\/posts"}],"about":[{"href":"https:\/\/radiorevelacionfm.cl\/index.php?rest_route=\/wp\/v2\/types\/post"}],"author":[{"embeddable":true,"href":"https:\/\/radiorevelacionfm.cl\/index.php?rest_route=\/wp\/v2\/users\/1"}],"replies":[{"embeddable":true,"href":"https:\/\/radiorevelacionfm.cl\/index.php?rest_route=%2Fwp%2Fv2%2Fcomments&post=6039"}],"version-history":[{"count":2,"href":"https:\/\/radiorevelacionfm.cl\/index.php?rest_route=\/wp\/v2\/posts\/6039\/revisions"}],"predecessor-version":[{"id":6042,"href":"https:\/\/radiorevelacionfm.cl\/index.php?rest_route=\/wp\/v2\/posts\/6039\/revisions\/6042"}],"wp:featuredmedia":[{"embeddable":true,"href":"https:\/\/radiorevelacionfm.cl\/index.php?rest_route=\/wp\/v2\/media\/6040"}],"wp:attachment":[{"href":"https:\/\/radiorevelacionfm.cl\/index.php?rest_route=%2Fwp%2Fv2%2Fmedia&parent=6039"}],"wp:term":[{"taxonomy":"category","embeddable":true,"href":"https:\/\/radiorevelacionfm.cl\/index.php?rest_route=%2Fwp%2Fv2%2Fcategories&post=6039"},{"taxonomy":"post_tag","embeddable":true,"href":"https:\/\/radiorevelacionfm.cl\/index.php?rest_route=%2Fwp%2Fv2%2Ftags&post=6039"}],"curies":[{"name":"wp","href":"https:\/\/api.w.org\/{rel}","templated":true}]}}