{"id":60387,"date":"2025-10-15T19:01:23","date_gmt":"2025-10-15T22:01:23","guid":{"rendered":"https:\/\/radiorevelacionfm.cl\/?p=60387"},"modified":"2025-10-15T19:01:23","modified_gmt":"2025-10-15T22:01:23","slug":"asumio-su-cargo-el-nuevo-fiscal-regional-de-aysen","status":"publish","type":"post","link":"https:\/\/radiorevelacionfm.cl\/?p=60387","title":{"rendered":"Asumi\u00f3 su cargo el nuevo Fiscal Regional de Ays\u00e9n"},"content":{"rendered":"<div class=\"flex_column av_one_full  flex_column_div av-zero-column-padding first  avia-builder-el-0  el_before_av_one_full  avia-builder-el-first  \" style='border-radius:0px; '><div  class='avia-image-container  av-styling-    avia-builder-el-1  avia-builder-el-no-sibling  avia-align-center '  itemprop=\"image\" itemscope=\"itemscope\" itemtype=\"https:\/\/schema.org\/ImageObject\"  ><div class='avia-image-container-inner'><div class='avia-image-overlay-wrap'><img decoding=\"async\" class='wp-image-60388 avia-img-lazy-loading-not-60388 avia_image' src=\"https:\/\/radiorevelacionfm.cl\/wp-content\/uploads\/2025\/10\/WhatsApp-Image-2025-10-14-at-3.27.35-PM-1-1.jpeg\" alt='' title='WhatsApp Image 2025-10-14 at 3.27.35 PM (1) (1)' height=\"600\" width=\"915\"  itemprop=\"thumbnailUrl\" srcset=\"https:\/\/radiorevelacionfm.cl\/wp-content\/uploads\/2025\/10\/WhatsApp-Image-2025-10-14-at-3.27.35-PM-1-1.jpeg 915w, https:\/\/radiorevelacionfm.cl\/wp-content\/uploads\/2025\/10\/WhatsApp-Image-2025-10-14-at-3.27.35-PM-1-1-300x197.jpeg 300w, https:\/\/radiorevelacionfm.cl\/wp-content\/uploads\/2025\/10\/WhatsApp-Image-2025-10-14-at-3.27.35-PM-1-1-768x504.jpeg 768w, https:\/\/radiorevelacionfm.cl\/wp-content\/uploads\/2025\/10\/WhatsApp-Image-2025-10-14-at-3.27.35-PM-1-1-705x462.jpeg 705w, https:\/\/radiorevelacionfm.cl\/wp-content\/uploads\/2025\/10\/WhatsApp-Image-2025-10-14-at-3.27.35-PM-1-1-450x295.jpeg 450w, https:\/\/radiorevelacionfm.cl\/wp-content\/uploads\/2025\/10\/WhatsApp-Image-2025-10-14-at-3.27.35-PM-1-1-600x393.jpeg 600w\" sizes=\"(max-width: 915px) 100vw, 915px\" \/><\/div><\/div><\/div><\/div><div class=\"flex_column av_one_full  flex_column_div av-zero-column-padding first  avia-builder-el-2  el_after_av_one_full  el_before_av_one_full  column-top-margin\" style='border-radius:0px; '><section class=\"av_textblock_section \"  itemscope=\"itemscope\" itemtype=\"https:\/\/schema.org\/BlogPosting\" itemprop=\"blogPost\" ><div class='avia_textblock  '   itemprop=\"text\" ><p style=\"text-align: center;\"><span style=\"font-size: 18pt;\"><b>Asumi\u00f3 su cargo el nuevo Fiscal Regional de Ays\u00e9n<\/b><\/span><\/p>\n<div id=\"gtx-trans\" style=\"position: absolute; left: -50px; top: 4.31534px;\">\n<div class=\"gtx-trans-icon\"><\/div>\n<\/div>\n<\/div><\/section><\/div><div class=\"flex_column av_one_full  flex_column_div av-zero-column-padding first  avia-builder-el-4  el_after_av_one_full  el_before_av_hr  column-top-margin\" style='border-radius:0px; '><section class=\"av_textblock_section \"  itemscope=\"itemscope\" itemtype=\"https:\/\/schema.org\/BlogPosting\" itemprop=\"blogPost\" ><div class='avia_textblock  '   itemprop=\"text\" ><p style=\"font-weight: 400; text-align: justify;\">El martes 14 de octubre asumi\u00f3 como Fiscal Regional de Ays\u00e9n, el abogado Hern\u00e1n Libedinsky Moscovich, quien se desempe\u00f1ar\u00e1 en el cargo durante los pr\u00f3ximos ocho a\u00f1os, seg\u00fan lo establece la Ley Org\u00e1nica Constitucional del Ministerio P\u00fablico. A la ceremonia asisti\u00f3 el Fiscal Nacional, \u00c1ngel Valencia V\u00e1squez.<\/p>\n<p style=\"font-weight: 400; text-align: justify;\">La autoridad asumi\u00f3 como jefe del Ministerio P\u00fablico en Ays\u00e9n, en el marco de un evento realizado en el auditorio del Museo Regional, a la cual asistieron diversas autoridades regionales, polic\u00edas, fiscales, funcionarios y dirigentes vecinales, entre otros. Tambi\u00e9n particip\u00f3 la Camerata Estudiantil del SLEP Ays\u00e9n, quienes aportaron su talento art\u00edstico-cultural para engalanar la ceremonia.<\/p>\n<p style=\"font-weight: 400; text-align: justify;\">FORMACI\u00d3N<\/p>\n<p style=\"font-weight: 400; text-align: justify;\">El Fiscal Libedinsky es abogado de la Universidad de Chile y posee un Mag\u00edster en Derecho Penal otorgado conjuntamente por la Universidad de Talca y la Universidad Pompeu Fabra de Barcelona.<\/p>\n<p style=\"font-weight: 400; text-align: justify;\">Asimismo, cuenta con 24 a\u00f1os de trayectoria en el Ministerio P\u00fablico, donde ha ejercido como abogado asesor en la Fiscal\u00eda Regional de Coquimbo; fiscal adjunto Jefe de Punta Arenas; fiscal adjunto de Delitos Econ\u00f3micos y Funcionarios en la Fiscal\u00eda Regional Metropolitana Centro Norte; abogado asesor en la Unidad de Asesor\u00eda Jur\u00eddica de la Fiscal\u00eda Nacional; y, previo a asumir como Fiscal Regional de Ays\u00e9n, se desempe\u00f1aba como abogado asesor en la Unidad Especializada Anticorrupci\u00f3n, Lavado de Activos y Probidad Interna en la Fiscal\u00eda Nacional.<\/p>\n<p style=\"font-weight: 400; text-align: justify;\">En el \u00e1mbito acad\u00e9mico, tambi\u00e9n se desempe\u00f1\u00f3 como profesor adjunto de Derecho Penal en la Facultad de Derecho de la Universidad Santo Tom\u00e1s, sede Santiago, por m\u00e1s de 15 a\u00f1os.<\/p>\n<\/div><\/section><\/div><div  style='height:50px' class='hr hr-invisible   avia-builder-el-6  el_after_av_one_full  el_before_av_social_share '><span class='hr-inner ' ><span class='hr-inner-style'><\/span><\/span><\/div><\/p>\n<div  class='av-social-sharing-box  avia-builder-el-7  el_after_av_hr  el_before_av_hr  '><div class='av-share-box'><h5 class='av-share-link-description av-no-toc '>Compartir esta noticia<\/h5><ul class='av-share-box-list noLightbox'><li class='av-share-link av-social-link-facebook' ><a target=\"_blank\" aria-label=\"Compartir en Facebook\" href='https:\/\/www.facebook.com\/sharer.php?u=https:\/\/radiorevelacionfm.cl\/?p=60387&#038;t=Asumi%C3%B3%20su%20cargo%20el%20nuevo%20Fiscal%20Regional%20de%20Ays%C3%A9n' aria-hidden='false' data-av_icon='\ue8f3' data-av_iconfont='entypo-fontello' title='' data-avia-related-tooltip='Compartir en Facebook' rel=\"noopener\"><span class='avia_hidden_link_text'>Compartir en Facebook<\/span><\/a><\/li><li class='av-share-link av-social-link-twitter' ><a target=\"_blank\" aria-label=\"Compartir en Twitter\" href='https:\/\/twitter.com\/share?text=Asumi%C3%B3%20su%20cargo%20el%20nuevo%20Fiscal%20Regional%20de%20Ays%C3%A9n&#038;url=https:\/\/radiorevelacionfm.cl\/?p=60387' aria-hidden='false' data-av_icon='\ue8f1' data-av_iconfont='entypo-fontello' title='' data-avia-related-tooltip='Compartir en Twitter' rel=\"noopener\"><span class='avia_hidden_link_text'>Compartir en Twitter<\/span><\/a><\/li><li class='av-share-link av-social-link-whatsapp' ><a target=\"_blank\" aria-label=\"Compartir en Whatsapp\" href='https:\/\/api.whatsapp.com\/send?text=https:\/\/radiorevelacionfm.cl\/?p=60387' aria-hidden='false' data-av_icon='\uf232' data-av_iconfont='entypo-fontello' title='' data-avia-related-tooltip='Compartir en Whatsapp' rel=\"noopener\"><span class='avia_hidden_link_text'>Compartir en Whatsapp<\/span><\/a><\/li><li class='av-share-link av-social-link-linkedin' ><a target=\"_blank\" aria-label=\"Compartir en LinkedIn\" href='https:\/\/linkedin.com\/shareArticle?mini=true&#038;title=Asumi%C3%B3%20su%20cargo%20el%20nuevo%20Fiscal%20Regional%20de%20Ays%C3%A9n&#038;url=https:\/\/radiorevelacionfm.cl\/?p=60387' aria-hidden='false' data-av_icon='\ue8fc' data-av_iconfont='entypo-fontello' title='' data-avia-related-tooltip='Compartir en LinkedIn' rel=\"noopener\"><span class='avia_hidden_link_text'>Compartir en LinkedIn<\/span><\/a><\/li><li class='av-share-link av-social-link-mail' ><a  aria-label=\"Compartir por correo\" href='mailto:?subject=Asumi%C3%B3%20su%20cargo%20el%20nuevo%20Fiscal%20Regional%20de%20Ays%C3%A9n&#038;body=https:\/\/radiorevelacionfm.cl\/?p=60387' aria-hidden='false' data-av_icon='\ue805' data-av_iconfont='entypo-fontello' title='' data-avia-related-tooltip='Compartir por correo'><span class='avia_hidden_link_text'>Compartir por correo<\/span><\/a><\/li><\/ul><\/div><\/div>\n<div  style='height:50px' class='hr hr-invisible   avia-builder-el-8  el_after_av_social_share  el_before_av_comments_list '><span class='hr-inner ' ><span class='hr-inner-style'><\/span><\/span><\/div>\n<div  class='av-buildercomment  av-blog-meta-html-info-disabled av-blog-meta-tag-disabled  '><\/div>\n","protected":false},"excerpt":{"rendered":"","protected":false},"author":1,"featured_media":60388,"comment_status":"closed","ping_status":"closed","sticky":false,"template":"","format":"standard","meta":{"footnotes":""},"categories":[55],"tags":[],"class_list":["post-60387","post","type-post","status-publish","format-standard","has-post-thumbnail","hentry","category-justicia"],"jetpack_featured_media_url":"https:\/\/radiorevelacionfm.cl\/wp-content\/uploads\/2025\/10\/WhatsApp-Image-2025-10-14-at-3.27.35-PM-1-1.jpeg","_links":{"self":[{"href":"https:\/\/radiorevelacionfm.cl\/index.php?rest_route=\/wp\/v2\/posts\/60387","targetHints":{"allow":["GET"]}}],"collection":[{"href":"https:\/\/radiorevelacionfm.cl\/index.php?rest_route=\/wp\/v2\/posts"}],"about":[{"href":"https:\/\/radiorevelacionfm.cl\/index.php?rest_route=\/wp\/v2\/types\/post"}],"author":[{"embeddable":true,"href":"https:\/\/radiorevelacionfm.cl\/index.php?rest_route=\/wp\/v2\/users\/1"}],"replies":[{"embeddable":true,"href":"https:\/\/radiorevelacionfm.cl\/index.php?rest_route=%2Fwp%2Fv2%2Fcomments&post=60387"}],"version-history":[{"count":2,"href":"https:\/\/radiorevelacionfm.cl\/index.php?rest_route=\/wp\/v2\/posts\/60387\/revisions"}],"predecessor-version":[{"id":60390,"href":"https:\/\/radiorevelacionfm.cl\/index.php?rest_route=\/wp\/v2\/posts\/60387\/revisions\/60390"}],"wp:featuredmedia":[{"embeddable":true,"href":"https:\/\/radiorevelacionfm.cl\/index.php?rest_route=\/wp\/v2\/media\/60388"}],"wp:attachment":[{"href":"https:\/\/radiorevelacionfm.cl\/index.php?rest_route=%2Fwp%2Fv2%2Fmedia&parent=60387"}],"wp:term":[{"taxonomy":"category","embeddable":true,"href":"https:\/\/radiorevelacionfm.cl\/index.php?rest_route=%2Fwp%2Fv2%2Fcategories&post=60387"},{"taxonomy":"post_tag","embeddable":true,"href":"https:\/\/radiorevelacionfm.cl\/index.php?rest_route=%2Fwp%2Fv2%2Ftags&post=60387"}],"curies":[{"name":"wp","href":"https:\/\/api.w.org\/{rel}","templated":true}]}}